{"id":74,"name":"Eduardo Enr\u00edquez Ar\u00e9valo","url":"","description":"Candidato a Doctor en Estudios Latinoamericanos por la Universidad Andina Sim\u00f3n Bol\u00edvar-Sede Ecuador, Mag\u00edster en Sociolog\u00eda por FLACSO-Ecuador y Soci\u00f3logo con Menci\u00f3n en Ciencia Pol\u00edtica por la PUCE. Sus investigaciones giran en torno a ideolog\u00eda, participaci\u00f3n y movilizaci\u00f3n socio-pol\u00edtica, partidos pol\u00edticos, relaci\u00f3n entre estado y sociedad, y democratizaci\u00f3n.","link":"https:\/\/opcions.ec\/portal\/author\/autoredue\/","slug":"autoredue","avatar_urls":{"24":"https:\/\/secure.gravatar.com\/avatar\/896866e9848c79c8e596ab59896d5011?s=24&d=mm&r=g","48":"https:\/\/secure.gravatar.com\/avatar\/896866e9848c79c8e596ab59896d5011?s=48&d=mm&r=g","96":"https:\/\/secure.gravatar.com\/avatar\/896866e9848c79c8e596ab59896d5011?s=96&d=mm&r=g"},"meta":[],"yoast_head":"<!-- This site is optimized with the Yoast SEO plugin v14.3 - https:\/\/yoast.com\/wordpress\/plugins\/seo\/ -->\n<title>Eduardo Enr\u00edquez Ar\u00e9valo, autor en Opci&oacute;n S<\/title>\n<meta name=\"robots\" content=\"index, follow\" \/>\n<meta name=\"googlebot\" content=\"index, follow, max-snippet:-1, max-image-preview:large, max-video-preview:-1\" \/>\n<meta name=\"bingbot\" content=\"index, follow, max-snippet:-1, max-image-preview:large, max-video-preview:-1\" \/>\n<link rel=\"canonical\" href=\"https:\/\/opcions.ec\/portal\/author\/autoredue\/\" \/>\n<meta property=\"og:locale\" content=\"es_ES\" \/>\n<meta property=\"og:type\" content=\"profile\" \/>\n<meta property=\"og:title\" content=\"Eduardo Enr\u00edquez Ar\u00e9valo, autor en Opci&oacute;n S\" \/>\n<meta property=\"og:url\" content=\"https:\/\/opcions.ec\/portal\/author\/autoredue\/\" \/>\n<meta property=\"og:site_name\" content=\"Opci&oacute;n S\" \/>\n<meta property=\"og:image\" content=\"https:\/\/secure.gravatar.com\/avatar\/896866e9848c79c8e596ab59896d5011?s=500&#038;d=mm&#038;r=g\" \/>\n<meta name=\"twitter:card\" content=\"summary_large_image\" \/>\n<script type=\"application\/ld+json\" class=\"yoast-schema-graph\">{\"@context\":\"https:\/\/schema.org\",\"@graph\":[{\"@type\":\"WebSite\",\"@id\":\"https:\/\/opcions.ec\/portal\/#website\",\"url\":\"https:\/\/opcions.ec\/portal\/\",\"name\":\"Opci&oacute;n S\",\"description\":\"\",\"potentialAction\":[{\"@type\":\"SearchAction\",\"target\":\"https:\/\/opcions.ec\/portal\/?s={search_term_string}\",\"query-input\":\"required name=search_term_string\"}],\"inLanguage\":\"es\"},{\"@type\":\"ProfilePage\",\"@id\":\"https:\/\/opcions.ec\/portal\/author\/autoredue\/#webpage\",\"url\":\"https:\/\/opcions.ec\/portal\/author\/autoredue\/\",\"name\":\"Eduardo Enr\\u00edquez Ar\\u00e9valo, autor en Opci&oacute;n S\",\"isPartOf\":{\"@id\":\"https:\/\/opcions.ec\/portal\/#website\"},\"breadcrumb\":{\"@id\":\"https:\/\/opcions.ec\/portal\/author\/autoredue\/#breadcrumb\"},\"inLanguage\":\"es\"},{\"@type\":\"BreadcrumbList\",\"@id\":\"https:\/\/opcions.ec\/portal\/author\/autoredue\/#breadcrumb\",\"itemListElement\":[{\"@type\":\"ListItem\",\"position\":1,\"item\":{\"@type\":\"WebPage\",\"@id\":\"https:\/\/opcions.ec\/portal\/\",\"url\":\"https:\/\/opcions.ec\/portal\/\",\"name\":\"Portada\"}},{\"@type\":\"ListItem\",\"position\":2,\"item\":{\"@type\":\"WebPage\",\"@id\":\"https:\/\/opcions.ec\/portal\/author\/autoredue\/\",\"url\":\"https:\/\/opcions.ec\/portal\/author\/autoredue\/\",\"name\":\"Archivo de Eduardo Enr\\u00edquez Ar\\u00e9valo\"}}]},{\"@type\":[\"Person\"],\"@id\":\"https:\/\/opcions.ec\/portal\/#\/schema\/person\/20e912817afe61e060a1aa6621c477d2\",\"name\":\"Eduardo Enr\\u00edquez Ar\\u00e9valo\",\"image\":{\"@type\":\"ImageObject\",\"@id\":\"https:\/\/opcions.ec\/portal\/#personlogo\",\"inLanguage\":\"es\",\"url\":\"https:\/\/secure.gravatar.com\/avatar\/896866e9848c79c8e596ab59896d5011?s=96&d=mm&r=g\",\"caption\":\"Eduardo Enr\\u00edquez Ar\\u00e9valo\"},\"description\":\"Candidato a Doctor en Estudios Latinoamericanos por la Universidad Andina Sim\\u00f3n Bol\\u00edvar-Sede Ecuador, Mag\\u00edster en Sociolog\\u00eda por FLACSO-Ecuador y Soci\\u00f3logo con Menci\\u00f3n en Ciencia Pol\\u00edtica por la PUCE. Sus investigaciones giran en torno a ideolog\\u00eda, participaci\\u00f3n y movilizaci\\u00f3n socio-pol\\u00edtica, partidos pol\\u00edticos, relaci\\u00f3n entre estado y sociedad, y democratizaci\\u00f3n.\",\"mainEntityOfPage\":{\"@id\":\"https:\/\/opcions.ec\/portal\/author\/autoredue\/#webpage\"}}]}<\/script>\n<!-- \/ Yoast SEO plugin. -->","_links":{"self":[{"href":"https:\/\/opcions.ec\/portal\/wp-json\/wp\/v2\/users\/74"}],"collection":[{"href":"https:\/\/opcions.ec\/portal\/wp-json\/wp\/v2\/users"}]}}