{"id":73,"name":"Pacha Ter\u00e1n","url":"","description":"Dirigente nacional ind\u00edgena perteneciente a la comunidad de Peguche. Ha coordinado la resistencia de las escuelas biling\u00fces contra la \"hispanizaci\u00f3n\".  Sus estudios de pregrado los realiz\u00f3 en gesti\u00f3n y desarrollo local. Tiene un diplomado en g\u00e9nero y desarrollo. Actualmente es maestrante en Gesti\u00f3n Integrada de los Recursos Hidricos y el Riego en la Universidad Central del Ecuador.","link":"https:\/\/opcions.ec\/portal\/author\/autorapacha\/","slug":"autorapacha","avatar_urls":{"24":"https:\/\/secure.gravatar.com\/avatar\/f6bfe24c995d2e4d8725a3de8f112d60?s=24&d=mm&r=g","48":"https:\/\/secure.gravatar.com\/avatar\/f6bfe24c995d2e4d8725a3de8f112d60?s=48&d=mm&r=g","96":"https:\/\/secure.gravatar.com\/avatar\/f6bfe24c995d2e4d8725a3de8f112d60?s=96&d=mm&r=g"},"meta":[],"yoast_head":"<!-- This site is optimized with the Yoast SEO plugin v14.3 - https:\/\/yoast.com\/wordpress\/plugins\/seo\/ -->\n<title>Pacha Ter\u00e1n, autor en Opci&oacute;n S<\/title>\n<meta name=\"robots\" content=\"index, follow\" \/>\n<meta name=\"googlebot\" content=\"index, follow, max-snippet:-1, max-image-preview:large, max-video-preview:-1\" \/>\n<meta name=\"bingbot\" content=\"index, follow, max-snippet:-1, max-image-preview:large, max-video-preview:-1\" \/>\n<link rel=\"canonical\" href=\"https:\/\/opcions.ec\/portal\/author\/autorapacha\/\" \/>\n<meta property=\"og:locale\" content=\"es_ES\" \/>\n<meta property=\"og:type\" content=\"profile\" \/>\n<meta property=\"og:title\" content=\"Pacha Ter\u00e1n, autor en Opci&oacute;n S\" \/>\n<meta property=\"og:url\" content=\"https:\/\/opcions.ec\/portal\/author\/autorapacha\/\" \/>\n<meta property=\"og:site_name\" content=\"Opci&oacute;n S\" \/>\n<meta property=\"og:image\" content=\"https:\/\/secure.gravatar.com\/avatar\/f6bfe24c995d2e4d8725a3de8f112d60?s=500&#038;d=mm&#038;r=g\" \/>\n<meta name=\"twitter:card\" content=\"summary_large_image\" \/>\n<script type=\"application\/ld+json\" class=\"yoast-schema-graph\">{\"@context\":\"https:\/\/schema.org\",\"@graph\":[{\"@type\":\"WebSite\",\"@id\":\"https:\/\/opcions.ec\/portal\/#website\",\"url\":\"https:\/\/opcions.ec\/portal\/\",\"name\":\"Opci&oacute;n S\",\"description\":\"\",\"potentialAction\":[{\"@type\":\"SearchAction\",\"target\":\"https:\/\/opcions.ec\/portal\/?s={search_term_string}\",\"query-input\":\"required name=search_term_string\"}],\"inLanguage\":\"es\"},{\"@type\":\"ProfilePage\",\"@id\":\"https:\/\/opcions.ec\/portal\/author\/autorapacha\/#webpage\",\"url\":\"https:\/\/opcions.ec\/portal\/author\/autorapacha\/\",\"name\":\"Pacha Ter\\u00e1n, autor en Opci&oacute;n S\",\"isPartOf\":{\"@id\":\"https:\/\/opcions.ec\/portal\/#website\"},\"breadcrumb\":{\"@id\":\"https:\/\/opcions.ec\/portal\/author\/autorapacha\/#breadcrumb\"},\"inLanguage\":\"es\"},{\"@type\":\"BreadcrumbList\",\"@id\":\"https:\/\/opcions.ec\/portal\/author\/autorapacha\/#breadcrumb\",\"itemListElement\":[{\"@type\":\"ListItem\",\"position\":1,\"item\":{\"@type\":\"WebPage\",\"@id\":\"https:\/\/opcions.ec\/portal\/\",\"url\":\"https:\/\/opcions.ec\/portal\/\",\"name\":\"Portada\"}},{\"@type\":\"ListItem\",\"position\":2,\"item\":{\"@type\":\"WebPage\",\"@id\":\"https:\/\/opcions.ec\/portal\/author\/autorapacha\/\",\"url\":\"https:\/\/opcions.ec\/portal\/author\/autorapacha\/\",\"name\":\"Archivo de Pacha Ter\\u00e1n\"}}]},{\"@type\":[\"Person\"],\"@id\":\"https:\/\/opcions.ec\/portal\/#\/schema\/person\/2a244be2a5c8f71804dd7aa6bf399ba9\",\"name\":\"Pacha Ter\\u00e1n\",\"image\":{\"@type\":\"ImageObject\",\"@id\":\"https:\/\/opcions.ec\/portal\/#personlogo\",\"inLanguage\":\"es\",\"url\":\"https:\/\/secure.gravatar.com\/avatar\/f6bfe24c995d2e4d8725a3de8f112d60?s=96&d=mm&r=g\",\"caption\":\"Pacha Ter\\u00e1n\"},\"description\":\"Dirigente nacional ind\\u00edgena perteneciente a la comunidad de Peguche. Ha coordinado la resistencia de las escuelas biling\\u00fces contra la \\\"hispanizaci\\u00f3n\\\". Sus estudios de pregrado los realiz\\u00f3 en gesti\\u00f3n y desarrollo local. Tiene un diplomado en g\\u00e9nero y desarrollo. Actualmente es maestrante en Gesti\\u00f3n Integrada de los Recursos Hidricos y el Riego en la Universidad Central del Ecuador.\",\"mainEntityOfPage\":{\"@id\":\"https:\/\/opcions.ec\/portal\/author\/autorapacha\/#webpage\"}}]}<\/script>\n<!-- \/ Yoast SEO plugin. -->","_links":{"self":[{"href":"https:\/\/opcions.ec\/portal\/wp-json\/wp\/v2\/users\/73"}],"collection":[{"href":"https:\/\/opcions.ec\/portal\/wp-json\/wp\/v2\/users"}]}}