{"id":30,"name":"Dayana Le\u00f3n","url":"","description":"Periodista por la Universidad de La Habana con Maestr\u00eda en Ciencias Sociales, menci\u00f3n en G\u00e9nero y Desarrollo, otorgada por la Facultad Latinoamericana de Ciencias Sociales (FLACSO), sede Ecuador. Ex Asesora Electoral, consultora en comunicaci\u00f3n, democracia y g\u00e9nero.\r\n\r\nEjerce la c\u00e1tedra universitaria, ponente en eventos nacionales e internacionales como el Women Economic Forum, observadora electoral internacional, columnista en medios nacionales e internacionales y gestora de proyectos de cooperaci\u00f3n para el desarrollo. Es integrante de la Red de Mujeres L\u00edderes de las Am\u00e9ricas y Editora de la Secci\u00f3n de Redes Sociales en la Revista Protest.\r\n\r\nwww.dayanaleonfranco.com","link":"https:\/\/opcions.ec\/portal\/author\/autordayana\/","slug":"autordayana","avatar_urls":{"24":"https:\/\/opcions.ec\/portal\/wp-content\/uploads\/2021\/05\/WhatsApp-Image-2021-05-20-at-10.52.39-PM.jpeg","48":"https:\/\/opcions.ec\/portal\/wp-content\/uploads\/2021\/05\/WhatsApp-Image-2021-05-20-at-10.52.39-PM.jpeg","96":"https:\/\/opcions.ec\/portal\/wp-content\/uploads\/2021\/05\/WhatsApp-Image-2021-05-20-at-10.52.39-PM.jpeg"},"meta":[],"yoast_head":"<!-- This site is optimized with the Yoast SEO plugin v14.3 - https:\/\/yoast.com\/wordpress\/plugins\/seo\/ -->\n<title>Dayana Le\u00f3n, autor en Opci&oacute;n S<\/title>\n<meta name=\"robots\" content=\"index, follow\" \/>\n<meta name=\"googlebot\" content=\"index, follow, max-snippet:-1, max-image-preview:large, max-video-preview:-1\" \/>\n<meta name=\"bingbot\" content=\"index, follow, max-snippet:-1, max-image-preview:large, max-video-preview:-1\" \/>\n<link rel=\"canonical\" href=\"https:\/\/opcions.ec\/portal\/author\/autordayana\/\" \/>\n<meta property=\"og:locale\" content=\"es_ES\" \/>\n<meta property=\"og:type\" content=\"profile\" \/>\n<meta property=\"og:title\" content=\"Dayana Le\u00f3n, autor en Opci&oacute;n S\" \/>\n<meta property=\"og:url\" content=\"https:\/\/opcions.ec\/portal\/author\/autordayana\/\" \/>\n<meta property=\"og:site_name\" content=\"Opci&oacute;n S\" \/>\n<meta property=\"og:image\" content=\"https:\/\/opcions.ec\/portal\/wp-content\/uploads\/2021\/05\/WhatsApp-Image-2021-05-20-at-10.52.39-PM.jpeg\" \/>\n<meta name=\"twitter:card\" content=\"summary_large_image\" \/>\n<script type=\"application\/ld+json\" class=\"yoast-schema-graph\">{\"@context\":\"https:\/\/schema.org\",\"@graph\":[{\"@type\":\"WebSite\",\"@id\":\"https:\/\/opcions.ec\/portal\/#website\",\"url\":\"https:\/\/opcions.ec\/portal\/\",\"name\":\"Opci&oacute;n S\",\"description\":\"\",\"potentialAction\":[{\"@type\":\"SearchAction\",\"target\":\"https:\/\/opcions.ec\/portal\/?s={search_term_string}\",\"query-input\":\"required name=search_term_string\"}],\"inLanguage\":\"es\"},{\"@type\":\"ProfilePage\",\"@id\":\"https:\/\/opcions.ec\/portal\/author\/autordayana\/#webpage\",\"url\":\"https:\/\/opcions.ec\/portal\/author\/autordayana\/\",\"name\":\"Dayana Le\\u00f3n, autor en Opci&oacute;n S\",\"isPartOf\":{\"@id\":\"https:\/\/opcions.ec\/portal\/#website\"},\"breadcrumb\":{\"@id\":\"https:\/\/opcions.ec\/portal\/author\/autordayana\/#breadcrumb\"},\"inLanguage\":\"es\"},{\"@type\":\"BreadcrumbList\",\"@id\":\"https:\/\/opcions.ec\/portal\/author\/autordayana\/#breadcrumb\",\"itemListElement\":[{\"@type\":\"ListItem\",\"position\":1,\"item\":{\"@type\":\"WebPage\",\"@id\":\"https:\/\/opcions.ec\/portal\/\",\"url\":\"https:\/\/opcions.ec\/portal\/\",\"name\":\"Portada\"}},{\"@type\":\"ListItem\",\"position\":2,\"item\":{\"@type\":\"WebPage\",\"@id\":\"https:\/\/opcions.ec\/portal\/author\/autordayana\/\",\"url\":\"https:\/\/opcions.ec\/portal\/author\/autordayana\/\",\"name\":\"Archivo de Dayana Le\\u00f3n\"}}]},{\"@type\":[\"Person\"],\"@id\":\"https:\/\/opcions.ec\/portal\/#\/schema\/person\/615cc8db13675328db74b86f6c0b9279\",\"name\":\"Dayana Le\\u00f3n\",\"image\":{\"@type\":\"ImageObject\",\"@id\":\"https:\/\/opcions.ec\/portal\/#personlogo\",\"inLanguage\":\"es\",\"url\":\"https:\/\/opcions.ec\/portal\/wp-content\/uploads\/2021\/05\/WhatsApp-Image-2021-05-20-at-10.52.39-PM.jpeg\",\"caption\":\"Dayana Le\\u00f3n\"},\"description\":\"Periodista por la Universidad de La Habana con Maestr\\u00eda en Ciencias Sociales, menci\\u00f3n en G\\u00e9nero y Desarrollo, otorgada por la Facultad Latinoamericana de Ciencias Sociales (FLACSO), sede Ecuador. Ex Asesora Electoral, consultora en comunicaci\\u00f3n, democracia y g\\u00e9nero. Ejerce la c\\u00e1tedra universitaria, ponente en eventos nacionales e internacionales como el Women Economic Forum, observadora electoral internacional, columnista en medios nacionales e internacionales y gestora de proyectos de cooperaci\\u00f3n para el desarrollo. Es integrante de la Red de Mujeres L\\u00edderes de las Am\\u00e9ricas y Editora de la Secci\\u00f3n de Redes Sociales en la Revista Protest. www.dayanaleonfranco.com\",\"mainEntityOfPage\":{\"@id\":\"https:\/\/opcions.ec\/portal\/author\/autordayana\/#webpage\"}}]}<\/script>\n<!-- \/ Yoast SEO plugin. -->","_links":{"self":[{"href":"https:\/\/opcions.ec\/portal\/wp-json\/wp\/v2\/users\/30"}],"collection":[{"href":"https:\/\/opcions.ec\/portal\/wp-json\/wp\/v2\/users"}]}}