{"id":7612,"date":"2025-10-07T23:16:29","date_gmt":"2025-10-07T23:16:29","guid":{"rendered":"https:\/\/opcions.ec\/portal\/?p=7612"},"modified":"2025-10-07T23:16:31","modified_gmt":"2025-10-07T23:16:31","slug":"dia-de-la-ansiedad-social-una-lucha-por-nuestra-autonomia-emocional","status":"publish","type":"post","link":"https:\/\/opcions.ec\/portal\/2025\/10\/07\/dia-de-la-ansiedad-social-una-lucha-por-nuestra-autonomia-emocional\/","title":{"rendered":"D\u00eda de la Ansiedad Social: Una lucha por nuestra autonom\u00eda emocional"},"content":{"rendered":"\n<p>Para quienes hemos experimentado ansiedad social en alg\u00fan momento de nuestra vida, el 1 de octubre es una fecha significativa. Este d\u00eda visibiliza una forma de relacionarnos con los dem\u00e1s, que lejos de ser una simple timidez, ha limitado profundamente nuestras vidas y nos ha privado de la autonom\u00eda emocional necesaria para vivir con plenitud.<\/p>\n\n\n\n<p>A\u00fan hoy, la ansiedad social, tambi\u00e9n conocida como fobia social, sigue siendo poco comprendida por la sociedad. A menudo se la percibe como un rasgo vergonzoso y menor de la personalidad que no merece mayor atenci\u00f3n. Sin embargo, quienes la padecemos sabemos que sus consecuencias van mucho m\u00e1s all\u00e1.<\/p>\n\n\n\n<p>La ansiedad social se define como un trastorno de salud mental caracterizado por un miedo intenso a ser juzgado, criticado o rechazado en situaciones sociales. Este temor puede manifestarse a trav\u00e9s de s\u00edntomas como sonrojo, sudoraci\u00f3n en las manos, taquicardia, temblor en la voz, cefalea, introversi\u00f3n, pensamientos catastr\u00f3ficos, autocr\u00edtica extrema e incluso ideaci\u00f3n suicida. No obstante, considero que la ansiedad social trasciende esta definici\u00f3n cl\u00ednica, ya que tiene un componente profundamente pol\u00edtico.<\/p>\n\n\n\n<p>Con esto me refiero a que la ansiedad social no es solo un trastorno, sino una construcci\u00f3n de la identidad personal marcada por una percepci\u00f3n de inadecuaci\u00f3n y una dependencia excesiva del juicio externo. Esta condici\u00f3n suele originarse en v\u00ednculos afectivos deficientes durante la ni\u00f1ez, un apego inseguro y un entorno cultural obsesionado con la imagen y el \u00e9xito. En la adolescencia, estas din\u00e1micas nos dejan muy vulnerables, sin herramientas para enfrentar situaciones estresantes o amenazantes.<\/p>\n\n\n\n<p>En mi caso, viv\u00ed una adolescencia y una etapa universitaria marcadas por el sufrimiento y la incapacidad de desarrollar autonom\u00eda frente a los dem\u00e1s. Hasta el d\u00eda de hoy, en ciertos contextos, sigo lidiando con el deseo de pertenencia, validaci\u00f3n y complacencia, as\u00ed como con una constante sensaci\u00f3n de estar siendo evaluado. Esto me ha llevado a actuar en \u00abpiloto autom\u00e1tico\u00bb, desconect\u00e1ndome emocionalmente, lo que representa una enorme barrera para vivir con mayor libertad y bienestar.<\/p>\n\n\n\n<p>Este desequilibrio entre la autonom\u00eda emocional y la necesidad de aceptaci\u00f3n ha generado en m\u00ed una narrativa personal r\u00edgida. Me cuestiono constantemente mi capacidad para lograr metas, sinti\u00e9ndome siempre insuficiente. Esto resulta en evitar situaciones, inseguridad creciente y una baja autoestima que me termina desmotivando.<\/p>\n\n\n\n<p>Desde ser un buen hijo, un buen estudiante, un buen deportista, un buen profesional, una buena pareja, un buen conductor o un buen padre, he sentido en muchas ocasiones la necesidad de evitar o esconderme ante los desaf\u00edos, renunciando a oportunidades por el miedo a no estar a la altura de las expectativas de los dem\u00e1s.<\/p>\n\n\n\n<p>Por ello, la lucha de quienes vivimos con ansiedad social, es b\u00e1sicamente una b\u00fasqueda de autonom\u00eda emocional. Esto implica transformar la narrativa que construimos desde la infancia, que alguna vez pudo servirnos como protecci\u00f3n, pero que con el tiempo se convirti\u00f3 en una carga. Es necesario avanzar hacia una mayor flexibilidad y abrirnos a nuevas formas de ver el mundo.<\/p>\n\n\n\n<p>Como se\u00f1ala Bren\u00e9 Brown, tambi\u00e9n se trata de aceptar nuestra vulnerabilidad en lugar de ocultarla, como hist\u00f3ricamente se nos ha ense\u00f1ado, especialmente a los hombres. Tener el coraje de ser amables con nosotros mismos, practicando la empat\u00eda y la autocompasi\u00f3n, puede ayudarnos a reducir la verg\u00fcenza que surge del temor a no conectar con los dem\u00e1s.<\/p>\n\n\n\n<p>Sin embargo, esta lucha personal debe ir acompa\u00f1ada de un cambio colectivo. Necesitamos construir sociedades que dejen atr\u00e1s la obsesi\u00f3n por el \u00e9xito, la imagen, la competencia y la dominaci\u00f3n, herencias de una masculinidad insostenible que, a trav\u00e9s de la burla, el insulto y la exclusi\u00f3n, agrava el sufrimiento de quienes somos m\u00e1s vulnerables al juicio externo.<\/p>\n\n\n\n<p>En definitiva, que este D\u00eda de la Ansiedad Social no solo sirva para visibilizar el dolor silencioso de millones de personas, sino tambi\u00e9n para convocar a la sociedad a transitar hacia formas de vida m\u00e1s emp\u00e1ticas, compasivas y amorosas. En un mundo donde la conexi\u00f3n digital parece omnipresente, pero la soledad y la confusi\u00f3n predominan, este cambio es m\u00e1s urgente que nunca.<\/p>\n","protected":false},"excerpt":{"rendered":"<p>Para quienes hemos experimentado ansiedad social en alg\u00fan momento de nuestra vida, el 1 de octubre es una fecha significativa. Este d\u00eda visibiliza una forma de relacionarnos con los dem\u00e1s, que lejos de ser una simple timidez, ha limitado profundamente nuestras vidas y nos ha privado de la autonom\u00eda emocional<\/p>\n","protected":false},"author":116,"featured_media":7613,"comment_status":"open","ping_status":"open","sticky":false,"template":"","format":"standard","meta":[],"categories":[1],"tags":[],"yoast_head":"<!-- This site is optimized with the Yoast SEO plugin v14.3 - https:\/\/yoast.com\/wordpress\/plugins\/seo\/ -->\n<title>D\u00eda de la Ansiedad Social: Una lucha por nuestra autonom\u00eda emocional - Opci&oacute;n S<\/title>\n<meta name=\"robots\" content=\"index, follow\" \/>\n<meta name=\"googlebot\" content=\"index, follow, max-snippet:-1, max-image-preview:large, max-video-preview:-1\" \/>\n<meta name=\"bingbot\" content=\"index, follow, max-snippet:-1, max-image-preview:large, max-video-preview:-1\" \/>\n<link rel=\"canonical\" href=\"https:\/\/opcions.ec\/portal\/2025\/10\/07\/dia-de-la-ansiedad-social-una-lucha-por-nuestra-autonomia-emocional\/\" \/>\n<meta property=\"og:locale\" content=\"es_ES\" \/>\n<meta property=\"og:type\" content=\"article\" \/>\n<meta property=\"og:title\" content=\"D\u00eda de la Ansiedad Social: Una lucha por nuestra autonom\u00eda emocional - Opci&oacute;n S\" \/>\n<meta property=\"og:description\" content=\"Para quienes hemos experimentado ansiedad social en alg\u00fan momento de nuestra vida, el 1 de octubre es una fecha significativa. Este d\u00eda visibiliza una forma de relacionarnos con los dem\u00e1s, que lejos de ser una simple timidez, ha limitado profundamente nuestras vidas y nos ha privado de la autonom\u00eda emocional\" \/>\n<meta property=\"og:url\" content=\"https:\/\/opcions.ec\/portal\/2025\/10\/07\/dia-de-la-ansiedad-social-una-lucha-por-nuestra-autonomia-emocional\/\" \/>\n<meta property=\"og:site_name\" content=\"Opci&oacute;n S\" \/>\n<meta property=\"article:published_time\" content=\"2025-10-07T23:16:29+00:00\" \/>\n<meta property=\"article:modified_time\" content=\"2025-10-07T23:16:31+00:00\" \/>\n<meta property=\"og:image\" content=\"https:\/\/opcions.ec\/portal\/wp-content\/uploads\/2025\/10\/ansiedad-social.png\" \/>\n\t<meta property=\"og:image:width\" content=\"533\" \/>\n\t<meta property=\"og:image:height\" content=\"280\" \/>\n<meta name=\"twitter:card\" content=\"summary_large_image\" \/>\n<script type=\"application\/ld+json\" class=\"yoast-schema-graph\">{\"@context\":\"https:\/\/schema.org\",\"@graph\":[{\"@type\":\"WebSite\",\"@id\":\"https:\/\/opcions.ec\/portal\/#website\",\"url\":\"https:\/\/opcions.ec\/portal\/\",\"name\":\"Opci&oacute;n S\",\"description\":\"\",\"potentialAction\":[{\"@type\":\"SearchAction\",\"target\":\"https:\/\/opcions.ec\/portal\/?s={search_term_string}\",\"query-input\":\"required name=search_term_string\"}],\"inLanguage\":\"es\"},{\"@type\":\"ImageObject\",\"@id\":\"https:\/\/opcions.ec\/portal\/2025\/10\/07\/dia-de-la-ansiedad-social-una-lucha-por-nuestra-autonomia-emocional\/#primaryimage\",\"inLanguage\":\"es\",\"url\":\"https:\/\/opcions.ec\/portal\/wp-content\/uploads\/2025\/10\/ansiedad-social.png\",\"width\":533,\"height\":280},{\"@type\":\"WebPage\",\"@id\":\"https:\/\/opcions.ec\/portal\/2025\/10\/07\/dia-de-la-ansiedad-social-una-lucha-por-nuestra-autonomia-emocional\/#webpage\",\"url\":\"https:\/\/opcions.ec\/portal\/2025\/10\/07\/dia-de-la-ansiedad-social-una-lucha-por-nuestra-autonomia-emocional\/\",\"name\":\"D\\u00eda de la Ansiedad Social: Una lucha por nuestra autonom\\u00eda emocional - Opci&oacute;n S\",\"isPartOf\":{\"@id\":\"https:\/\/opcions.ec\/portal\/#website\"},\"primaryImageOfPage\":{\"@id\":\"https:\/\/opcions.ec\/portal\/2025\/10\/07\/dia-de-la-ansiedad-social-una-lucha-por-nuestra-autonomia-emocional\/#primaryimage\"},\"datePublished\":\"2025-10-07T23:16:29+00:00\",\"dateModified\":\"2025-10-07T23:16:31+00:00\",\"author\":{\"@id\":\"https:\/\/opcions.ec\/portal\/#\/schema\/person\/86fe8f06a73988ae082ce43211606769\"},\"breadcrumb\":{\"@id\":\"https:\/\/opcions.ec\/portal\/2025\/10\/07\/dia-de-la-ansiedad-social-una-lucha-por-nuestra-autonomia-emocional\/#breadcrumb\"},\"inLanguage\":\"es\",\"potentialAction\":[{\"@type\":\"ReadAction\",\"target\":[\"https:\/\/opcions.ec\/portal\/2025\/10\/07\/dia-de-la-ansiedad-social-una-lucha-por-nuestra-autonomia-emocional\/\"]}]},{\"@type\":\"BreadcrumbList\",\"@id\":\"https:\/\/opcions.ec\/portal\/2025\/10\/07\/dia-de-la-ansiedad-social-una-lucha-por-nuestra-autonomia-emocional\/#breadcrumb\",\"itemListElement\":[{\"@type\":\"ListItem\",\"position\":1,\"item\":{\"@type\":\"WebPage\",\"@id\":\"https:\/\/opcions.ec\/portal\/\",\"url\":\"https:\/\/opcions.ec\/portal\/\",\"name\":\"Portada\"}},{\"@type\":\"ListItem\",\"position\":2,\"item\":{\"@type\":\"WebPage\",\"@id\":\"https:\/\/opcions.ec\/portal\/2025\/10\/07\/dia-de-la-ansiedad-social-una-lucha-por-nuestra-autonomia-emocional\/\",\"url\":\"https:\/\/opcions.ec\/portal\/2025\/10\/07\/dia-de-la-ansiedad-social-una-lucha-por-nuestra-autonomia-emocional\/\",\"name\":\"D\\u00eda de la Ansiedad Social: Una lucha por nuestra autonom\\u00eda emocional\"}}]},{\"@type\":[\"Person\"],\"@id\":\"https:\/\/opcions.ec\/portal\/#\/schema\/person\/86fe8f06a73988ae082ce43211606769\",\"name\":\"Andr\\u00e9s Kogan Valderrama\",\"image\":{\"@type\":\"ImageObject\",\"@id\":\"https:\/\/opcions.ec\/portal\/#personlogo\",\"inLanguage\":\"es\",\"url\":\"https:\/\/opcions.ec\/portal\/wp-content\/uploads\/2021\/02\/Foto-Andres1.jpg\",\"caption\":\"Andr\\u00e9s Kogan Valderrama\"},\"description\":\"Soci\\u00f3logo de la Universidad Central de Chile Diplomado en Educaci\\u00f3n para el Desarrollo Sustentable Mag\\u00edster en Comunicaci\\u00f3n y Cultura Contempor\\u00e1nea Doctorando en Estudios Sociales de Am\\u00e9rica Latina Integrante de Comit\\u00e9 Cient\\u00edfico de Revista Iberoam\\u00e9rica Social Miembro del Movimiento al Buen Vivir Global https:\/\/buenvivir.global\/ Director del Observatorio Plurinacional de Aguas www.oplas.org\"}]}<\/script>\n<!-- \/ Yoast SEO plugin. -->","_links":{"self":[{"href":"https:\/\/opcions.ec\/portal\/wp-json\/wp\/v2\/posts\/7612"}],"collection":[{"href":"https:\/\/opcions.ec\/portal\/wp-json\/wp\/v2\/posts"}],"about":[{"href":"https:\/\/opcions.ec\/portal\/wp-json\/wp\/v2\/types\/post"}],"author":[{"embeddable":true,"href":"https:\/\/opcions.ec\/portal\/wp-json\/wp\/v2\/users\/116"}],"replies":[{"embeddable":true,"href":"https:\/\/opcions.ec\/portal\/wp-json\/wp\/v2\/comments?post=7612"}],"version-history":[{"count":1,"href":"https:\/\/opcions.ec\/portal\/wp-json\/wp\/v2\/posts\/7612\/revisions"}],"predecessor-version":[{"id":7614,"href":"https:\/\/opcions.ec\/portal\/wp-json\/wp\/v2\/posts\/7612\/revisions\/7614"}],"wp:featuredmedia":[{"embeddable":true,"href":"https:\/\/opcions.ec\/portal\/wp-json\/wp\/v2\/media\/7613"}],"wp:attachment":[{"href":"https:\/\/opcions.ec\/portal\/wp-json\/wp\/v2\/media?parent=7612"}],"wp:term":[{"taxonomy":"category","embeddable":true,"href":"https:\/\/opcions.ec\/portal\/wp-json\/wp\/v2\/categories?post=7612"},{"taxonomy":"post_tag","embeddable":true,"href":"https:\/\/opcions.ec\/portal\/wp-json\/wp\/v2\/tags?post=7612"}],"curies":[{"name":"wp","href":"https:\/\/api.w.org\/{rel}","templated":true}]}}