{"id":7587,"date":"2025-07-23T14:45:54","date_gmt":"2025-07-23T14:45:54","guid":{"rendered":"https:\/\/opcions.ec\/portal\/?p=7587"},"modified":"2026-01-16T03:56:17","modified_gmt":"2026-01-16T03:56:17","slug":"crisis-en-el-sector-petrolero-de-ecuador","status":"publish","type":"post","link":"https:\/\/opcions.ec\/portal\/2025\/07\/23\/crisis-en-el-sector-petrolero-de-ecuador\/","title":{"rendered":"Crisis en el Sector Petrolero de Ecuador"},"content":{"rendered":"\n<p>Por: Econ Oswaldo Erazo Arboleda MBA. MSc.<\/p>\n\n\n\n<ol type=\"1\" class=\"has-medium-font-size\"><li><strong>Antecedentes.<\/strong><\/li><\/ol>\n\n\n\n<p>Luego de 53 a\u00f1os de producci\u00f3n petrolera en Ecuador, la mayor\u00eda de campos son campos maduros, por lo que es l\u00f3gico que exista declinaci\u00f3n petrolera, a esta situaci\u00f3n \u201cnatural\u201d se suman la falta de certificaci\u00f3n de nuevas reservas, los problemas en la Refiner\u00eda Estatal de Esmeraldas, las declaraciones por \u201cfuerza mayor\u201d debido a problemas en los oleductos, el incremento de importaciones de combustibles, contrabando e incluso el precio que no cubre lo estimado en el presupuesto para este 2025. Este panorama de manera general confirma que existe Crisis en el Sector Petrolero de Ecuador.<\/p>\n\n\n\n<p>El presente art\u00edculo describe la afectaci\u00f3n de la geopol\u00edtica en los precios del petr\u00f3leo, y de manera estad\u00edstica se evidenciar\u00e1 la cr\u00edtica situaci\u00f3n de la cadena de valor petrolera, a la vez que se presenta un borrador de propuesta de mejora, que puede servir de base para una discusi\u00f3n m\u00e1s amplia.<\/p>\n\n\n\n<ol start=\"2\" class=\"has-medium-font-size\"><li><strong>Geopol\u00edtica petrolera.<\/strong><\/li><\/ol>\n\n\n\n<p>El mercado petrolero se encuentra en una constante incertidumbre, por no decir en una turbulencia petrolera, lo que influye en los precios presentes y futuros del barril de petr\u00f3leo. Dicho mercado se encuentra en medio de una crisis geopol\u00edtica generada, principalmente, &nbsp;por la Guerra Arancelaria, los coflictos B\u00e9licos entre Israel e Ir\u00e1n, Rusia y Ucrania, India y Paquist\u00e1n, Israel y Siria, a lo que se suma el incremento de producci\u00f3n por parte de la OPEP+, que ha afectado el precio en un constante sube y baja.<\/p>\n\n\n\n<p>Para realizar un comparativo de precios del petr\u00f3leo, es importante se\u00f1alar que en enero de 2025, el precio del barril de petr\u00f3leo West Texas Intermediate WTI estaba en $75,74. El presente an\u00e1lisis, describe los factores que influyeron en la variaci\u00f3n del precio del petr\u00f3leo en lo que va del a\u00f1o 2025, por lo que NO se hace referencia a otros problemas presentados entre India y Paquist\u00e1n, el de Gaza que inici\u00f3 en octubre de 2023, o las tensiones en Taiw\u00e1n, Congo, y otros.<\/p>\n\n\n\n<p class=\"has-text-align-left\"><strong>Marzo 2025<\/strong> <strong>Rusia.<\/strong> Donald Trump amenaza con sanciones a Rusia (que produce 9,78 millones de barriles      por d\u00eda) para presionarle a que d\u00e9 una soluci\u00f3n al conflicto con Ucrania, y ofrece aplicar aranceles secundarios a quienes compren petr\u00f3leo Ruso, amenaza que se repite en julio.     <\/p>\n\n\n\n<p class=\"has-text-align-left\">&nbsp;&nbsp;&nbsp;&nbsp;&nbsp;&nbsp;&nbsp;&nbsp;&nbsp;&nbsp;&nbsp;&nbsp;&nbsp;&nbsp;&nbsp;&nbsp;&nbsp;&nbsp; <strong>Ir\u00e1n.<\/strong> Produce 3,2 millones b\/d con una capacidad de 4\u00b4b\/d. Trump ofrece sanciones fuertes si no renuncia a su deseo de desarrollar armas nucleares, lo cual desemboca en la guerra de doce d\u00edas.<\/p>\n\n\n\n<p class=\"has-text-align-left\">&nbsp;&nbsp;&nbsp;&nbsp;&nbsp;&nbsp;&nbsp;&nbsp;&nbsp;&nbsp;&nbsp;&nbsp;&nbsp;&nbsp;&nbsp;&nbsp;&nbsp;&nbsp; <strong>Venezuela<\/strong>. Produce 1 mill\u00f3n b\/d, el presidente Trump &nbsp;pone fin a las licencias a las empresas Repsol y Chevr\u00f3n para que puedan operar en Venezuela y ofrece sanciones a quienes comercien con su petr\u00f3leo.<\/p>\n\n\n\n<p class=\"has-text-align-left\">&nbsp;&nbsp;&nbsp;&nbsp;&nbsp;&nbsp;&nbsp;&nbsp;&nbsp;&nbsp;&nbsp;&nbsp;&nbsp;&nbsp;&nbsp;&nbsp;&nbsp;&nbsp; Marzo finaliza con un precio promedio WTI de $68,24\/b.<\/p>\n\n\n<div class=\"wp-block-image\">\n<figure class=\"aligncenter size-full is-resized\"><img loading=\"lazy\" src=\"https:\/\/opcions.ec\/portal\/wp-content\/uploads\/2025\/07\/image-2.jpg\" alt=\"\" class=\"wp-image-7591\" width=\"310\" height=\"205\"\/><\/figure><\/div>\n\n\n<p><strong>Abril 2025 EEUU<\/strong> impone una serie de aranceles el 3 abril 2025, en lo que se conoci\u00f3 como el \u201cd\u00eda de la liberaci\u00f3n\u201d, inicialmente a M\u00e9xico y Canad\u00e1, posteriormente a China entre otros pa\u00edses.&nbsp; Actualmente a la Comunidad Europea y Brasil, iniciando una guerra comercial primero entre EEUU y China que juntos representan el 35% del consumo de petr\u00f3leo mundial, lo cual afecta al precio del petr\u00f3leo y disminuye su precio porque se avisoraba una demanda debilitada.<\/p>\n\n\n\n<p>&nbsp;&nbsp;&nbsp;&nbsp;&nbsp;&nbsp;&nbsp;&nbsp;&nbsp;&nbsp;&nbsp;&nbsp;&nbsp;&nbsp;&nbsp;&nbsp;&nbsp;&nbsp; <strong>OPEP+ el 3 de abril <\/strong>anuncia un incremento de su producci\u00f3n en 411.000 b\/d desde mayo de 2025. Lo cual se repiti\u00f3 en junio y julio, y para agosto el incremento ser\u00e1 de 548.000, lo cual supone una re-inyecci\u00f3n al mercado de la reducci\u00f3n voluntaria de la OPEP+ de 2,2 millones de barriles d\u00eda. Esta estrategia ya la aplic\u00f3 Arabia en los a\u00f1os 2014 y 2020. Decisi\u00f3n que proyecta un exceso de oferta, por tanto, baj\u00f3 el precio del WTI a $59 el 8 de abril de 2025, siendo esta medida la que m\u00e1s influye en el control de precios y evit\u00f3 que se \u201cdispare\u201d por los conflictos b\u00e9licos, ya que al inicio del conflicto entre Rusia y Ucrania en el a\u00f1o 2022, el precio lleg\u00f3 a los $140. El precio promedio de abril de 2025, fue de $63,54 &nbsp;<\/p>\n\n\n<div class=\"wp-block-image\">\n<figure class=\"aligncenter size-full is-resized\"><img loading=\"lazy\" src=\"https:\/\/opcions.ec\/portal\/wp-content\/uploads\/2025\/07\/image.jpeg\" alt=\"\" class=\"wp-image-7589\" width=\"240\" height=\"240\" srcset=\"https:\/\/opcions.ec\/portal\/wp-content\/uploads\/2025\/07\/image.jpeg 224w, https:\/\/opcions.ec\/portal\/wp-content\/uploads\/2025\/07\/image-150x150.jpeg 150w, https:\/\/opcions.ec\/portal\/wp-content\/uploads\/2025\/07\/image-70x70.jpeg 70w\" sizes=\"(max-width: 240px) 100vw, 240px\" \/><\/figure><\/div>\n\n\n<p><strong>Junio&nbsp;&nbsp;&nbsp;&nbsp;&nbsp;&nbsp;&nbsp; <\/strong>El 12 de junio de 2025, Israel ataca Ir\u00e1n, con 200 aviones, principalmente a sus plantas nucleares, y muere la c\u00fapula militar y algunos cient\u00edficos nucleares iran\u00edes. El precio incrementa en un 8% en una sola jornada. WTI $73\/b. Al terminar la Guerra de los doce d\u00edas, los precios nuevamente se estabilizan alrededor de $66\/br el WTI.<\/p>\n\n\n\n<p>15 de junio, Israel ataca Yemen, en el cual est\u00e1n los Hut\u00edes, que es un grupo pol\u00edtico militar yemen\u00ed que sigue una rama del islam chiita. A este grupo se atribuye el ataque con drones a Aramco en Arabia el 14 de septiembre de 2019, y que en 2022 con el respaldo de Ir\u00e1n atac\u00f3 con drones y misiles a Arabia, y el aeropuerto internacional de Abu Dabi en EAU.<\/p>\n\n\n\n<p>La guerra de los 12 d\u00edas, no influy\u00f3 en la variaci\u00f3n de precios, es as\u00ed que el precio promedio del WTI fue de $68,17\/b.&nbsp;<\/p>\n\n\n<div class=\"wp-block-image\">\n<figure class=\"aligncenter size-full is-resized\"><img loading=\"lazy\" src=\"https:\/\/opcions.ec\/portal\/wp-content\/uploads\/2025\/07\/image-1.jpg\" alt=\"\" class=\"wp-image-7590\" width=\"238\" height=\"238\" srcset=\"https:\/\/opcions.ec\/portal\/wp-content\/uploads\/2025\/07\/image-1.jpg 157w, https:\/\/opcions.ec\/portal\/wp-content\/uploads\/2025\/07\/image-1-150x150.jpg 150w, https:\/\/opcions.ec\/portal\/wp-content\/uploads\/2025\/07\/image-1-70x70.jpg 70w\" sizes=\"(max-width: 238px) 100vw, 238px\" \/><\/figure><\/div>\n\n\n<p><strong>Julio \u00a0\u00a0\u00a0\u00a0\u00a0\u00a0\u00a0\u00a0\u00a0 <\/strong>El 16 de julio de 2025, Israel bombardea la central militar de Siria en Damasco.<\/p>\n\n\n\n<p>16 de julio, tambi\u00e9n se registran ataques sin autor\u00eda a campos petroleros en Irak (con gobierno chi\u00ed con apoyo de Ir\u00e1n), en la zona del Kurdist\u00e1n (mayor\u00eda son sun\u00edes). El precio promedio hasta el 20 de julio del WTI fue de $68,39\/b.<\/p>\n\n\n<div class=\"wp-block-image\">\n<figure class=\"aligncenter size-full\"><img loading=\"lazy\" width=\"299\" height=\"199\" src=\"https:\/\/opcions.ec\/portal\/wp-content\/uploads\/2025\/07\/image.jpg\" alt=\"\" class=\"wp-image-7588\"\/><\/figure><\/div>\n\n\n<p><strong>\u00bfY los precios de facturaci\u00f3n por el petr\u00f3leo ecuatoriano? <\/strong>El precio promedio de facturaci\u00f3n del barril de petr\u00f3leo ecuatoriano en el periodo de&nbsp; enero a junio de 2025 fue de&nbsp; $61,04, menor al facturado en el mismo periodo de 2024 que fue de $71,65, es decir -14,8% con lo que no se alcanza a cubrir el precio presupuestado para 2025, de $63,7, es decir una facturaci\u00f3n en -4,2% con relaci\u00f3n a lo presupuestado.<\/p>\n\n\n\n<ol start=\"3\" class=\"has-medium-font-size\"><li><strong>Producci\u00f3n petrolera.-<\/strong> \u00a0<\/li><\/ol>\n\n\n\n<p>Luego de 53 a\u00f1os de producci\u00f3n petrolera, la mayor\u00eda de campos son maduros, por lo que es l\u00f3gico que exista declinaci\u00f3n petrolera, lo que se demuestra en los datos comparativos de producci\u00f3n de enero a mayo de 2025, comparado con el mismo periodo de 2024, con una disminuci\u00f3n de 3,3 millones de barriles extra\u00eddos, lo que representa en menos -4,4%. \u201cPara el experto petrolero, Oswaldo Erazo, esta situaci\u00f3n \u00abcr\u00edtica y delicada\u00bb se remonta desde el inicio del a\u00f1o. Entre enero y junio, la producci\u00f3n petrolera cay\u00f3\u201d&nbsp;(Noti Mundo, 2025), ver tabla 1.<\/p>\n\n\n\n<p><strong>Tabla 1<\/strong><\/p>\n\n\n<div class=\"wp-block-image\">\n<figure class=\"aligncenter size-full is-resized\"><img loading=\"lazy\" src=\"https:\/\/opcions.ec\/portal\/wp-content\/uploads\/2025\/07\/Tabla-1.png\" alt=\"\" class=\"wp-image-7592\" width=\"616\" height=\"181\" srcset=\"https:\/\/opcions.ec\/portal\/wp-content\/uploads\/2025\/07\/Tabla-1.png 337w, https:\/\/opcions.ec\/portal\/wp-content\/uploads\/2025\/07\/Tabla-1-300x88.png 300w\" sizes=\"(max-width: 616px) 100vw, 616px\" \/><\/figure><\/div>\n\n\n<p>Fuente: Informaci\u00f3n Estad\u00edstica Petroecuador (EP Petroecuador, 2025)<\/p>\n\n\n\n<p>Elab: Oswaldo Erazo Arboleda<\/p>\n\n\n\n<p>Una menor producci\u00f3n de petr\u00f3leo, colleva una disminuci\u00f3n de exportaciones, las cuales tambi\u00e9n disminuyeron en un -4,2%, lo que significa menores ingresos al pa\u00eds.<\/p>\n\n\n\n<ol start=\"4\" class=\"has-medium-font-size\"><li><strong>Problemas en Refinaci\u00f3n de combustibles que afecta en la producci\u00f3n de combustibles.-<\/strong><\/li><\/ol>\n\n\n\n<p>Luego de seis meses de \u201cpara\u201d de la Refiner\u00eda Estatal de Esmeraldas, el 13 de marzo de 2025, nuevamente paraliz\u00f3 sus operaciones debido al derrame de petr\u00f3leo ocurrido en la zona de&nbsp; Quinind\u00e9. Posteriormente, el 25 de abril par\u00f3 nuevamente sus operaciones, esta vez por el sismo de 6,1 grados en la escala de richter. Para finalizar, el lunes 26 de mayo se produjo un incendio en un tanque que almacenaba fuel oil, lo que gener\u00f3 que una vez m\u00e1s se suspendan las operaciones. <strong><\/strong><\/p>\n\n\n\n<p><strong>Capacidad de refinaci\u00f3n<\/strong>.-&nbsp; La Refiner\u00eda Estatal de Esmeraldas que tiene una capacidad de refinaci\u00f3n te\u00f3rica de 110.000 b\/d, inici\u00f3 operaciones en 1977, es decir tiene una antig\u00fcedad de 48 a\u00f1os. La Refiner\u00eda de la&nbsp; Pen\u00ednsula de 45.000 b\/d (opera desde 1990) y la de&nbsp; Shushufindi de&nbsp; 20.000 b\/d (opera desde 1987) es decir el Pa\u00eds tiene una capacidad te\u00f3rica de refinaci\u00f3n de 175.000 b\/d de petr\u00f3leo a combustibles.<\/p>\n\n\n\n<p>As\u00ed como se tiene \u201cparas programadas\u201d y no programadas en la refiner\u00eda de Esmeraldas, lo mismo sucede con las otras refiner\u00edas.<\/p>\n\n\n\n<p>Considerando que la capacidad operativa de la planta es de 110.000 barriles al d\u00eda, los 51.902 registrados hasta mayo de 2025 muestran que la Refiner\u00eda de Esmeraldas solo produjo al 47,2% de su capacidad. Esta refiner\u00eda procesa gasolinas, di\u00e9sel 2, premium, GLP, jet A1, fuel Oil, asfalto.<\/p>\n\n\n\n<p>La capacidad operativa de refinaci\u00f3n de enero a mayo, la capacidad operativa nacional era de 61,9%, ver tabla No. 2<\/p>\n\n\n\n<p><strong>Tabla 2<\/strong><\/p>\n\n\n<div class=\"wp-block-image\">\n<figure class=\"aligncenter size-full is-resized\"><img loading=\"lazy\" src=\"https:\/\/opcions.ec\/portal\/wp-content\/uploads\/2025\/07\/Tabla-2.png\" alt=\"\" class=\"wp-image-7593\" width=\"581\" height=\"255\" srcset=\"https:\/\/opcions.ec\/portal\/wp-content\/uploads\/2025\/07\/Tabla-2.png 337w, https:\/\/opcions.ec\/portal\/wp-content\/uploads\/2025\/07\/Tabla-2-300x132.png 300w\" sizes=\"(max-width: 581px) 100vw, 581px\" \/><\/figure><\/div>\n\n\n<p>El consumo promedio de combustibles (gasolinas, di\u00e9sel, gas, jet fuel, fuel oil) en el Pa\u00eds es de 290.000 b\/d es decir existe un d\u00e9ficit te\u00f3rico de 115.000 b\/d pero en la pr\u00e1ctica este d\u00e9ficit asciende a 170.000 b\/d. es decir esta deber\u00eda ser la capacidad adicional que deber\u00eda tener&nbsp; el pa\u00eds para abastecer las necesidades internas.<\/p>\n\n\n\n<p>Al comparar la operaci\u00f3n de los centros de Refinaci\u00f3n de DI\u00c9SEL del 25 de mayo de 2025 (antes del incendio) con el 13 de julio, se ve una disminuci\u00f3n adicional de -70%, ver tabla No. 3.<\/p>\n\n\n\n<p><strong>Tabla 3<\/strong><\/p>\n\n\n<div class=\"wp-block-image\">\n<figure class=\"aligncenter size-full is-resized\"><img loading=\"lazy\" src=\"https:\/\/opcions.ec\/portal\/wp-content\/uploads\/2025\/07\/Tabla-3.png\" alt=\"\" class=\"wp-image-7594\" width=\"688\" height=\"186\" srcset=\"https:\/\/opcions.ec\/portal\/wp-content\/uploads\/2025\/07\/Tabla-3.png 421w, https:\/\/opcions.ec\/portal\/wp-content\/uploads\/2025\/07\/Tabla-3-300x81.png 300w\" sizes=\"(max-width: 688px) 100vw, 688px\" \/><\/figure><\/div>\n\n\n<p>Al comparar la operaci\u00f3n de los centros de Refinaci\u00f3n de GLP del 25 de mayo de 2025 (antes del incendio) con el 13 de julio, se ve una disminuci\u00f3n adicional de -89%, ver tabla No. 4<\/p>\n\n\n\n<p><strong>Tabla 4<\/strong><\/p>\n\n\n<div class=\"wp-block-image\">\n<figure class=\"aligncenter size-full is-resized\"><img loading=\"lazy\" src=\"https:\/\/opcions.ec\/portal\/wp-content\/uploads\/2025\/07\/tabla-4.png\" alt=\"\" class=\"wp-image-7595\" width=\"707\" height=\"165\" srcset=\"https:\/\/opcions.ec\/portal\/wp-content\/uploads\/2025\/07\/tabla-4.png 421w, https:\/\/opcions.ec\/portal\/wp-content\/uploads\/2025\/07\/tabla-4-300x70.png 300w\" sizes=\"(max-width: 707px) 100vw, 707px\" \/><\/figure><\/div>\n\n\n<p>Otro combustible de gran importancia es la de 85 octanos (extra y ecopa\u00eds), que \u201cseg\u00fan datos del Informe Estad\u00edstico Mensual de mayo de Petroecuador, la gasolina Extra es utilizada en sectores clave como el automotor, industrial, naviero, pesquero y petrolero. Solo en el transporte terrestre representa el 47,2 % del consumo de gasolinas (frente a S\u00faper y Ecopa\u00eds), seg\u00fan inform\u00f3 Oswaldo Erazo\u201d (La Hora, 2025).<\/p>\n\n\n\n<ol start=\"5\" class=\"has-medium-font-size\"><li><strong>Importaci\u00f3n de Combustibles.- <\/strong><\/li><\/ol>\n\n\n\n<p>En circunstancias normales, somos deficitarios en producci\u00f3n de combustibles, ya que<strong>\u201c<\/strong>a esto, se suma la condici\u00f3n de que el pa\u00eds es, de por s\u00ed, dependiente del mercado internacional. Precis\u00f3 que, el 73% del di\u00e9sel, el 64% de las gasolinas y el 87% del gas dom\u00e9stico es importado desde el exterior, por lo que la acentuada crisis a nivel petrolero agravar\u00eda a\u00fan m\u00e1s la relaci\u00f3n de dependencia.\u201d<strong>&nbsp;(Noti Mundo, 2025)<\/strong><strong>.<\/strong><\/p>\n\n\n\n<p>Aparte de la dependencia \u201cnormal\u201d del mercado de combustibles internacionales, se puede notar en tabla No. 5 que las importaciones se incrementaron en un 9,4% comparando enero junio de 2025 con relaci\u00f3n al mismo periodo de 2024.<\/p>\n\n\n\n<p><strong>Tabla 5<\/strong><\/p>\n\n\n<div class=\"wp-block-image\">\n<figure class=\"aligncenter size-full is-resized\"><img loading=\"lazy\" src=\"https:\/\/opcions.ec\/portal\/wp-content\/uploads\/2025\/07\/Tabla-5.png\" alt=\"\" class=\"wp-image-7596\" width=\"726\" height=\"167\" srcset=\"https:\/\/opcions.ec\/portal\/wp-content\/uploads\/2025\/07\/Tabla-5.png 501w, https:\/\/opcions.ec\/portal\/wp-content\/uploads\/2025\/07\/Tabla-5-300x69.png 300w\" sizes=\"(max-width: 726px) 100vw, 726px\" \/><\/figure><\/div>\n\n\n<ol start=\"6\" class=\"has-medium-font-size\"><li><strong>Riesgo de Escasez para la comercializaci\u00f3n interna de combustibles.-<\/strong><\/li><\/ol>\n\n\n\n<p>Al existir una alta dependencia del mercado internacional de combustibles y al disminu\u00edr la refinaci\u00f3n nacional, crece el riesgo de una posible escasez, es as\u00ed que \u201cErazo reconoci\u00f3 que el panorama petrolero mantiene un riesgo de desabastecimiento de combustible, por lo que se requiere una serie de medidas urgentes. Una de ellas, explic\u00f3, es la elaboraci\u00f3n de un plan de acci\u00f3n para recuperar la cadena de valor y certificar nuevas reservas de petr\u00f3leo. La siguiente, se\u00f1al\u00f3, es aumentar la inversi\u00f3n en infraestructura y almacenamiento de combustible, debido a que estos aspectos incidir\u00e1n tambi\u00e9n en la capacidad que tenga el Estado para enfrentar un eventual d\u00e9ficit. \u00abSiempre hay riesgo de una posible escasez (&#8230;) eso hace que pare toda la comercializaci\u00f3n, industria, el\u00e9ctrica e incluso la naviera\u00bb, puntualiz\u00f3.\u201d<strong>&nbsp;(Noti Mundo, 2025)<\/strong><\/p>\n\n\n\n<ol start=\"7\" class=\"has-medium-font-size\"><li><strong>Otra vez fuerza mayor por problemas en los Oleoductos.-<\/strong><\/li><\/ol>\n\n\n\n<p>No es nueva la declaratoria de fuerza mayor por la paralizaci\u00f3n del transporte de crudo por los oleoductos ecuatorianos. En febrero de 2020 desaparece la cascada de San Rafael como efecto de la erosi\u00f3n regresiva del rio Coca, y en abril del mismo a\u00f1o se da la primera declaratoria de fuerza mayor al suspenderse las operaciones de transporte de petr\u00f3leo.<\/p>\n\n\n\n<p>Este a\u00f1o 2025, no ha sido la excepci\u00f3n, ya que el 13 de marzo se present\u00f3 la rotura del SOTE en la zona de Quinind\u00e9. El 16 de junio hubo problemas por el volc\u00e1n Reventador, y la \u00faltima paralizaci\u00f3n inicia el 2 de julio de 2025, que paraliz\u00f3 el transporte del petr\u00f3leo en el SOTE y OCP, afectando toda la cadena de valor petrolera, ya que al no existir transporte, y al llenarse las piscinas de almacenamiento de petr\u00f3leo, se paralizaron campos petroleros, las exportaciones y a la fecha se reducen la producci\u00f3n de combustibles en las tres refiner\u00edas estatales. Se dej\u00f3 de exportar millones de barriles de petr\u00f3leo. Estas 11 variantes implementadas en cinco a\u00f1os solo fueron soluciones parches.<\/p>\n\n\n\n<p>El SOTE tiene una capacidad para transportar 360.000 b\/d y el OCP de 450.000 B\/d.<\/p>\n\n\n\n<p>Hasta la fecha se aplicaron soluciones temporales, por lo que existe la necesidad de una variante definitiva, que no se la realiza a pesar de que se desarrollaron estudios desde el a\u00f1o 2023, por el cuerpo de ingenieros de EEUU.<\/p>\n\n\n\n<p>La capacidad de almacenamiento de petr\u00f3leo en el SOTE es de 2\u00b4millones de barriles; el OCP tiene una capacidad de almacenamiento de1,8 millones de barriles.<\/p>\n\n\n\n<ol start=\"8\" class=\"has-medium-font-size\"><li><strong>Causas<\/strong><\/li><\/ol>\n\n\n\n<p>Al analizar las causas de la crisis petrolera, se pueden identificar algunas, y desde diferentes puntos de vista, pero las principales se pueden enumerar:<\/p>\n\n\n\n<ul><li>Falta inversi\u00f3n en exploraci\u00f3n,<\/li><li>Falta inversi\u00f3n en t\u00e9cnicas de recuperaci\u00f3n mejorada<\/li><li>Falta inversi\u00f3n en mantenimiento<\/li><li>Cierre del bloque 43 ITT<\/li><li>Inestabilidad de las Gerencias en Petroecuador (8 gerentes en el periodo de Guillermo Lasso y van 6 en el de Daniel Noboa)<\/li><li>Ineficiente planificaci\u00f3n integral<\/li><\/ul>\n\n\n\n<ol start=\"9\" class=\"has-medium-font-size\"><li><strong>Consecuencias.<\/strong><\/li><\/ol>\n\n\n\n<p>De la misma manera, las consecuencias por la crisis petrolera se pueden resumir en:<\/p>\n\n\n\n<ul><li>Menores ingresos por exportaciones de petr\u00f3leo<\/li><li>Disminuci\u00f3n en la credibilidad del Ecuador con sus clientes petroleros<\/li><li>Mayores egresos por importaci\u00f3n de combustibles<\/li><li>Incremento de subsidios a los combustibles<\/li><li>Menos recursos para inversi\u00f3n p\u00fablica<\/li><li>Mayores necesidades de cr\u00e9dito<\/li><li>Incremento de riesgo pa\u00eds.<\/li><li>Desperdicio de recursos <\/li><\/ul>\n\n\n\n<p><\/p>\n\n\n\n<ol start=\"10\" class=\"has-medium-font-size\"><li><strong>Qu\u00e9 hacer?<\/strong><\/li><\/ol>\n\n\n\n<ul><li>Planificar toda la cadena de valor que apunte a una soberan\u00eda energ\u00e9tica<\/li><li>Invertir en certificar nuevas reservas petroleras<\/li><li>Atraer inversi\u00f3n extranjera y nacional<\/li><li>Mejorar t\u00e9cnicas de extracci\u00f3n y recuperaci\u00f3n mejorada<\/li><li>Modernizaci\u00f3n de refiner\u00edas<\/li><li>Invertir en infraestructura como almacenamiento de petr\u00f3leo y combustibles y su transporte<\/li><li>Estabilidad de autoridades petroleras con perfil t\u00e9cnico y experiencia en el sector<\/li><li>Invertir en Infraestructura como la construcci\u00f3n de una variante definitiva de los oleoductos<\/li><li>Invertir en exploraci\u00f3n, explotaci\u00f3n y comercializaci\u00f3n de gas natural<\/li><li>Analizar subsidios a los combustibles por producto y segmento de consumo como el GLP taxis o el GLP agr\u00edcola.<\/li><\/ul>\n\n\n\n<p>El presente an\u00e1lisis queda corto en la descripci\u00f3n de la situaci\u00f3n petrolera, que se puede complementar con el an\u00e1lisis realizado sobre \u201cPrecios y subsidios a los combustibles en Ecuador\u201d que lo pueden consultar en el link <a href=\"https:\/\/x.com\/oswaldo_erazoa\/status\/1930048466597622223\">https:\/\/x.com\/oswaldo_erazoa\/status\/1930048466597622223<\/a><\/p>\n\n\n\n<p>Por tanto, es grave la situaci\u00f3n petrolera de Ecuador, en la que se evidencia la crisis estructural que se present\u00f3 antes del incendio en la REE y de la paralizaci\u00f3n de los oleoductos, que &nbsp;exige acciones planificadas y urgentes.<\/p>\n\n\n\n<p>Queda pendiente analizar otros problemas del sector que tienen que ver con la calidad de los combustibles que se comercializan en Ecuador; \u00a0M\u00e1rgenes de Comercializaci\u00f3n; Contrabando de combustibles; Pinchazos a los poliductos y ahondar en las consecuencias econ\u00f3micas de la crisis petrolera en Ecuador.<\/p>\n\n\n\n<h1>Trabajos citados<\/h1>\n\n\n\n<p>Noti Mundo. (18 de julio de 2025). <em>Crisis petrolera ahondar\u00e1 la dependencia del pa\u00eds a la importaci\u00f3n de combustibles, seg\u00fan Oswaldo Erazo<\/em>. Obtenido de FMmundo.com: <a href=\"https:\/\/fmmundo.com\/notimundo\/economia\/crisis-petrolera-ahondara-dependencia-pais-importacion-combustibles-oswaldo-erazo-n79205\">https:\/\/fmmundo.com\/notimundo\/economia\/crisis-petrolera-ahondara-dependencia-pais-importacion-combustibles-oswaldo-erazo-n79205<\/a><\/p>\n\n\n\n<p>EP Petroecuador. (20 de julio de 2025). <em>EP Petroecuador.ec<\/em>. Obtenido de Cifras Institucionales: <a href=\"https:\/\/www.eppetroecuador.ec\/?p=3721\">https:\/\/www.eppetroecuador.ec\/?p=3721<\/a><\/p>\n\n\n\n<p>La Hora. (10 de junio de 2025). <em>La Hora<\/em>. Obtenido de Refiner\u00eda de Esmeraldas sin gasolina extra: Petroecuador asegura abastecimiento pese a ca\u00edda de stock: <a href=\"https:\/\/www.lahora.com.ec\/economia\/Refineria-de-Esmeraldas-sin-gasolina-Extra-Petroecuador-asegura-abastecimiento-pese-a-caida-de-stock-20250610-0042.html\">https:\/\/www.lahora.com.ec\/economia\/Refineria-de-Esmeraldas-sin-gasolina-Extra-Petroecuador-asegura-abastecimiento-pese-a-caida-de-stock-20250610-0042.html<\/a><\/p>\n","protected":false},"excerpt":{"rendered":"<p>Por: Econ Oswaldo Erazo Arboleda MBA. MSc. Antecedentes. Luego de 53 a\u00f1os de producci\u00f3n petrolera en Ecuador, la mayor\u00eda de campos son campos maduros, por lo que es l\u00f3gico que exista declinaci\u00f3n petrolera, a esta situaci\u00f3n \u201cnatural\u201d se suman la falta de certificaci\u00f3n de nuevas reservas, los problemas en la<\/p>\n","protected":false},"author":126,"featured_media":7600,"comment_status":"open","ping_status":"open","sticky":false,"template":"","format":"standard","meta":[],"categories":[1],"tags":[],"yoast_head":"<!-- This site is optimized with the Yoast SEO plugin v14.3 - https:\/\/yoast.com\/wordpress\/plugins\/seo\/ -->\n<title>Crisis en el Sector Petrolero de Ecuador - Opci&oacute;n S<\/title>\n<meta name=\"robots\" content=\"index, follow\" \/>\n<meta name=\"googlebot\" content=\"index, follow, max-snippet:-1, max-image-preview:large, max-video-preview:-1\" \/>\n<meta name=\"bingbot\" content=\"index, follow, max-snippet:-1, max-image-preview:large, max-video-preview:-1\" \/>\n<link rel=\"canonical\" href=\"https:\/\/opcions.ec\/portal\/2025\/07\/23\/crisis-en-el-sector-petrolero-de-ecuador\/\" \/>\n<meta property=\"og:locale\" content=\"es_ES\" \/>\n<meta property=\"og:type\" content=\"article\" \/>\n<meta property=\"og:title\" content=\"Crisis en el Sector Petrolero de Ecuador - Opci&oacute;n S\" \/>\n<meta property=\"og:description\" content=\"Por: Econ Oswaldo Erazo Arboleda MBA. MSc. Antecedentes. Luego de 53 a\u00f1os de producci\u00f3n petrolera en Ecuador, la mayor\u00eda de campos son campos maduros, por lo que es l\u00f3gico que exista declinaci\u00f3n petrolera, a esta situaci\u00f3n \u201cnatural\u201d se suman la falta de certificaci\u00f3n de nuevas reservas, los problemas en la\" \/>\n<meta property=\"og:url\" content=\"https:\/\/opcions.ec\/portal\/2025\/07\/23\/crisis-en-el-sector-petrolero-de-ecuador\/\" \/>\n<meta property=\"og:site_name\" content=\"Opci&oacute;n S\" \/>\n<meta property=\"article:published_time\" content=\"2025-07-23T14:45:54+00:00\" \/>\n<meta property=\"article:modified_time\" content=\"2026-01-16T03:56:17+00:00\" \/>\n<meta property=\"og:image\" content=\"https:\/\/opcions.ec\/portal\/wp-content\/uploads\/2025\/07\/petrolero.jpg\" \/>\n\t<meta property=\"og:image:width\" content=\"750\" \/>\n\t<meta property=\"og:image:height\" content=\"422\" \/>\n<meta name=\"twitter:card\" content=\"summary_large_image\" \/>\n<script type=\"application\/ld+json\" class=\"yoast-schema-graph\">{\"@context\":\"https:\/\/schema.org\",\"@graph\":[{\"@type\":\"WebSite\",\"@id\":\"https:\/\/opcions.ec\/portal\/#website\",\"url\":\"https:\/\/opcions.ec\/portal\/\",\"name\":\"Opci&oacute;n S\",\"description\":\"\",\"potentialAction\":[{\"@type\":\"SearchAction\",\"target\":\"https:\/\/opcions.ec\/portal\/?s={search_term_string}\",\"query-input\":\"required name=search_term_string\"}],\"inLanguage\":\"es\"},{\"@type\":\"ImageObject\",\"@id\":\"https:\/\/opcions.ec\/portal\/2025\/07\/23\/crisis-en-el-sector-petrolero-de-ecuador\/#primaryimage\",\"inLanguage\":\"es\",\"url\":\"https:\/\/opcions.ec\/portal\/wp-content\/uploads\/2025\/07\/petrolero.jpg\",\"width\":750,\"height\":422},{\"@type\":\"WebPage\",\"@id\":\"https:\/\/opcions.ec\/portal\/2025\/07\/23\/crisis-en-el-sector-petrolero-de-ecuador\/#webpage\",\"url\":\"https:\/\/opcions.ec\/portal\/2025\/07\/23\/crisis-en-el-sector-petrolero-de-ecuador\/\",\"name\":\"Crisis en el Sector Petrolero de Ecuador - Opci&oacute;n S\",\"isPartOf\":{\"@id\":\"https:\/\/opcions.ec\/portal\/#website\"},\"primaryImageOfPage\":{\"@id\":\"https:\/\/opcions.ec\/portal\/2025\/07\/23\/crisis-en-el-sector-petrolero-de-ecuador\/#primaryimage\"},\"datePublished\":\"2025-07-23T14:45:54+00:00\",\"dateModified\":\"2026-01-16T03:56:17+00:00\",\"author\":{\"@id\":\"https:\/\/opcions.ec\/portal\/#\/schema\/person\/5218631467512b7284a2d7c5d63cee84\"},\"breadcrumb\":{\"@id\":\"https:\/\/opcions.ec\/portal\/2025\/07\/23\/crisis-en-el-sector-petrolero-de-ecuador\/#breadcrumb\"},\"inLanguage\":\"es\",\"potentialAction\":[{\"@type\":\"ReadAction\",\"target\":[\"https:\/\/opcions.ec\/portal\/2025\/07\/23\/crisis-en-el-sector-petrolero-de-ecuador\/\"]}]},{\"@type\":\"BreadcrumbList\",\"@id\":\"https:\/\/opcions.ec\/portal\/2025\/07\/23\/crisis-en-el-sector-petrolero-de-ecuador\/#breadcrumb\",\"itemListElement\":[{\"@type\":\"ListItem\",\"position\":1,\"item\":{\"@type\":\"WebPage\",\"@id\":\"https:\/\/opcions.ec\/portal\/\",\"url\":\"https:\/\/opcions.ec\/portal\/\",\"name\":\"Portada\"}},{\"@type\":\"ListItem\",\"position\":2,\"item\":{\"@type\":\"WebPage\",\"@id\":\"https:\/\/opcions.ec\/portal\/2025\/07\/23\/crisis-en-el-sector-petrolero-de-ecuador\/\",\"url\":\"https:\/\/opcions.ec\/portal\/2025\/07\/23\/crisis-en-el-sector-petrolero-de-ecuador\/\",\"name\":\"Crisis en el Sector Petrolero de Ecuador\"}}]},{\"@type\":[\"Person\"],\"@id\":\"https:\/\/opcions.ec\/portal\/#\/schema\/person\/5218631467512b7284a2d7c5d63cee84\",\"name\":\"Econ. Oswaldo Erazo Arboleda, MBA.\",\"image\":{\"@type\":\"ImageObject\",\"@id\":\"https:\/\/opcions.ec\/portal\/#personlogo\",\"inLanguage\":\"es\",\"url\":\"https:\/\/opcions.ec\/portal\/wp-content\/uploads\/2025\/04\/OswaldoErazo.jpg\",\"caption\":\"Econ. Oswaldo Erazo Arboleda, MBA.\"},\"description\":\"Secretario Ejecutivo de la CAMDDEPE, C\\u00e1mara Nacional de Distribuidores de Derivados de Petr\\u00f3leo del Ecuador; docente universitario. Mag\\u00edster en Gerencia Empresarial, MBA (Escuela Polit\\u00e9cnica Nacional del Ecuador), Mag\\u00edster de Gesti\\u00f3n de Desarrollo (UASB). Maestrante de Innovaci\\u00f3n en la Educaci\\u00f3n (UDLA) Posgrado en Econom\\u00eda Social y Gerencia de Cooperativas (Universidad Nacional de Tres de Febrero, Argentina), Certificaci\\u00f3n y Diplomado en Docencia Universitaria (UDLA) Economista (Universidad Central del Ecuador). Especialista en geopol\\u00edtica petrolera, investigaci\\u00f3n del mercado petrolero, comercializaci\\u00f3n de combustibles en el Ecuador, subsidios energ\\u00e9ticos, direcci\\u00f3n estrat\\u00e9gica y administraci\\u00f3n financiera. Su opini\\u00f3n es tomada y reproducida por la prensa nacional e internacional.\"}]}<\/script>\n<!-- \/ Yoast SEO plugin. -->","_links":{"self":[{"href":"https:\/\/opcions.ec\/portal\/wp-json\/wp\/v2\/posts\/7587"}],"collection":[{"href":"https:\/\/opcions.ec\/portal\/wp-json\/wp\/v2\/posts"}],"about":[{"href":"https:\/\/opcions.ec\/portal\/wp-json\/wp\/v2\/types\/post"}],"author":[{"embeddable":true,"href":"https:\/\/opcions.ec\/portal\/wp-json\/wp\/v2\/users\/126"}],"replies":[{"embeddable":true,"href":"https:\/\/opcions.ec\/portal\/wp-json\/wp\/v2\/comments?post=7587"}],"version-history":[{"count":6,"href":"https:\/\/opcions.ec\/portal\/wp-json\/wp\/v2\/posts\/7587\/revisions"}],"predecessor-version":[{"id":7639,"href":"https:\/\/opcions.ec\/portal\/wp-json\/wp\/v2\/posts\/7587\/revisions\/7639"}],"wp:featuredmedia":[{"embeddable":true,"href":"https:\/\/opcions.ec\/portal\/wp-json\/wp\/v2\/media\/7600"}],"wp:attachment":[{"href":"https:\/\/opcions.ec\/portal\/wp-json\/wp\/v2\/media?parent=7587"}],"wp:term":[{"taxonomy":"category","embeddable":true,"href":"https:\/\/opcions.ec\/portal\/wp-json\/wp\/v2\/categories?post=7587"},{"taxonomy":"post_tag","embeddable":true,"href":"https:\/\/opcions.ec\/portal\/wp-json\/wp\/v2\/tags?post=7587"}],"curies":[{"name":"wp","href":"https:\/\/api.w.org\/{rel}","templated":true}]}}