{"id":7511,"date":"2025-06-11T22:53:03","date_gmt":"2025-06-11T22:53:03","guid":{"rendered":"https:\/\/opcions.ec\/portal\/?p=7511"},"modified":"2025-06-11T22:53:08","modified_gmt":"2025-06-11T22:53:08","slug":"marc-h-ellis-y-la-teologia-judia-de-la-liberacion-palestina","status":"publish","type":"post","link":"https:\/\/opcions.ec\/portal\/2025\/06\/11\/marc-h-ellis-y-la-teologia-judia-de-la-liberacion-palestina\/","title":{"rendered":"Marc H. Ellis y la Teolog\u00eda Jud\u00eda de la Liberaci\u00f3n Palestina"},"content":{"rendered":"\n<p>Mientras vemos en vivo y en directo la profundizaci\u00f3n del genocidio en Gaza de parte del Estado de Israel contra el pueblo palestino, no podemos mantenernos al margen quienes defendemos los derechos humanos y no articularnos para visibilizar voces cr\u00edticas en todas partes, sobre todo desde el mundo jud\u00edo, el cual sigue estando colonizado en buena parte por el sionismo.<\/p>\n\n\n\n<p>Lo menciono ya que si bien hay muchas organizaciones jud\u00edas y personas jud\u00edas y\/o descendientes denunciando desde hace d\u00e9cadas las atrocidades que ha cometido el Estado colonial de Israel desde su fundaci\u00f3n en adelante, no son muchas las voces actuales que ofrecen una mirada te\u00f3rica, intelectual y teol\u00f3gica desde el juda\u00edsmo, que se contraponga a la hegem\u00f3nica, la cual est\u00e1 llevando a todo un pueblo a un precipicio y a otro a su exterminio.<\/p>\n\n\n\n<p>Una de esas voces fundamentales para entender el horror en Palestina y darnos ciertas respuestas, fue lo planteado por Marc H. Ellis en su Teolog\u00eda Jud\u00eda de la Liberaci\u00f3n, la cual se vuelve una mirada imprescindible en estos tiempos de violencia y desesperanza, en donde el Estado de Israel no solo est\u00e1 en un plan de destrucci\u00f3n del pueblo palestino, sino tambien en una destruccion de las bases judias mismas,<\/p>\n\n\n\n<p>De ah\u00ed que el pensamiento de Marc H. Ellis, quien falleciera hace un a\u00f1o atr\u00e1s, nos entregue una mirada muy interesante, capaz de entrelazar las luchas por la justicia social y por los oprimidos, proveniente de la Teolog\u00eda de la Liberaci\u00f3n Latinoamericana, con la tradici\u00f3n prof\u00e9tica jud\u00eda, permitiendo dar un camino a todos esos jud\u00edos que ven que lo que est\u00e1 ocurriendo en Palestina es una contradicci\u00f3n completa con los principios b\u00edblicos elementales del juda\u00edsmo.<\/p>\n\n\n\n<p>Por eso que para Marc H. Ellis el sionismo y la formaci\u00f3n del Estado de Israel representan una negaci\u00f3n a la tradici\u00f3n jud\u00eda hist\u00f3rica misma y un instrumento de opresi\u00f3n, el cual se une al llamado juda\u00edsmo constantiniano, en donde la religi\u00f3n se uni\u00f3 con el poder estatal e imperial, as\u00ed como ocurri\u00f3 con el cristianismo en el momento que el emperador Constantino la transform\u00f3 en la religi\u00f3n oficial del Imperio Romano.<\/p>\n\n\n\n<p>En consecuencia, el juda\u00edsmo con la irrupci\u00f3n del sionismo y el Estado colonial de Israel, pas\u00f3 a ser un juda\u00edsmo del imperio, alej\u00e1ndose de su tradici\u00f3n \u00e9tica m\u00e1s profunda, que empatiza y solidariza con las injusticias y el sufrimiento de los dem\u00e1s, derivando en un nacionalismo y militarismo cerrado en s\u00ed mismo, que segrega, excluye y niega al otro.<\/p>\n\n\n\n<p>Ante esto, para Ellis la liberaci\u00f3n del pueblo jud\u00edo s\u00f3lo ser\u00e1 posible en la medida que se libere al pueblo palestino, por lo que la memoria de la Sho\u00e1 (Holocausto) nunca debe ser usado para justificar la opresi\u00f3n, sino muy por el contrario, debe servir para ponerse en el lugar de quienes han sufrido, como lo ocurrido desde la Nakba (Cat\u00e1strofe) Palestina, la cual ha tra\u00eddo desplazamientos, muerte y deshumanizacion.<\/p>\n\n\n\n<p>Dicho lo anterior, Marc H. Ellis plantea la idea de jud\u00edos de conciencia para oponerse al juda\u00edsmo constantiniano imperial, para todos aquellos jud\u00edos que ven con espanto lo que ha hecho el sionismo y el Estado de Israel por d\u00e9cadas, negando la \u00e9tica jud\u00eda y haciendo con los palestinos lo que fue realizado tambi\u00e9n contra los jud\u00edos en otros momentos hist\u00f3ricos<\/p>\n\n\n\n<p>Es verdad, no ser\u00e1 f\u00e1cil liberar y descolonizar a los jud\u00edos de estructuras de poder tan fuertes, pero es el \u00fanico camino posible para la paz en Palestina y para que los propios jud\u00edos recuperen una \u00e9tica profunda, que deje atr\u00e1s miedos, rabia, desconfianza y una desconexion completa con el dolor de millones de palestinos, que siguen siendo humillados y privados de m\u00ednimos derechos.<\/p>\n\n\n\n<p>Por \u00faltimo, dejo una frase de Marc H. Ellis, extra\u00edda de una conversaci\u00f3n que tuvo con Robert Cohen, en la cual nos se\u00f1ala lo siguiente, a proposito del genocidio actual en Gaza: \u00abla injusticia que hemos perpetuado contra los palestinos nos ha llevado al fin de la historia jud\u00eda \u00e9tica. La pregunta para los jud\u00edos, la \u00fanica pregunta, es \u00bfqu\u00e9 haremos al llegar a este punto? (1).<\/p>\n\n\n\n<p>1: <a href=\"https:\/\/mondoweiss.net\/2018\/08\/bringing-return-prophetic\/?fbclid=IwY2xjawKf7x5leHRuA2FlbQIxMQABHq1YAefD5EQr2krChf8G_ihk6xwBs8Rbn0It_Z_9WEpCcIeM8qCySJ4v4Xqy_aem_6TvhprjlPCFWpVk3J8iL6Q&amp;sfnsn=wa\" target=\"_blank\" rel=\"noreferrer noopener\">https:\/\/mondoweiss.net\/2018\/08\/bringing-return-prophetic\/?fbclid=IwY2xjawKf7x5leHRuA2FlbQIxMQABHq1YAefD5EQr2krChf8G_ihk6xwBs8Rbn0It_Z_9WEpCcIeM8qCySJ4v4Xqy_aem_6TvhprjlPCFWpVk3J8iL6Q&amp;sfnsn=wa<\/a><\/p>\n","protected":false},"excerpt":{"rendered":"<p>Mientras vemos en vivo y en directo la profundizaci\u00f3n del genocidio en Gaza de parte del Estado de Israel contra el pueblo palestino, no podemos mantenernos al margen quienes defendemos los derechos humanos y no articularnos para visibilizar voces cr\u00edticas en todas partes, sobre todo desde el mundo jud\u00edo, el<\/p>\n","protected":false},"author":116,"featured_media":7512,"comment_status":"open","ping_status":"open","sticky":false,"template":"","format":"standard","meta":[],"categories":[1],"tags":[],"yoast_head":"<!-- This site is optimized with the Yoast SEO plugin v14.3 - https:\/\/yoast.com\/wordpress\/plugins\/seo\/ -->\n<title>Marc H. Ellis y la Teolog\u00eda Jud\u00eda de la Liberaci\u00f3n Palestina - Opci&oacute;n S<\/title>\n<meta name=\"robots\" content=\"index, follow\" \/>\n<meta name=\"googlebot\" content=\"index, follow, max-snippet:-1, max-image-preview:large, max-video-preview:-1\" \/>\n<meta name=\"bingbot\" content=\"index, follow, max-snippet:-1, max-image-preview:large, max-video-preview:-1\" \/>\n<link rel=\"canonical\" href=\"https:\/\/opcions.ec\/portal\/2025\/06\/11\/marc-h-ellis-y-la-teologia-judia-de-la-liberacion-palestina\/\" \/>\n<meta property=\"og:locale\" content=\"es_ES\" \/>\n<meta property=\"og:type\" content=\"article\" \/>\n<meta property=\"og:title\" content=\"Marc H. Ellis y la Teolog\u00eda Jud\u00eda de la Liberaci\u00f3n Palestina - Opci&oacute;n S\" \/>\n<meta property=\"og:description\" content=\"Mientras vemos en vivo y en directo la profundizaci\u00f3n del genocidio en Gaza de parte del Estado de Israel contra el pueblo palestino, no podemos mantenernos al margen quienes defendemos los derechos humanos y no articularnos para visibilizar voces cr\u00edticas en todas partes, sobre todo desde el mundo jud\u00edo, el\" \/>\n<meta property=\"og:url\" content=\"https:\/\/opcions.ec\/portal\/2025\/06\/11\/marc-h-ellis-y-la-teologia-judia-de-la-liberacion-palestina\/\" \/>\n<meta property=\"og:site_name\" content=\"Opci&oacute;n S\" \/>\n<meta property=\"article:published_time\" content=\"2025-06-11T22:53:03+00:00\" \/>\n<meta property=\"article:modified_time\" content=\"2025-06-11T22:53:08+00:00\" \/>\n<meta property=\"og:image\" content=\"https:\/\/opcions.ec\/portal\/wp-content\/uploads\/2025\/06\/Teologia-Judia.jpeg\" \/>\n\t<meta property=\"og:image:width\" content=\"1200\" \/>\n\t<meta property=\"og:image:height\" content=\"675\" \/>\n<meta name=\"twitter:card\" content=\"summary_large_image\" \/>\n<script type=\"application\/ld+json\" class=\"yoast-schema-graph\">{\"@context\":\"https:\/\/schema.org\",\"@graph\":[{\"@type\":\"WebSite\",\"@id\":\"https:\/\/opcions.ec\/portal\/#website\",\"url\":\"https:\/\/opcions.ec\/portal\/\",\"name\":\"Opci&oacute;n S\",\"description\":\"\",\"potentialAction\":[{\"@type\":\"SearchAction\",\"target\":\"https:\/\/opcions.ec\/portal\/?s={search_term_string}\",\"query-input\":\"required name=search_term_string\"}],\"inLanguage\":\"es\"},{\"@type\":\"ImageObject\",\"@id\":\"https:\/\/opcions.ec\/portal\/2025\/06\/11\/marc-h-ellis-y-la-teologia-judia-de-la-liberacion-palestina\/#primaryimage\",\"inLanguage\":\"es\",\"url\":\"https:\/\/opcions.ec\/portal\/wp-content\/uploads\/2025\/06\/Teologia-Judia.jpeg\",\"width\":1200,\"height\":675},{\"@type\":\"WebPage\",\"@id\":\"https:\/\/opcions.ec\/portal\/2025\/06\/11\/marc-h-ellis-y-la-teologia-judia-de-la-liberacion-palestina\/#webpage\",\"url\":\"https:\/\/opcions.ec\/portal\/2025\/06\/11\/marc-h-ellis-y-la-teologia-judia-de-la-liberacion-palestina\/\",\"name\":\"Marc H. Ellis y la Teolog\\u00eda Jud\\u00eda de la Liberaci\\u00f3n Palestina - Opci&oacute;n S\",\"isPartOf\":{\"@id\":\"https:\/\/opcions.ec\/portal\/#website\"},\"primaryImageOfPage\":{\"@id\":\"https:\/\/opcions.ec\/portal\/2025\/06\/11\/marc-h-ellis-y-la-teologia-judia-de-la-liberacion-palestina\/#primaryimage\"},\"datePublished\":\"2025-06-11T22:53:03+00:00\",\"dateModified\":\"2025-06-11T22:53:08+00:00\",\"author\":{\"@id\":\"https:\/\/opcions.ec\/portal\/#\/schema\/person\/86fe8f06a73988ae082ce43211606769\"},\"breadcrumb\":{\"@id\":\"https:\/\/opcions.ec\/portal\/2025\/06\/11\/marc-h-ellis-y-la-teologia-judia-de-la-liberacion-palestina\/#breadcrumb\"},\"inLanguage\":\"es\",\"potentialAction\":[{\"@type\":\"ReadAction\",\"target\":[\"https:\/\/opcions.ec\/portal\/2025\/06\/11\/marc-h-ellis-y-la-teologia-judia-de-la-liberacion-palestina\/\"]}]},{\"@type\":\"BreadcrumbList\",\"@id\":\"https:\/\/opcions.ec\/portal\/2025\/06\/11\/marc-h-ellis-y-la-teologia-judia-de-la-liberacion-palestina\/#breadcrumb\",\"itemListElement\":[{\"@type\":\"ListItem\",\"position\":1,\"item\":{\"@type\":\"WebPage\",\"@id\":\"https:\/\/opcions.ec\/portal\/\",\"url\":\"https:\/\/opcions.ec\/portal\/\",\"name\":\"Portada\"}},{\"@type\":\"ListItem\",\"position\":2,\"item\":{\"@type\":\"WebPage\",\"@id\":\"https:\/\/opcions.ec\/portal\/2025\/06\/11\/marc-h-ellis-y-la-teologia-judia-de-la-liberacion-palestina\/\",\"url\":\"https:\/\/opcions.ec\/portal\/2025\/06\/11\/marc-h-ellis-y-la-teologia-judia-de-la-liberacion-palestina\/\",\"name\":\"Marc H. Ellis y la Teolog\\u00eda Jud\\u00eda de la Liberaci\\u00f3n Palestina\"}}]},{\"@type\":[\"Person\"],\"@id\":\"https:\/\/opcions.ec\/portal\/#\/schema\/person\/86fe8f06a73988ae082ce43211606769\",\"name\":\"Andr\\u00e9s Kogan Valderrama\",\"image\":{\"@type\":\"ImageObject\",\"@id\":\"https:\/\/opcions.ec\/portal\/#personlogo\",\"inLanguage\":\"es\",\"url\":\"https:\/\/opcions.ec\/portal\/wp-content\/uploads\/2021\/02\/Foto-Andres1.jpg\",\"caption\":\"Andr\\u00e9s Kogan Valderrama\"},\"description\":\"Soci\\u00f3logo de la Universidad Central de Chile Diplomado en Educaci\\u00f3n para el Desarrollo Sustentable Mag\\u00edster en Comunicaci\\u00f3n y Cultura Contempor\\u00e1nea Doctorando en Estudios Sociales de Am\\u00e9rica Latina Integrante de Comit\\u00e9 Cient\\u00edfico de Revista Iberoam\\u00e9rica Social Miembro del Movimiento al Buen Vivir Global https:\/\/buenvivir.global\/ Director del Observatorio Plurinacional de Aguas www.oplas.org\"}]}<\/script>\n<!-- \/ Yoast SEO plugin. -->","_links":{"self":[{"href":"https:\/\/opcions.ec\/portal\/wp-json\/wp\/v2\/posts\/7511"}],"collection":[{"href":"https:\/\/opcions.ec\/portal\/wp-json\/wp\/v2\/posts"}],"about":[{"href":"https:\/\/opcions.ec\/portal\/wp-json\/wp\/v2\/types\/post"}],"author":[{"embeddable":true,"href":"https:\/\/opcions.ec\/portal\/wp-json\/wp\/v2\/users\/116"}],"replies":[{"embeddable":true,"href":"https:\/\/opcions.ec\/portal\/wp-json\/wp\/v2\/comments?post=7511"}],"version-history":[{"count":2,"href":"https:\/\/opcions.ec\/portal\/wp-json\/wp\/v2\/posts\/7511\/revisions"}],"predecessor-version":[{"id":7515,"href":"https:\/\/opcions.ec\/portal\/wp-json\/wp\/v2\/posts\/7511\/revisions\/7515"}],"wp:featuredmedia":[{"embeddable":true,"href":"https:\/\/opcions.ec\/portal\/wp-json\/wp\/v2\/media\/7512"}],"wp:attachment":[{"href":"https:\/\/opcions.ec\/portal\/wp-json\/wp\/v2\/media?parent=7511"}],"wp:term":[{"taxonomy":"category","embeddable":true,"href":"https:\/\/opcions.ec\/portal\/wp-json\/wp\/v2\/categories?post=7511"},{"taxonomy":"post_tag","embeddable":true,"href":"https:\/\/opcions.ec\/portal\/wp-json\/wp\/v2\/tags?post=7511"}],"curies":[{"name":"wp","href":"https:\/\/api.w.org\/{rel}","templated":true}]}}