{"id":7360,"date":"2024-04-08T15:34:24","date_gmt":"2024-04-08T15:34:24","guid":{"rendered":"https:\/\/opcions.ec\/portal\/?p=7360"},"modified":"2024-04-08T15:34:25","modified_gmt":"2024-04-08T15:34:25","slug":"la-ruptura-de-relaciones-diplomaticas-de-mexico-con-ecuador","status":"publish","type":"post","link":"https:\/\/opcions.ec\/portal\/2024\/04\/08\/la-ruptura-de-relaciones-diplomaticas-de-mexico-con-ecuador\/","title":{"rendered":"La ruptura de relaciones diplom\u00e1ticas de M\u00e9xico con Ecuador"},"content":{"rendered":"<p style=\"text-align: right;\"><strong>Manuel Salgado Tamayo<\/strong><\/p>\n<p style=\"text-align: justify;\">La ruptura de relaciones diplom\u00e1ticas con Ecuador, declarada por el gobierno de M\u00e9xico como consecuencia de la violaci\u00f3n de su sede diplom\u00e1tica en Quito, es un hecho lamentable en la historia de las relaciones entre nuestros pueblos que se han caracterizado por la cooperaci\u00f3n, la ayuda mutua y la fraternidad.<\/p>\n<p style=\"text-align: justify;\">El tel\u00f3n de fondo de este hecho est\u00e1 en las diferencias ideol\u00f3gico \u2013 pol\u00edticas, intercapitalistas, que se viven en Am\u00e9rica Latina entre los llamados gobiernos progresistas y aquellos que se identifican con la derecha y la extrema derecha \u201clibertaria\u201d. Todos los ecuatorianos conocemos que, en los tres \u00faltimos gobiernos, es decir los de Lenin Moreno, Guillermo Lasso y Daniel Noboa se han mantenido procesos judiciales que han puesto en evidencia graves delitos contra la propiedad del Estado que se habr\u00edan cometido durante la d\u00e9cada correista. Esos procesos han sido un claro impedimento para que los candidatos presidenciales del Corre\u00edsmo ganen las elecciones presidenciales, aunque no han sido obst\u00e1culo para que, la hoy llamada Revoluci\u00f3n Ciudadana, mantenga una preferencia electoral muy alta que explica su presencia tanto en el poder legislativo como en los gobiernos locales.<\/p>\n<p style=\"text-align: justify;\">Las tensiones entre el gobierno de M\u00e9xico y Ecuador se agravaron desde el mes de diciembre del a\u00f1o pasado cuando el ex vicepresidente Jorge Glas se aloj\u00f3 en la calidad de hu\u00e9sped en la Embajada de M\u00e9xico en Quito, pero el momento m\u00e1s explosivo se desarroll\u00f3 a partir de las declaraciones formuladas por al presidente L\u00f3pez Obrador el mi\u00e9rcoles 3 de abril que, en esencia, dijo:<\/p>\n<blockquote>\n<p style=\"text-align: justify;\">\u201cHubo elecciones en Ecuador, iba la candidata de la fuerza progresista con 10 puntos arriba(\u2026) Entonces un candidato que habla mal de la candidata que va arriba, de repente es asesinado, y la candidata que iba arriba se cae y el candidato que iba segundo sube\u201d.<\/p>\n<\/blockquote>\n<p style=\"text-align: justify;\">Aunque L\u00f3pez Obrador no dice nombres es claro que alude a las elecciones en que es elegido presidente Daniel Noboa y que se refiere al asesinato del candidato Fernando Villavicencio y a la candidata Luisa Gonz\u00e1lez. La respuesta del gobierno ecuatoriano se produce el jueves 4 cuando se declara \u201cpersona no grata\u201d a la Embajadora de M\u00e9xico y se le da un plazo de 72 horas para que abandone el Pa\u00eds. El gobierno ecuatoriano, siguiendo la cadena de errores que ha cometido en las relaciones internacionales, interviene con la fuerza p\u00fablica en la embajada de M\u00e9xico en Quito, en la noche del viernes 5 de abril, para capturar a Jorge Glas, lo que determina la respuesta terminante de L\u00f3pez Obrador de romper relaciones diplom\u00e1ticas con el gobierno del Ecuador, seguida del apoyo a M\u00e9xico de casi todos los gobiernos latinoamericanos y del Caribe a los que se han sumado tambi\u00e9n los Estados Unidos y la Uni\u00f3n Europea que condenan como un hecho ins\u00f3lito la violaci\u00f3n de la sede diplom\u00e1tica mexicana en Quito y las agresiones al jefe de la misi\u00f3n lo que trae como resultado el consiguiente aislamiento internacional del gobierno ecuatoriano.<\/p>\n<p style=\"text-align: justify;\">A la luz del derecho internacional el gobierno de M\u00e9xico no pod\u00eda conceder el asilo a Jorge Glas que es un ciudadano juzgado, procesado y sentenciado por graves delitos contra la propiedad del Estado, pues al hacerlo viola el art\u00edculo 14 numeral segundo de la Declaraci\u00f3n Universal de los Derechos Humanos de 1948 que dice:<\/p>\n<blockquote>\n<p style=\"text-align: justify;\">\u201cEste derecho no podr\u00e1 ser invocado contra una acci\u00f3n judicial realmente originada por delitos comunes\u201d.<\/p>\n<\/blockquote>\n<p style=\"text-align: justify;\">Tambi\u00e9n la Convenci\u00f3n de Caracas es explicita en se\u00f1alar que el derecho de asilo no protege a los autores de delitos comunes.<\/p>\n<p style=\"text-align: justify;\">A su vez el gobierno del Ecuador viol\u00f3 de modo flagrante e inaceptable el art\u00edculo 22, p\u00e1rrafo 1 de la Convenci\u00f3n de Viena de 1961 que establece \u201cLos locales de la misi\u00f3n\u201d diplom\u00e1tica son inviolables. En la misma convenci\u00f3n se establece que \u201cla persona del agente diplom\u00e1tico es inviolable\u201d.<\/p>\n<p style=\"text-align: justify;\">A la luz de los hechos consumados todos nos preguntamos si pod\u00eda el gobierno del Ecuador tomar una actitud distinta y es indudable que: aunque el jefe de Estado es el que define la pol\u00edtica exterior, (ver art\u00edculo 147, numeral 10 de la Constituci\u00f3n,) si hubiera dispuesto de un buen asesoramiento pudo ordenar se redacte una nota de protesta por las declaraciones \u201cdesafortunadas\u201d de L\u00f3pez Obrador, como las califica la Canciller, sobre las elecciones presidenciales ecuatorianas. M\u00e1s a\u00fan cuando M\u00e9xico concede el asilo a Jorge Glas pudo el gobierno ecuatoriano no extender el salvoconducto y desatar una ofensiva diplom\u00e1tica internacional para aclarar la situaci\u00f3n judicial de Jorge Glas.<\/p>\n<p style=\"text-align: justify;\">Los acontecimientos, comentados muy brevemente, tienen adem\u00e1s como una consecuencia interna pol\u00edtica inmediata la ruptura de la alianza que ten\u00eda Noboa con las fuerzas pol\u00edticas del corre\u00edsmo y que le permitieron con su apoyo y el del PSC aprobar las \u00faltimas 5 leyes econ\u00f3micas urgentes. Esto puede deducirse de la petici\u00f3n de la candidata Luisa Gonz\u00e1lez que le ha pedido la renuncia al Presidente. La CONAIE ha calificado de fascista la actitud del gobierno y, en general, organizaciones y personalidades ecuatorianas han manifestado su desacuerdo por el extraviado rumbo de la pol\u00edtica exterior del gobierno ecuatoriano que hace poco tuvo que recular de la decisi\u00f3n de entregar armamento ruso a los Estados Unidos para que lo haga llegar a Ucrania, comprometi\u00e9ndonos en esa guerra lamentable y tr\u00e1gica.<\/p>\n<blockquote>\n<p style=\"text-align: justify;\">A pocos d\u00edas de la Consulta Popular, como ha sucedido en el Ecuador varias veces, esta puede convertirse en un term\u00f3metro que mida la popularidad y el grado de legitimidad democr\u00e1tica del r\u00e9gimen.<\/p>\n<\/blockquote>\n<p style=\"text-align: justify;\">A la lluvia de cr\u00edticas nacionales e internacionales habr\u00e1 que sumar las sanciones econ\u00f3micas que nos puede imponer la Corte Internacional de Justicia a cuyo seno ha decidido acudir el gobierno de M\u00e9xico para denunciar la violaci\u00f3n del derecho internacional por parte del gobierno del Ecuador.<\/p>\n<p style=\"text-align: justify;\">A la crisis econ\u00f3mica, agravada por las pol\u00edticas de ajuste estructural, la violencia y el narcotr\u00e1fico se suma ahora la evidencia de un mal gobierno. Ojal\u00e1 el Ecuador pueda encontrar alternativas democr\u00e1ticas que nos permitan salir de este momento de confusi\u00f3n y desaliento de nuestra historia.<\/p>\n<p style=\"text-align: justify;\">\n","protected":false},"excerpt":{"rendered":"<p>Manuel Salgado Tamayo La ruptura de relaciones diplom\u00e1ticas con Ecuador, declarada por el gobierno de M\u00e9xico como consecuencia de la violaci\u00f3n de su sede diplom\u00e1tica en Quito, es un hecho lamentable en la historia de las relaciones entre nuestros pueblos que se han caracterizado por la cooperaci\u00f3n, la ayuda mutua<\/p>\n","protected":false},"author":7,"featured_media":7361,"comment_status":"open","ping_status":"open","sticky":false,"template":"","format":"standard","meta":[],"categories":[1],"tags":[],"yoast_head":"<!-- This site is optimized with the Yoast SEO plugin v14.3 - https:\/\/yoast.com\/wordpress\/plugins\/seo\/ -->\n<title>La ruptura de relaciones diplom\u00e1ticas de M\u00e9xico con Ecuador - Opci&oacute;n S<\/title>\n<meta name=\"robots\" content=\"index, follow\" \/>\n<meta name=\"googlebot\" content=\"index, follow, max-snippet:-1, max-image-preview:large, max-video-preview:-1\" \/>\n<meta name=\"bingbot\" content=\"index, follow, max-snippet:-1, max-image-preview:large, max-video-preview:-1\" \/>\n<link rel=\"canonical\" href=\"https:\/\/opcions.ec\/portal\/2024\/04\/08\/la-ruptura-de-relaciones-diplomaticas-de-mexico-con-ecuador\/\" \/>\n<meta property=\"og:locale\" content=\"es_ES\" \/>\n<meta property=\"og:type\" content=\"article\" \/>\n<meta property=\"og:title\" content=\"La ruptura de relaciones diplom\u00e1ticas de M\u00e9xico con Ecuador - Opci&oacute;n S\" \/>\n<meta property=\"og:description\" content=\"Manuel Salgado Tamayo La ruptura de relaciones diplom\u00e1ticas con Ecuador, declarada por el gobierno de M\u00e9xico como consecuencia de la violaci\u00f3n de su sede diplom\u00e1tica en Quito, es un hecho lamentable en la historia de las relaciones entre nuestros pueblos que se han caracterizado por la cooperaci\u00f3n, la ayuda mutua\" \/>\n<meta property=\"og:url\" content=\"https:\/\/opcions.ec\/portal\/2024\/04\/08\/la-ruptura-de-relaciones-diplomaticas-de-mexico-con-ecuador\/\" \/>\n<meta property=\"og:site_name\" content=\"Opci&oacute;n S\" \/>\n<meta property=\"article:published_time\" content=\"2024-04-08T15:34:24+00:00\" \/>\n<meta property=\"article:modified_time\" content=\"2024-04-08T15:34:25+00:00\" \/>\n<meta property=\"og:image\" content=\"https:\/\/opcions.ec\/portal\/wp-content\/uploads\/2024\/04\/U4DKBSIUI5CT3LUPCVZQ7S4YEA.jpg\" \/>\n\t<meta property=\"og:image:width\" content=\"1920\" \/>\n\t<meta property=\"og:image:height\" content=\"1080\" \/>\n<meta name=\"twitter:card\" content=\"summary_large_image\" \/>\n<script type=\"application\/ld+json\" class=\"yoast-schema-graph\">{\"@context\":\"https:\/\/schema.org\",\"@graph\":[{\"@type\":\"WebSite\",\"@id\":\"https:\/\/opcions.ec\/portal\/#website\",\"url\":\"https:\/\/opcions.ec\/portal\/\",\"name\":\"Opci&oacute;n S\",\"description\":\"\",\"potentialAction\":[{\"@type\":\"SearchAction\",\"target\":\"https:\/\/opcions.ec\/portal\/?s={search_term_string}\",\"query-input\":\"required name=search_term_string\"}],\"inLanguage\":\"es\"},{\"@type\":\"ImageObject\",\"@id\":\"https:\/\/opcions.ec\/portal\/2024\/04\/08\/la-ruptura-de-relaciones-diplomaticas-de-mexico-con-ecuador\/#primaryimage\",\"inLanguage\":\"es\",\"url\":\"https:\/\/opcions.ec\/portal\/wp-content\/uploads\/2024\/04\/U4DKBSIUI5CT3LUPCVZQ7S4YEA.jpg\",\"width\":1920,\"height\":1080},{\"@type\":\"WebPage\",\"@id\":\"https:\/\/opcions.ec\/portal\/2024\/04\/08\/la-ruptura-de-relaciones-diplomaticas-de-mexico-con-ecuador\/#webpage\",\"url\":\"https:\/\/opcions.ec\/portal\/2024\/04\/08\/la-ruptura-de-relaciones-diplomaticas-de-mexico-con-ecuador\/\",\"name\":\"La ruptura de relaciones diplom\\u00e1ticas de M\\u00e9xico con Ecuador - Opci&oacute;n S\",\"isPartOf\":{\"@id\":\"https:\/\/opcions.ec\/portal\/#website\"},\"primaryImageOfPage\":{\"@id\":\"https:\/\/opcions.ec\/portal\/2024\/04\/08\/la-ruptura-de-relaciones-diplomaticas-de-mexico-con-ecuador\/#primaryimage\"},\"datePublished\":\"2024-04-08T15:34:24+00:00\",\"dateModified\":\"2024-04-08T15:34:25+00:00\",\"author\":{\"@id\":\"https:\/\/opcions.ec\/portal\/#\/schema\/person\/3db2286ef94012190dfcb1e0d9fa38eb\"},\"breadcrumb\":{\"@id\":\"https:\/\/opcions.ec\/portal\/2024\/04\/08\/la-ruptura-de-relaciones-diplomaticas-de-mexico-con-ecuador\/#breadcrumb\"},\"inLanguage\":\"es\",\"potentialAction\":[{\"@type\":\"ReadAction\",\"target\":[\"https:\/\/opcions.ec\/portal\/2024\/04\/08\/la-ruptura-de-relaciones-diplomaticas-de-mexico-con-ecuador\/\"]}]},{\"@type\":\"BreadcrumbList\",\"@id\":\"https:\/\/opcions.ec\/portal\/2024\/04\/08\/la-ruptura-de-relaciones-diplomaticas-de-mexico-con-ecuador\/#breadcrumb\",\"itemListElement\":[{\"@type\":\"ListItem\",\"position\":1,\"item\":{\"@type\":\"WebPage\",\"@id\":\"https:\/\/opcions.ec\/portal\/\",\"url\":\"https:\/\/opcions.ec\/portal\/\",\"name\":\"Portada\"}},{\"@type\":\"ListItem\",\"position\":2,\"item\":{\"@type\":\"WebPage\",\"@id\":\"https:\/\/opcions.ec\/portal\/2024\/04\/08\/la-ruptura-de-relaciones-diplomaticas-de-mexico-con-ecuador\/\",\"url\":\"https:\/\/opcions.ec\/portal\/2024\/04\/08\/la-ruptura-de-relaciones-diplomaticas-de-mexico-con-ecuador\/\",\"name\":\"La ruptura de relaciones diplom\\u00e1ticas de M\\u00e9xico con Ecuador\"}}]},{\"@type\":[\"Person\"],\"@id\":\"https:\/\/opcions.ec\/portal\/#\/schema\/person\/3db2286ef94012190dfcb1e0d9fa38eb\",\"name\":\"Manuel Salgado\",\"image\":{\"@type\":\"ImageObject\",\"@id\":\"https:\/\/opcions.ec\/portal\/#personlogo\",\"inLanguage\":\"es\",\"url\":\"https:\/\/secure.gravatar.com\/avatar\/1a7c40b33d97e975f47eef16f5c0bad5?s=96&d=mm&r=g\",\"caption\":\"Manuel Salgado\"},\"description\":\"Profesor Em\\u00e9rito de la Universidad Central del Ecuador. Ex legislador. Literato. Mgs. en Relaciones Econ\\u00f3micas Internacionales menci\\u00f3n Comercio e Integraci\\u00f3n por la Universidad Andina Sim\\u00f3n Bolivar. Ex vicepresidente del Congreso Nacional del Ecuador Ex presidente nacional del Partido Socialista Ecuatoriano. Doctor (PHD) en Estudios Latinoamericanos.\"}]}<\/script>\n<!-- \/ Yoast SEO plugin. -->","_links":{"self":[{"href":"https:\/\/opcions.ec\/portal\/wp-json\/wp\/v2\/posts\/7360"}],"collection":[{"href":"https:\/\/opcions.ec\/portal\/wp-json\/wp\/v2\/posts"}],"about":[{"href":"https:\/\/opcions.ec\/portal\/wp-json\/wp\/v2\/types\/post"}],"author":[{"embeddable":true,"href":"https:\/\/opcions.ec\/portal\/wp-json\/wp\/v2\/users\/7"}],"replies":[{"embeddable":true,"href":"https:\/\/opcions.ec\/portal\/wp-json\/wp\/v2\/comments?post=7360"}],"version-history":[{"count":1,"href":"https:\/\/opcions.ec\/portal\/wp-json\/wp\/v2\/posts\/7360\/revisions"}],"predecessor-version":[{"id":7362,"href":"https:\/\/opcions.ec\/portal\/wp-json\/wp\/v2\/posts\/7360\/revisions\/7362"}],"wp:featuredmedia":[{"embeddable":true,"href":"https:\/\/opcions.ec\/portal\/wp-json\/wp\/v2\/media\/7361"}],"wp:attachment":[{"href":"https:\/\/opcions.ec\/portal\/wp-json\/wp\/v2\/media?parent=7360"}],"wp:term":[{"taxonomy":"category","embeddable":true,"href":"https:\/\/opcions.ec\/portal\/wp-json\/wp\/v2\/categories?post=7360"},{"taxonomy":"post_tag","embeddable":true,"href":"https:\/\/opcions.ec\/portal\/wp-json\/wp\/v2\/tags?post=7360"}],"curies":[{"name":"wp","href":"https:\/\/api.w.org\/{rel}","templated":true}]}}