{"id":7242,"date":"2023-09-09T04:26:13","date_gmt":"2023-09-09T04:26:13","guid":{"rendered":"https:\/\/opcions.ec\/portal\/?p=7242"},"modified":"2023-09-09T04:26:14","modified_gmt":"2023-09-09T04:26:14","slug":"salvador-allende-y-los-mil-dias-de-la-unidad-popular-en-chile","status":"publish","type":"post","link":"https:\/\/opcions.ec\/portal\/2023\/09\/09\/salvador-allende-y-los-mil-dias-de-la-unidad-popular-en-chile\/","title":{"rendered":"Salvador Allende y los mil d\u00edas de la Unidad Popular en Chile"},"content":{"rendered":"<p style=\"text-align: right;\"><strong>Manuel Salgado Tamayo<\/strong><\/p>\n<p style=\"text-align: justify;\">El 11 de septiembre se cumplen 50 a\u00f1os del golpe militar fascista en Chile que puso fin, de modo sangriento y tr\u00e1gico, a la experiencia in\u00e9dita de la \u201cv\u00eda chilena al socialismo\u201d, que tuvo como actor fundamental al m\u00e9dico y pol\u00edtico Salvador Allende que consagr\u00f3 su vida a la causa del socialismo que significaba, seg\u00fan sus propias palabras, una \u201ctransformaci\u00f3n profunda y creadora\u201d que construya \u201cun nuevo modelo de Estado, econom\u00eda y sociedad, centrado en el hombre, en sus necesidades y sus aspiraciones\u201d.<a href=\"#_ftn1\" name=\"_ftnref1\">[1]<\/a><\/p>\n<p style=\"text-align: justify;\"><strong>Medio siglo de lunas crecientes y menguantes.<\/strong><\/p>\n<p style=\"text-align: justify;\">En este medio siglo han pasado muchas lunas, crecientes y menguantes, en Chile y Am\u00e9rica Latina, de modo que es posible que, salvo para historiadores, las nuevas generaciones no conozcan las razones por las cuales Allende es considerado una de las grandes personalidades democr\u00e1ticas del siglo XX, cuyas lecciones siguen gravitando en la escena pol\u00edtica de Chile y Am\u00e9rica Latina. El dictador sanguinario y corrupto impuesto por la derecha pol\u00edtica y el Imperio se aferr\u00f3 al poder m\u00e1s de tres lustros, pero el pueblo llamado a refer\u00e9ndum le dijo no el 5 de octubre de 1988, pero qued\u00f3 el escarnio de haber hecho de Chile el primer laboratorio de experimentaci\u00f3n del r\u00e9gimen totalitario de la globalizaci\u00f3n neoliberal que sigue profundizando la desigualdad entre ricos y pobres en el mundo. El fin de la dictadura llev\u00f3 a la instauraci\u00f3n de una democracia cautiva de una carta pol\u00edtica autoritaria, cuyo tablero fue sacudido por la juventud y los estudiantes que levantaron sus originales barricadas desde el 2011; en el 2014 esos muchachos accedieron al Parlamento, experiencia que se repiti\u00f3 en el 2018 y en el 2022 llegaron al Palacio de la Moneda bajo el liderazgo de Gabriel Boric, ex presidente de la Federaci\u00f3n de Estudiantes de Chile y egresado de la carrera de derecho, pero al culminar el simult\u00e1neo proceso constituyente, que buscaba archivar la carta magna dejada por la dictadura, la inclusi\u00f3n de nuevos temas no explicados de modo suficiente al pueblo determin\u00f3 que triunfe el no en el plebiscito del 4 de septiembre del 2022.<\/p>\n<blockquote>\n<p style=\"text-align: justify;\">En todo caso, queda claro que en el Chile actual la juventud y los sectores progresistas rinden tributo a la memoria de Allende, mientras la derecha pol\u00edtica sigue cobijada bajo el negro manto de la Constituci\u00f3n dejada por Pinochet.<\/p>\n<\/blockquote>\n<p style=\"text-align: justify;\"><strong>Allende por Allende.<\/strong><\/p>\n<p style=\"text-align: justify;\">Seg\u00fan sus apuntes autobiogr\u00e1ficos<a href=\"#_ftn2\" name=\"_ftnref2\">[2]<\/a> Salvador Allende naci\u00f3 en una familia de la mediana burgues\u00eda algunos de cuyos miembros hab\u00edan estado al servicio de la vida p\u00fablica por muchos a\u00f1os. Su formaci\u00f3n primaria y secundaria la curs\u00f3 en su natal Valpara\u00edso y luego se traslad\u00f3 a Santiago a estudiar la carrera de medicina. Allende recuerda que, en aquella \u00e9poca, entre los estudiantes de medicina se encontraban las posiciones pol\u00edticas m\u00e1s avanzadas, en uno de cuyos grupos estudi\u00f3 a los cl\u00e1sicos del marxismo y milit\u00f3 en favor de la reforma universitaria. Por sus ideas pol\u00edticas fue expulsado de la universidad, arrestado y juzgado por tres cortes marciales. Se gradu\u00f3 de m\u00e9dico con las m\u00e1s altas calificaciones, pero se present\u00f3 a cuatro concursos de merecimientos en los que era el \u00fanico concursante y, sin embargo, los cargos quedaron vacantes. Empez\u00f3 a trabajar en Valpara\u00edso como asistente de anatom\u00eda patol\u00f3gica, el mismo calcula que realiz\u00f3 unas 1.500 autopsias. Terminado su trabajo se dedic\u00f3 a fundar y construir el Partido Socialista en Valpara\u00edso.<\/p>\n<p style=\"text-align: justify;\">Al hacer un recuento de quienes tuvieron influencia en su formaci\u00f3n espiritual admite con gratitud la que desempe\u00f1\u00f3, durante la secundaria, un viejo zapatero anarquista que viv\u00eda frente a su casa que lo orient\u00f3 en sus primeras lecturas y le ense\u00f1\u00f3 a jugar ajedrez.<\/p>\n<blockquote>\n<p style=\"text-align: justify;\">Estuvo en el Congreso chileno 27 a\u00f1os, dos como diputado, 25 como senador.<\/p>\n<\/blockquote>\n<p style=\"text-align: justify;\">\u00a0Fue candidato presidencial cuatro veces: en el 51, sin ninguna ilusi\u00f3n electoral, para ense\u00f1ar al pueblo que exist\u00eda un camino distinto al establecido; en el 58, pierde las elecciones por apenas 30 mil votos de diferencia; en el 64, es derrotado por Eduardo Frei de la Democracia Cristiana que recibe el apoyo de la derecha. En el 70 gana las elecciones, con una mayor\u00eda relativa, al frente de la Unidad Popular.<\/p>\n<p style=\"text-align: justify;\"><img loading=\"lazy\" class=\"aligncenter size-full wp-image-7248\" src=\"https:\/\/opcions.ec\/portal\/wp-content\/uploads\/2023\/09\/ms2.jpg\" alt=\"\" width=\"593\" height=\"320\" srcset=\"https:\/\/opcions.ec\/portal\/wp-content\/uploads\/2023\/09\/ms2.jpg 593w, https:\/\/opcions.ec\/portal\/wp-content\/uploads\/2023\/09\/ms2-300x162.jpg 300w\" sizes=\"(max-width: 593px) 100vw, 593px\" \/><\/p>\n<p style=\"text-align: justify;\">Sus 27 a\u00f1os en el parlamento bicameral y sus cuatro candidaturas presidenciales son la mayor prueba de su lealtad al Partido Socialista pues le sirvieron para recorrer cientos de veces el largo territorio de Chile educando y organizando a los obreros, a los estudiantes, a los campesinos, a los artesanos, a los mineros, a las mujeres, a los empleados p\u00fablicos, a los intelectuales, en un proceso de d\u00e9cadas en el que tambi\u00e9n vale la pena destacar la conducta colectiva del socialismo chileno que supo reconocer los m\u00e9ritos personales y la trayectoria de su gran dirigente. Allende busca de manera obstinada llegar al poder para ponerlo al servicio de su pueblo, construyendo la militancia territorial del Partido, pero tambi\u00e9n buscando aliados para formar coaliciones m\u00e1s amplias, pero sin abandonar sus objetivos program\u00e1ticos y sin enancarse en proyectos o figuras pol\u00edticas coyunturales que representen otros intereses de clase, como ha sucedido tantas veces en la historia de los partidos de izquierda de Am\u00e9rica Latina.<\/p>\n<p style=\"text-align: justify;\"><strong>La v\u00eda chilena al socialismo.<\/strong><\/p>\n<p style=\"text-align: justify;\">En el discurso pronunciado con motivo de la transmisi\u00f3n del mando y el comienzo del Gobierno Popular, el 5 de noviembre de 1970, el presidente Allende explica con absoluta claridad la v\u00eda escogida para la construcci\u00f3n de la nueva sociedad:<\/p>\n<blockquote>\n<p style=\"text-align: justify;\">\u201c\u00bfCu\u00e1l ser\u00e1 nuestra v\u00eda, nuestro camino de acci\u00f3n para triunfar sobre el subdesarrollo? Nuestro camino ser\u00e1 aquel construido a lo largo de nuestra experiencia, el consagrado por el pueblo en las elecciones, el se\u00f1alado en el programa de la Unidad Popular: el camino del socialismo en democracia, pluralismo y libertad\u201d.<\/p>\n<\/blockquote>\n<p style=\"text-align: justify;\">L\u00edneas adelante explica: \u201cChile, en su singularidad, cuenta con las instituciones sociales y pol\u00edticas necesarias para materializar la transici\u00f3n del atraso y de la dependencia, al desarrollo y a la autonom\u00eda, por la v\u00eda socialista\u201d.<a href=\"#_ftn3\" name=\"_ftnref3\">[3]<\/a><\/p>\n<p style=\"text-align: justify;\">En su informe ante el Congreso chileno el 21 de mayo de 1971 expone lo que a su juicio constituye la excepcionalidad hist\u00f3rica del proceso chileno:<\/p>\n<p style=\"text-align: justify;\">\u201cChile es hoy la primera naci\u00f3n de la Tierra llamada a conformar el segundo modelo de transici\u00f3n a la sociedad socialista. Este desaf\u00edo despierta vivo inter\u00e9s m\u00e1s all\u00e1 de las fronteras patrias. Todos saben, o intuyen, que aqu\u00ed y ahora, la historia empieza a dar un nuevo giro, en la medida que estemos los chilenos conscientes de la empresa. Algunos entre nosotros, los menos quiz\u00e1s, solo ven las enormes dificultades de la tarea. Otros, los m\u00e1s, buscamos la posibilidad de enfrentarla con \u00e9xito. Por mi parte estoy seguro de que tendremos la energ\u00eda y la capacidad necesarias para llevar adelante nuestro esfuerzo, modelando la primera sociedad socialista edificada seg\u00fan un modelo democr\u00e1tico, pluralista y libertario. Los esc\u00e9pticos y los catastrofistas dir\u00e1n que no es posible\u201d.<a href=\"#_ftn4\" name=\"_ftnref4\">[4]<\/a> Y concluye que el Parlamento, las Fuerzas Armadas y el Cuerpo de Carabineros respaldar\u00e1n la ordenaci\u00f3n social que corresponda a la voluntad popular.<\/p>\n<p style=\"text-align: justify;\"><strong>Se gesta el fascismo en Chile.<\/strong><\/p>\n<p style=\"text-align: justify;\">Pero los deseos de una transici\u00f3n pac\u00edfica al socialismo fueron jaqueados desde el principio por la derecha pol\u00edtica y el Imperialismo. Fidel Castro al despedirse del pueblo chileno en un acto realizado en el Estadio Nacional, el 2 de diciembre de 1971, luego de una extensa visita, dijo con su acostumbrada transparencia:<\/p>\n<p style=\"text-align: justify;\">\u201cHemos visto el fascismo en acci\u00f3n y hemos podido comprobar un principio contempor\u00e1neo: Que la desesperaci\u00f3n de los explotadores en el mundo de hoy \u2013 como ya se ha conocido n\u00edtidamente por la experiencia hist\u00f3rica \u2013 tiende hacia las formas m\u00e1s brutales, m\u00e1s b\u00e1rbaras de violencia y reacci\u00f3n\u201d. Y m\u00e1s adelante advirti\u00f3 que: \u201cEl fascismo en su violencia liquida todo, arremete contra las universidades, las clausura y las aplasta; arremete contra los intelectuales, los reprime y persigue; arremete contra los partidos pol\u00edticos, arremete contra las organizaciones de masas y las organizaciones sindicales y las organizaciones culturales. De manera que nada hay m\u00e1s violento, ni m\u00e1s retr\u00f3grado, ni m\u00e1s ilegal que el fascismo.<\/p>\n<blockquote>\n<p style=\"text-align: justify;\"><strong><em>Y nosotros hemos podido ver en este ins\u00f3lito y \u00fanico proceso como se manifiesta esta ley de la historia: que los reaccionarios, los explotadores, en su desesperaci\u00f3n, apoyados fundamentalmente desde el exterior, genera y desarrolla este fen\u00f3meno pol\u00edtico, esa corriente reaccionaria que es el fascismo\u201d<\/em><\/strong>.<a href=\"#_ftn5\" name=\"_ftnref5\">[5]<\/a><\/p>\n<\/blockquote>\n<p style=\"text-align: justify;\"><img loading=\"lazy\" class=\"aligncenter size-full wp-image-7247\" src=\"https:\/\/opcions.ec\/portal\/wp-content\/uploads\/2023\/09\/ms3.jpg\" alt=\"\" width=\"1880\" height=\"1057\" srcset=\"https:\/\/opcions.ec\/portal\/wp-content\/uploads\/2023\/09\/ms3.jpg 1880w, https:\/\/opcions.ec\/portal\/wp-content\/uploads\/2023\/09\/ms3-300x169.jpg 300w, https:\/\/opcions.ec\/portal\/wp-content\/uploads\/2023\/09\/ms3-1024x576.jpg 1024w, https:\/\/opcions.ec\/portal\/wp-content\/uploads\/2023\/09\/ms3-768x432.jpg 768w, https:\/\/opcions.ec\/portal\/wp-content\/uploads\/2023\/09\/ms3-1536x864.jpg 1536w, https:\/\/opcions.ec\/portal\/wp-content\/uploads\/2023\/09\/ms3-1170x658.jpg 1170w\" sizes=\"(max-width: 1880px) 100vw, 1880px\" \/><\/p>\n<p style=\"text-align: justify;\">Y el propio presidente Allende denunci\u00f3 en la Asamblea General de las Naciones Unidas, el 4 de diciembre de 1972, que: \u201cDesde el momento mismo en que triunfamos electoralmente el 4 de noviembre de 1970, estamos afectados por el desarrollo de presiones externas de gran envergadura, que pretendi\u00f3 impedir la instalaci\u00f3n de un gobierno libremente elegido por el pueblo y derrocarlo desde entonces. Que ha querido aislarnos del mundo, estrangular la econom\u00eda y paralizar el comercio del principal producto de exportaci\u00f3n: el cobre. Y privarnos de fuentes de financiamiento internacional\u201d.<\/p>\n<blockquote>\n<p style=\"text-align: justify;\">M\u00e1s adelante agrega en su discurso: \u201cNo solo sufrimos el bloqueo financiero, tambi\u00e9n somos v\u00edctimas de una clara agresi\u00f3n. Dos empresas que integran el n\u00facleo central de las grandes compa\u00f1\u00edas transnacionales, que clavaron sus garras en mi pa\u00eds, la International Telegraph &amp; Telephone Company (ITT) y la Kennecott \u00a0Copper Corporation , se propusieron manejar nuestra vida pol\u00edtica\u201d.<\/p>\n<\/blockquote>\n<p style=\"text-align: justify;\">Denuncia que, entre septiembre a noviembre de 1970, antes de su posesi\u00f3n presidencial, se desarrollaron en Chile acciones terroristas planificadas fuera de nuestras fronteras, en colusi\u00f3n con grupos fascistas internos, que culminaron con el asesinato del comandante en jefe del ej\u00e9rcito, general Ren\u00e9 Schneider, s\u00edmbolo del constitucionalismo de las Fuerzas Armadas. En marzo de 1972 se revelaron los documentos que denuncian la relaci\u00f3n directa entre estos tenebrosos prop\u00f3sitos y la ITT.<\/p>\n<p style=\"text-align: justify;\"><strong>Kissinger y el comit\u00e9 de los 40.<\/strong><\/p>\n<p style=\"text-align: justify;\">En 1979 cuando el secretario de Estado del gobierno de Richard Nixon publica su libro \u201cMis memorias\u201d<a href=\"#_ftn6\" name=\"_ftnref6\">[6]<\/a> en el que considera que el dominio del mundo es un derecho indiscutible de los Estados Unidos de Am\u00e9rica, rebela con total cinismo c\u00f3mo y por qu\u00e9 organiz\u00f3 el Comit\u00e9 de los 40 que ten\u00eda como objetivo el derrocamiento del gobierno de Salvador Allende.<\/p>\n<p style=\"text-align: justify;\">En su libro Kissinger anota: \u201cLo que nos preocupa acerca de Allende era su proclamada hostilidad a los Estados Unidos y su patente intenci\u00f3n de crear otra Cuba.\u201d Y agrega m\u00e1s adelante: \u201cEl desaf\u00edo a nuestra pol\u00edtica e intereses representado por Allende era fundamentalmente diferente. No era solo nacionalizar la propiedad: el reconoc\u00eda su consagraci\u00f3n al marxismo \u2013 leninismo totalitario. Era un admirador de la dictadura cubana y un resuelto opositor al \u201cimperialismo norteamericano\u201d. Su meta, declarada por m\u00e1s de una d\u00e9cada antes de ser presidente, hab\u00eda sido minar nuestra posesi\u00f3n en todo el hemisferio occidental, por la violencia si era necesario. Debido a que era un pa\u00eds continental, la capacidad de Chile para serlo era mucho mayor que la de Cuba, y esta presentaba un desaf\u00edo sustancial; de hecho, est\u00e1bamos en medio de un enfrentamiento acerca de Cienfuegos<a href=\"#_ftn7\" name=\"_ftnref7\">[7]<\/a> cuando Allende fue elegido. El \u00e9xito de Allende habr\u00eda tenido importancia tambi\u00e9n para el futuro de los partidos comunistas de la Europa Occidental, cuyas pol\u00edticas inevitablemente socavar\u00edan la Alianza Occidental fuesen cuales fuesen sus alegatos de respetabilidad. Ning\u00fan presidente responsable podr\u00eda ver el acceso de Allende al poder con otro sentimiento que no fuera inquietud\u201d.<\/p>\n<blockquote>\n<p style=\"text-align: justify;\">Los an\u00e1lisis de Kissinger dieron paso a los trabajos del Comit\u00e9 de los 40, al incremento de la ayuda militar a Chile y a la implementaci\u00f3n secreta del golpe de Estado y del genocidio contra el pueblo chileno.<\/p>\n<\/blockquote>\n<p style=\"text-align: justify;\"><img loading=\"lazy\" class=\"aligncenter size-full wp-image-7246\" src=\"https:\/\/opcions.ec\/portal\/wp-content\/uploads\/2023\/09\/ms4.jpg\" alt=\"\" width=\"1888\" height=\"1221\" srcset=\"https:\/\/opcions.ec\/portal\/wp-content\/uploads\/2023\/09\/ms4.jpg 1888w, https:\/\/opcions.ec\/portal\/wp-content\/uploads\/2023\/09\/ms4-300x194.jpg 300w, https:\/\/opcions.ec\/portal\/wp-content\/uploads\/2023\/09\/ms4-1024x662.jpg 1024w, https:\/\/opcions.ec\/portal\/wp-content\/uploads\/2023\/09\/ms4-768x497.jpg 768w, https:\/\/opcions.ec\/portal\/wp-content\/uploads\/2023\/09\/ms4-1536x993.jpg 1536w, https:\/\/opcions.ec\/portal\/wp-content\/uploads\/2023\/09\/ms4-1170x757.jpg 1170w\" sizes=\"(max-width: 1888px) 100vw, 1888px\" \/><\/p>\n<p style=\"text-align: justify;\">En el a\u00f1o 1973 llegan por valija diplom\u00e1tica los millones de d\u00f3lares que financian las huelgas y sabotajes. Los empresarios paralizan la producci\u00f3n y distribuci\u00f3n de alimentos. La gente hace largas colas en busca de alimentos b\u00e1sicos. Como recuerda Eduardo Galeano: \u201cConseguir carne o aceite requiere un milagro de la Virgen Mar\u00eda Sant\u00edsima. La Democracia Cristiana y el Diario \u201cEl Mercurio\u201d dicen pestes del gobierno y exigen a gritos el cuartelazo redentor, que es hora de acabar con esta tiran\u00eda roja\u2026 En estos tiempos dif\u00edciles, los trabajadores est\u00e1n descubriendo los secretos de la econom\u00eda. Est\u00e1n aprendiendo que no es imposible producir sin patrones, ni abastecerse sin mercaderes. Pero la multitud obrera marcha sin armas, vac\u00edas las manos, por este camino de libertad\u201d<a href=\"#_ftn8\" name=\"_ftnref8\">[8]<\/a><\/p>\n<p style=\"text-align: justify;\"><strong>La herencia econ\u00f3mica y social que recibe Allende.<\/strong><\/p>\n<p style=\"text-align: justify;\">La dictadura y sus aliados han difundido profusamente que la situaci\u00f3n econ\u00f3mica de Chile era estable y pr\u00f3spera y que la Unidad Popular la condujo al desastre. La realidad es que tanto en Chile como en Am\u00e9rica Latina el modelo de acumulaci\u00f3n empieza a presentar los s\u00edntomas de la crisis lo que multiplica la presencia de las organizaciones populares, estimuladas por el triunfo de la revoluci\u00f3n cubana, a tal extremo que los Estados Unidos se ven obligados a cambiar su estrategia de dominaci\u00f3n aprobando en Punta del Este en 1961 la Alianza para el Progreso. En ese clima pol\u00edtico se crea en Chile la Democracia Cristiana que gana las elecciones para el per\u00edodo 1964 &#8211; 1970 con una propuesta reformista que tiene como puntos program\u00e1ticos m\u00e1s destacados la reforma agraria que se qued\u00f3 en el discurso por el choque de intereses con los terratenientes; la \u201cchilenizaci\u00f3n del cobre\u201d que no m\u00e1s fue la compra del 51% de las acciones de las empresas cupr\u00edferas y, en materia social, se aplicaron programas clientelares orientados a ganar el apoyo de los sectores sociales m\u00e1s postergados.<\/p>\n<blockquote>\n<p style=\"text-align: justify;\">La oposici\u00f3n de la burgues\u00eda chilena a las tibias reformas obliga al gobierno de Frei a dar un giro en 1967 hacia las pol\u00edticas de concentraci\u00f3n del ingreso favorables al gran capital.<a href=\"#_ftn9\" name=\"_ftnref9\">[9]<\/a><\/p>\n<\/blockquote>\n<p style=\"text-align: justify;\">Manuel Agust\u00edn Aguirre, se\u00f1ala que: \u201cLa econom\u00eda que recibe la Unidad Popular con Allende, es una econom\u00eda en total desastre\u2026 Del a\u00f1o 1967 al 70, la tasa de crecimiento econ\u00f3mico baja del 5.4% en el 61-66, al 2.7%, en el a\u00f1o 70, que es casi igual a la tasa de crecimiento de la poblaci\u00f3n, que es 2.3. Esto significa un pa\u00eds econ\u00f3micamente paralizado, casi totalmente paralizado. La desocupaci\u00f3n llega al 8% de la fuerza de trabajo activa. En Santiago hab\u00eda 250.000 desocupados. Las empresas estaban subutilizadas en un 32%. La distribuci\u00f3n del ingreso nacional era monstruosa como lo es en nuestro pa\u00eds y en todos los de Am\u00e9rica Latina: en 1968, el 3.2% de las personas que reciben rentas, obtienen un ingreso del 42%, y el 47% de la poblaci\u00f3n activa, recibe un 12% de ese ingreso\u201d \u2026 \u201cEste era el panorama de una econom\u00eda deshecha, que demostraba la incapacidad del sistema capitalista para producir el desarrollo econ\u00f3mico en Chile y en Am\u00e9rica Latina\u201d.<a href=\"#_ftn10\" name=\"_ftnref10\">[10]<\/a><\/p>\n<p style=\"text-align: justify;\"><strong>Las realizaciones del gobierno de la Unidad Popular.<\/strong><\/p>\n<blockquote>\n<p style=\"text-align: justify;\">Ante la desmesura y brutalidad de la reacci\u00f3n de la burgues\u00eda chilena y el Imperio Americano uno se pregunta cu\u00e1les fueron las tareas program\u00e1ticas cumplidas por el gobierno de Allende que provocaron semejante tragedia y se las puede resumir en tres puntos:<\/p>\n<\/blockquote>\n<p style=\"text-align: justify;\">Uno, la recuperaci\u00f3n para Chile, pa\u00eds minero, de la totalidad de las riquezas extractivas: El cobre, el hierro y el salitre retornan al patrimonio de la naci\u00f3n. Las empresas due\u00f1as del cobre, Kennecott y Anaconda, luego de medio de siglo de explotaci\u00f3n intensiva, que le gener\u00f3 utilidades equivalentes a la mitad del patrimonio f\u00edsico acumulado en los 160 a\u00f1os de vida republicana son nacionalizadas sin indemnizaci\u00f3n. Allende crea la teor\u00eda de la super rentabilidad, aprobada por el Congreso, que permite, por primera vez en la historia, que un pa\u00eds dependiente apruebe un procedimiento legal para realizar un balance de las actividades de una empresa extranjera, determinando su debe y su haber en la econom\u00eda del pa\u00eds. Pero esta doctrina que tambi\u00e9n lleva el apellido de Allende cuestiona de hecho las normas financieras y \u00e9ticas que aplican los monopolios imperialistas en sus inversiones en todo el mundo.<\/p>\n<p style=\"text-align: justify;\"><img loading=\"lazy\" class=\"aligncenter size-full wp-image-7245\" src=\"https:\/\/opcions.ec\/portal\/wp-content\/uploads\/2023\/09\/ms5.jpg\" alt=\"\" width=\"603\" height=\"412\" srcset=\"https:\/\/opcions.ec\/portal\/wp-content\/uploads\/2023\/09\/ms5.jpg 603w, https:\/\/opcions.ec\/portal\/wp-content\/uploads\/2023\/09\/ms5-300x205.jpg 300w\" sizes=\"(max-width: 603px) 100vw, 603px\" \/><\/p>\n<blockquote>\n<p style=\"text-align: justify;\">La segunda l\u00ednea de acci\u00f3n fue la reforma agraria que, pese a la oposici\u00f3n del Congreso, vali\u00e9ndose de la Ley que hab\u00eda aprobado el gobierno de Frei se profundiza hasta el nivel de casi eliminar el latifundio. Simult\u00e1neamente se desarrolla un esfuerzo fundamental para incorporar al campesinado a la lucha pol\u00edtica.<\/p>\n<\/blockquote>\n<p style=\"text-align: justify;\">El tercer eje estrat\u00e9gico fue la construcci\u00f3n del \u00c1rea de Propiedad Social. Esta l\u00ednea de acci\u00f3n desat\u00f3 una encarnizada resistencia de la burgues\u00eda. De inicio se estatizaron las grandes empresas textiles, metal\u00fargicas, petroqu\u00edmicas y de alimentos b\u00e1sicos. Tambi\u00e9n el gobierno asumi\u00f3 el control de los bancos privados, nacionales y extranjeros. Se rebaja la tasa de inter\u00e9s bancario y el sistema financiero se orienta a servir los intereses de los peque\u00f1os y medianos industriales, mineros y agricultores. Se impone una dr\u00e1stica redistribuci\u00f3n de ingresos a trav\u00e9s de una pol\u00edtica de sueldos, salarios y precios, medidas tributarias y otras pol\u00edticas sociales orientadas a satisfacer las necesidades fundamentales de la poblaci\u00f3n. Durante 1971 y 1972 la producci\u00f3n industrial creci\u00f3 en un 12%. Los servicios de salud se perfeccionaron y ampliaron. El gobierno garantiz\u00f3 el medio litro de leche diario a todos los ni\u00f1os de Chile. La tasa de mortalidad infantil descendi\u00f3 como consecuencia de un programa de protecci\u00f3n a la madre y el ni\u00f1o. El sistema educativo registro un incremento de la matr\u00edcula en todos los niveles.<\/p>\n<p style=\"text-align: justify;\">Las pensiones m\u00ednimas de vejez, invalidez y viudez del Servicio de Seguro Social se incrementaron en un 550%. 300 mil ancianos jubilados elevaron sus ingresos desde un tercio a un salario m\u00ednimo completo. En 1971 el producto nacional bruto registr\u00f3 la tasa de crecimiento m\u00e1s alta de la historia de Chile: 8.3%. En 1972, pese al boicot nacional e internacional, el PNB registr\u00f3 una tasa del 5%. El gobierno popular desata una pol\u00edtica cultural enorme que estimula creatividad de los intelectuales y artistas.<\/p>\n<p style=\"text-align: justify;\"><img loading=\"lazy\" class=\"aligncenter size-full wp-image-7244\" src=\"https:\/\/opcions.ec\/portal\/wp-content\/uploads\/2023\/09\/ms6.jpg\" alt=\"\" width=\"602\" height=\"401\" srcset=\"https:\/\/opcions.ec\/portal\/wp-content\/uploads\/2023\/09\/ms6.jpg 602w, https:\/\/opcions.ec\/portal\/wp-content\/uploads\/2023\/09\/ms6-300x200.jpg 300w\" sizes=\"(max-width: 602px) 100vw, 602px\" \/><\/p>\n<p style=\"text-align: justify;\">El escritor Julio Cort\u00e1zar que visita Chile atestigua ese florecimiento: \u201cLo que vi en las universidades a trav\u00e9s del di\u00e1logo con los estudiantes y profesores, me confirmo la certidumbre de que el gobierno de Salvador Allende y sus asesores en el plano de la educaci\u00f3n y la cultura hab\u00edan visto lo que en su d\u00eda tambi\u00e9n viera de manera ejemplar el gobierno revolucionario cubano, al proponerse no s\u00f3lo la liberaci\u00f3n exterior y f\u00edsica del pueblo, sino esa otra liberaci\u00f3n igualmente dif\u00edcil de conseguir: la de la mente, de la sensibilidad frente a la belleza, la lenta y maravillosa conquista de la identidad personal, de la aut\u00e9ntica capacidad de ser un individuo, sin la cual no es posible consolidar y defender la liberaci\u00f3n exterior y la soberan\u00eda popular\u201d<a href=\"#_ftn11\" name=\"_ftnref11\">[11]<\/a><\/p>\n<p style=\"text-align: justify;\"><strong>Las lecciones del proceso de la Unidad Popular.<\/strong><\/p>\n<p style=\"text-align: justify;\">Medio siglo despu\u00e9s de esta experiencia in\u00e9dita que culmin\u00f3 en un ba\u00f1o de sangre y situados como estamos en un desorden mundial radicalmente distinto al de la Guerra Fr\u00eda, conviene que los sectores socialistas y de izquierda nos preguntemos si podemos sacar algunas lecciones de esta experiencia entre alentadora y traum\u00e1tica; alentadora porque demostr\u00f3 que es posible construir una econom\u00eda no sometida a los intereses de las transnacionales y las burgues\u00edas dependientes; traum\u00e1tica porque yugul\u00f3 a lo mejor del pueblo chileno, empezando por su presidente, sin ninguna posibilidad de defensa, pac\u00edfica o violenta, de las masas irredentas. El golpe fue tan demoledor que el dictador pensaba, al convocar al refer\u00e9ndum, quedarse unos 8 a\u00f1os m\u00e1s en el poder, pero el pueblo chileno cort\u00f3 sus ambiciones con un NO rotundo. A\u00f1os despu\u00e9s la juventud chilena se tom\u00f3 el gobierno y dio un salto adicional para intentar romper el maleficio de una Constituci\u00f3n que cierra las puertas a todo intento de construir una sociedad m\u00e1s igualitaria, justa y democr\u00e1tica.<\/p>\n<p style=\"text-align: justify;\">La primera lecci\u00f3n que nos dej\u00f3 el proceso chileno es la de que no se puede, en el contexto de las sociedades capitalistas, olvidar la teor\u00eda marxista de la lucha de clases fomentando la ilusi\u00f3n de que puede aprovechar el ordenamiento jur\u00eddico e institucional vigente para impulsar una transici\u00f3n pac\u00edfica al socialismo. Hay que decir que esta omisi\u00f3n fue objeto de una severa autocr\u00edtica del propio Partido Socialista Chileno.<\/p>\n<blockquote>\n<p style=\"text-align: justify;\">La segunda lecci\u00f3n positiva que nos dejan los tres a\u00f1os del gobierno de la Unidad Popular es que es posible construir una econom\u00eda nacional distinta siempre que se cuente con la organizaci\u00f3n y el trabajo entusiasta de los sectores populares.<\/p>\n<\/blockquote>\n<p style=\"text-align: justify;\">La tercera lecci\u00f3n nos dej\u00f3 el m\u00e9dico socialista Salvador Allende, hombre estudioso y gran orador, que consagr\u00f3 toda su vida a la organizaci\u00f3n y educaci\u00f3n de los trabajadores y el pueblo para que militen en el Partido Socialista Chileno con el objetivo fundamental de tomarse el poder pol\u00edtico para ponerlo al servicio de los sectores explotados y marginados de la sociedad. Allende ten\u00eda durante su gobierno, seg\u00fan sus m\u00e1s cercanos amigos y compa\u00f1eros, la clara certeza de que le asechaba la posibilidad de la muerte y la acept\u00f3 con serenidad y grandeza para impedir que sus enemigos lo capturen vivo.<\/p>\n<p style=\"text-align: justify;\"><img loading=\"lazy\" class=\"aligncenter size-full wp-image-7243\" src=\"https:\/\/opcions.ec\/portal\/wp-content\/uploads\/2023\/09\/ms7.jpg\" alt=\"\" width=\"499\" height=\"369\" srcset=\"https:\/\/opcions.ec\/portal\/wp-content\/uploads\/2023\/09\/ms7.jpg 499w, https:\/\/opcions.ec\/portal\/wp-content\/uploads\/2023\/09\/ms7-300x222.jpg 300w\" sizes=\"(max-width: 499px) 100vw, 499px\" \/><\/p>\n<p style=\"text-align: justify;\">La cuarta lecci\u00f3n nos deja el Partido Socialista Chileno que ha tratado de ser durante toda su existencia una fuerza pol\u00edtica de car\u00e1cter marxista, aut\u00f3noma, nacionalista y latinoamericanista que pens\u00f3 con su propio cabeza y tom\u00f3 sus propias decisiones cometiendo errores, pero tambi\u00e9n aciertos, conducta que les ha permitido sobrevivir e influir hasta la actualidad de la lucha pol\u00edtica de Chile.<\/p>\n<p style=\"text-align: justify;\">Como anotaba el secretario general del Partido Socialista Chileno: \u201cPocas veces en los anales de las luchas populares un sacrificio fue hist\u00f3ricamente m\u00e1s \u00fatil. La verdadera humanidad, ha recogido su nombre, su vida y su palabra. Las grandes corrientes del pensamiento humano han convergido en una formidable y ecum\u00e9nica expresi\u00f3n solidaria\u2026 La muerte de Allende sacude la conciencia universal y su nombre se transforma en una ins\u00f3lita bandera de lucha y unidad\u201d.<a href=\"#_ftn12\" name=\"_ftnref12\">[12]<\/a><\/p>\n<p><strong>Referencias:<\/strong><\/p>\n<p style=\"text-align: justify;\"><a href=\"#_ftnref1\" name=\"_ftn1\">[1]<\/a> Alfonso Barrantes, De Mari\u00e1tegui a Allende, en Frida Modak, Coordinadora, Salvador Allende en el umbral del siglo XXI. (M\u00e9xico, Plaza Jan\u00e9s Editores, 1998) p. 27<\/p>\n<p style=\"text-align: justify;\"><a href=\"#_ftnref2\" name=\"_ftn2\">[2]<\/a> Salvador Allende, Allende por Allende, en Frida Modak, Coordinadora, Salvador Allende en el umbral del siglo XXI, p.p. 1-7<\/p>\n<p style=\"text-align: justify;\"><a href=\"#_ftnref3\" name=\"_ftn3\">[3]<\/a> Salvador Allende, discurso en el Estadio Nacional, en Salvador Allende su pensamiento, (Quito, Ediciones La Tierra, 2008) 37<\/p>\n<p style=\"text-align: justify;\"><a href=\"#_ftnref4\" name=\"_ftn4\">[4]<\/a>\u00a0 Salvador Allende, Ibidem, 47-48<\/p>\n<p style=\"text-align: justify;\"><a href=\"#_ftnref5\" name=\"_ftn5\">[5]<\/a> Fidel Castro Ruz, Fidel en Chile. Textos completos de su di\u00e1logo con el pueblo, Hecho en Chile, Empresa Editora Nacional Quimantu Ltda, enero de 1972, p.p. 263-264.<\/p>\n<p style=\"text-align: justify;\"><a href=\"#_ftnref6\" name=\"_ftn6\">[6]<\/a> Henry Kissinger, Mis memorias, White House Sears, Ediciones Atl\u00e1ntida, 1979.<\/p>\n<p style=\"text-align: justify;\"><a href=\"#_ftnref7\" name=\"_ftn7\">[7]<\/a> Kissinger se refiere a la pol\u00e9mica desatada por la construcci\u00f3n de una central at\u00f3mica cerca de Cienfuegos, en Cuba, con asesoramiento sovi\u00e9tico.<\/p>\n<p style=\"text-align: justify;\"><a href=\"#_ftnref8\" name=\"_ftn8\">[8]<\/a> Eduardo Galeano, Memoria del fuego III. El siglo del viento (M\u00e9xico, Siglo XXI Editores, primera edici\u00f3n, 1986) 259<\/p>\n<p style=\"text-align: justify;\"><a href=\"#_ftnref9\" name=\"_ftn9\">[9]<\/a> Xabier Arrizabalo Montoro, Milagro o quimera, La econom\u00eda chilera durante la dictadura, (Madrid, Los libros de la catarata, primera edici\u00f3n, 1995) 85-89.<\/p>\n<p style=\"text-align: justify;\"><a href=\"#_ftnref10\" name=\"_ftn10\">[10]<\/a> Manuel Agust\u00edn Aguirre, Solidaridad combativa con el pueblo chileno, en La transformaci\u00f3n social y revolucionaria de Am\u00e9rica Latina, Volumen 5, (Quito, Ediciones La Tierra, mayo del 2018) 143-145<\/p>\n<p style=\"text-align: justify;\"><a href=\"#_ftnref11\" name=\"_ftn11\">[11]<\/a> Julio Cort\u00e1zar, Declaraci\u00f3n ante la Tercera Sesi\u00f3n de la Comisi\u00f3n Internacional de Investigaci\u00f3n de los Cr\u00edmenes de la Junta Militar de Chile. M\u00e9xico, 18 de febrero de 1975.<\/p>\n<p style=\"text-align: justify;\"><a href=\"#_ftnref12\" name=\"_ftn12\">[12]<\/a> Carlos Altamirano, Dial\u00e9ctica de una derrota, (M\u00e9xico, Siglo XXI Editores, primera edici\u00f3n en espa\u00f1ol, 1977) 199 &#8211; 200<\/p>\n","protected":false},"excerpt":{"rendered":"<p>Manuel Salgado Tamayo El 11 de septiembre se cumplen 50 a\u00f1os del golpe militar fascista en Chile que puso fin, de modo sangriento y tr\u00e1gico, a la experiencia in\u00e9dita de la \u201cv\u00eda chilena al socialismo\u201d, que tuvo como actor fundamental al m\u00e9dico y pol\u00edtico Salvador Allende que consagr\u00f3 su vida<\/p>\n","protected":false},"author":7,"featured_media":7249,"comment_status":"open","ping_status":"open","sticky":false,"template":"","format":"standard","meta":[],"categories":[1],"tags":[],"yoast_head":"<!-- This site is optimized with the Yoast SEO plugin v14.3 - https:\/\/yoast.com\/wordpress\/plugins\/seo\/ -->\n<title>Salvador Allende y los mil d\u00edas de la Unidad Popular en Chile - Opci&oacute;n S<\/title>\n<meta name=\"robots\" content=\"index, follow\" \/>\n<meta name=\"googlebot\" content=\"index, follow, max-snippet:-1, max-image-preview:large, max-video-preview:-1\" \/>\n<meta name=\"bingbot\" content=\"index, follow, max-snippet:-1, max-image-preview:large, max-video-preview:-1\" \/>\n<link rel=\"canonical\" href=\"https:\/\/opcions.ec\/portal\/2023\/09\/09\/salvador-allende-y-los-mil-dias-de-la-unidad-popular-en-chile\/\" \/>\n<meta property=\"og:locale\" content=\"es_ES\" \/>\n<meta property=\"og:type\" content=\"article\" \/>\n<meta property=\"og:title\" content=\"Salvador Allende y los mil d\u00edas de la Unidad Popular en Chile - Opci&oacute;n S\" \/>\n<meta property=\"og:description\" content=\"Manuel Salgado Tamayo El 11 de septiembre se cumplen 50 a\u00f1os del golpe militar fascista en Chile que puso fin, de modo sangriento y tr\u00e1gico, a la experiencia in\u00e9dita de la \u201cv\u00eda chilena al socialismo\u201d, que tuvo como actor fundamental al m\u00e9dico y pol\u00edtico Salvador Allende que consagr\u00f3 su vida\" \/>\n<meta property=\"og:url\" content=\"https:\/\/opcions.ec\/portal\/2023\/09\/09\/salvador-allende-y-los-mil-dias-de-la-unidad-popular-en-chile\/\" \/>\n<meta property=\"og:site_name\" content=\"Opci&oacute;n S\" \/>\n<meta property=\"article:published_time\" content=\"2023-09-09T04:26:13+00:00\" \/>\n<meta property=\"article:modified_time\" content=\"2023-09-09T04:26:14+00:00\" \/>\n<meta property=\"og:image\" content=\"https:\/\/opcions.ec\/portal\/wp-content\/uploads\/2023\/09\/ms1.jpg\" \/>\n\t<meta property=\"og:image:width\" content=\"607\" \/>\n\t<meta property=\"og:image:height\" content=\"396\" \/>\n<meta name=\"twitter:card\" content=\"summary_large_image\" \/>\n<script type=\"application\/ld+json\" class=\"yoast-schema-graph\">{\"@context\":\"https:\/\/schema.org\",\"@graph\":[{\"@type\":\"WebSite\",\"@id\":\"https:\/\/opcions.ec\/portal\/#website\",\"url\":\"https:\/\/opcions.ec\/portal\/\",\"name\":\"Opci&oacute;n S\",\"description\":\"\",\"potentialAction\":[{\"@type\":\"SearchAction\",\"target\":\"https:\/\/opcions.ec\/portal\/?s={search_term_string}\",\"query-input\":\"required name=search_term_string\"}],\"inLanguage\":\"es\"},{\"@type\":\"ImageObject\",\"@id\":\"https:\/\/opcions.ec\/portal\/2023\/09\/09\/salvador-allende-y-los-mil-dias-de-la-unidad-popular-en-chile\/#primaryimage\",\"inLanguage\":\"es\",\"url\":\"https:\/\/opcions.ec\/portal\/wp-content\/uploads\/2023\/09\/ms1.jpg\",\"width\":607,\"height\":396},{\"@type\":\"WebPage\",\"@id\":\"https:\/\/opcions.ec\/portal\/2023\/09\/09\/salvador-allende-y-los-mil-dias-de-la-unidad-popular-en-chile\/#webpage\",\"url\":\"https:\/\/opcions.ec\/portal\/2023\/09\/09\/salvador-allende-y-los-mil-dias-de-la-unidad-popular-en-chile\/\",\"name\":\"Salvador Allende y los mil d\\u00edas de la Unidad Popular en Chile - Opci&oacute;n S\",\"isPartOf\":{\"@id\":\"https:\/\/opcions.ec\/portal\/#website\"},\"primaryImageOfPage\":{\"@id\":\"https:\/\/opcions.ec\/portal\/2023\/09\/09\/salvador-allende-y-los-mil-dias-de-la-unidad-popular-en-chile\/#primaryimage\"},\"datePublished\":\"2023-09-09T04:26:13+00:00\",\"dateModified\":\"2023-09-09T04:26:14+00:00\",\"author\":{\"@id\":\"https:\/\/opcions.ec\/portal\/#\/schema\/person\/3db2286ef94012190dfcb1e0d9fa38eb\"},\"breadcrumb\":{\"@id\":\"https:\/\/opcions.ec\/portal\/2023\/09\/09\/salvador-allende-y-los-mil-dias-de-la-unidad-popular-en-chile\/#breadcrumb\"},\"inLanguage\":\"es\",\"potentialAction\":[{\"@type\":\"ReadAction\",\"target\":[\"https:\/\/opcions.ec\/portal\/2023\/09\/09\/salvador-allende-y-los-mil-dias-de-la-unidad-popular-en-chile\/\"]}]},{\"@type\":\"BreadcrumbList\",\"@id\":\"https:\/\/opcions.ec\/portal\/2023\/09\/09\/salvador-allende-y-los-mil-dias-de-la-unidad-popular-en-chile\/#breadcrumb\",\"itemListElement\":[{\"@type\":\"ListItem\",\"position\":1,\"item\":{\"@type\":\"WebPage\",\"@id\":\"https:\/\/opcions.ec\/portal\/\",\"url\":\"https:\/\/opcions.ec\/portal\/\",\"name\":\"Portada\"}},{\"@type\":\"ListItem\",\"position\":2,\"item\":{\"@type\":\"WebPage\",\"@id\":\"https:\/\/opcions.ec\/portal\/2023\/09\/09\/salvador-allende-y-los-mil-dias-de-la-unidad-popular-en-chile\/\",\"url\":\"https:\/\/opcions.ec\/portal\/2023\/09\/09\/salvador-allende-y-los-mil-dias-de-la-unidad-popular-en-chile\/\",\"name\":\"Salvador Allende y los mil d\\u00edas de la Unidad Popular en Chile\"}}]},{\"@type\":[\"Person\"],\"@id\":\"https:\/\/opcions.ec\/portal\/#\/schema\/person\/3db2286ef94012190dfcb1e0d9fa38eb\",\"name\":\"Manuel Salgado\",\"image\":{\"@type\":\"ImageObject\",\"@id\":\"https:\/\/opcions.ec\/portal\/#personlogo\",\"inLanguage\":\"es\",\"url\":\"https:\/\/secure.gravatar.com\/avatar\/1a7c40b33d97e975f47eef16f5c0bad5?s=96&d=mm&r=g\",\"caption\":\"Manuel Salgado\"},\"description\":\"Profesor Em\\u00e9rito de la Universidad Central del Ecuador. Ex legislador. Literato. Mgs. en Relaciones Econ\\u00f3micas Internacionales menci\\u00f3n Comercio e Integraci\\u00f3n por la Universidad Andina Sim\\u00f3n Bolivar. Ex vicepresidente del Congreso Nacional del Ecuador Ex presidente nacional del Partido Socialista Ecuatoriano. Doctor (PHD) en Estudios Latinoamericanos.\"}]}<\/script>\n<!-- \/ Yoast SEO plugin. -->","_links":{"self":[{"href":"https:\/\/opcions.ec\/portal\/wp-json\/wp\/v2\/posts\/7242"}],"collection":[{"href":"https:\/\/opcions.ec\/portal\/wp-json\/wp\/v2\/posts"}],"about":[{"href":"https:\/\/opcions.ec\/portal\/wp-json\/wp\/v2\/types\/post"}],"author":[{"embeddable":true,"href":"https:\/\/opcions.ec\/portal\/wp-json\/wp\/v2\/users\/7"}],"replies":[{"embeddable":true,"href":"https:\/\/opcions.ec\/portal\/wp-json\/wp\/v2\/comments?post=7242"}],"version-history":[{"count":1,"href":"https:\/\/opcions.ec\/portal\/wp-json\/wp\/v2\/posts\/7242\/revisions"}],"predecessor-version":[{"id":7250,"href":"https:\/\/opcions.ec\/portal\/wp-json\/wp\/v2\/posts\/7242\/revisions\/7250"}],"wp:featuredmedia":[{"embeddable":true,"href":"https:\/\/opcions.ec\/portal\/wp-json\/wp\/v2\/media\/7249"}],"wp:attachment":[{"href":"https:\/\/opcions.ec\/portal\/wp-json\/wp\/v2\/media?parent=7242"}],"wp:term":[{"taxonomy":"category","embeddable":true,"href":"https:\/\/opcions.ec\/portal\/wp-json\/wp\/v2\/categories?post=7242"},{"taxonomy":"post_tag","embeddable":true,"href":"https:\/\/opcions.ec\/portal\/wp-json\/wp\/v2\/tags?post=7242"}],"curies":[{"name":"wp","href":"https:\/\/api.w.org\/{rel}","templated":true}]}}