{"id":6755,"date":"2022-04-13T22:53:40","date_gmt":"2022-04-13T22:53:40","guid":{"rendered":"https:\/\/opcions.ec\/portal\/?p=6755"},"modified":"2022-04-13T22:53:41","modified_gmt":"2022-04-13T22:53:41","slug":"ni-una-menos-la-lucha-sigue","status":"publish","type":"post","link":"https:\/\/opcions.ec\/portal\/2022\/04\/13\/ni-una-menos-la-lucha-sigue\/","title":{"rendered":"Ni una menos, la lucha sigue"},"content":{"rendered":"<p style=\"text-align: justify;\">Historicamente las mujeres han sido excluidas de diferentes espacios p\u00fablicos y privados. Aunque gracias a las diferentes luchas hoy por hoy las mujeres ocupan ciertos puestos dirigenciales y pueden votar, las brechas de desigualdad estructural siguen inalteradas.<\/p>\n<p style=\"text-align: justify;\">El rol de las mujeres en la ciencia, academia, pol\u00edtica y trabajo contin\u00faa siendo un camino sinuoso. Algunos de los obst\u00e1culos que enfrentan son: invisibilizaci\u00f3n, exclusi\u00f3n, acoso, violencia y toda clase de estereotipos de g\u00e9nero que las ubican en roles de cuidado con lo cual tienen mucho m\u00e1s dif\u00edcil ocupar cargos en el \u00e1mbito p\u00fablico.<\/p>\n<p style=\"text-align: justify;\">Ser mujer no es f\u00e1cil, sobre todo si vemos c\u00f3mo se reproduce la misoginia desde puestos tan importantes como la presidencia de la Rep\u00fablica, hasta canales de comunicaci\u00f3n e informaci\u00f3n. Lo cierto es que ser mujer en Ecuador duele, duele desde ver todos los d\u00edas noticieros sobre v\u00edctima de feminic\u00eddio, hasta constatar c\u00f3mo debes mandar la placa del conductor del taxi a tu c\u00edrculo cercano -por que tal vez no llegues-.<\/p>\n<p style=\"text-align: justify;\">Las luchas por el reconocimiento y la redistribuci\u00f3n, son a\u00fan objetivos pendiente en un Ecuador todav\u00eda impregnado por el sexismo. La lucha sigue.<br \/>\n\u00a1Nada sin mujeres!<\/p>\n","protected":false},"excerpt":{"rendered":"<p>Historicamente las mujeres han sido excluidas de diferentes espacios p\u00fablicos y privados. Aunque gracias a las diferentes luchas hoy por hoy las mujeres ocupan ciertos puestos dirigenciales y pueden votar, las brechas de desigualdad estructural siguen inalteradas. El rol de las mujeres en la ciencia, academia, pol\u00edtica y trabajo contin\u00faa<\/p>\n","protected":false},"author":8,"featured_media":6756,"comment_status":"open","ping_status":"open","sticky":false,"template":"","format":"standard","meta":[],"categories":[14],"tags":[],"yoast_head":"<!-- This site is optimized with the Yoast SEO plugin v14.3 - https:\/\/yoast.com\/wordpress\/plugins\/seo\/ -->\n<title>Ni una menos, la lucha sigue - Opci&oacute;n S<\/title>\n<meta name=\"robots\" content=\"index, follow\" \/>\n<meta name=\"googlebot\" content=\"index, follow, max-snippet:-1, max-image-preview:large, max-video-preview:-1\" \/>\n<meta name=\"bingbot\" content=\"index, follow, max-snippet:-1, max-image-preview:large, max-video-preview:-1\" \/>\n<link rel=\"canonical\" href=\"https:\/\/opcions.ec\/portal\/2022\/04\/13\/ni-una-menos-la-lucha-sigue\/\" \/>\n<meta property=\"og:locale\" content=\"es_ES\" \/>\n<meta property=\"og:type\" content=\"article\" \/>\n<meta property=\"og:title\" content=\"Ni una menos, la lucha sigue - Opci&oacute;n S\" \/>\n<meta property=\"og:description\" content=\"Historicamente las mujeres han sido excluidas de diferentes espacios p\u00fablicos y privados. Aunque gracias a las diferentes luchas hoy por hoy las mujeres ocupan ciertos puestos dirigenciales y pueden votar, las brechas de desigualdad estructural siguen inalteradas. El rol de las mujeres en la ciencia, academia, pol\u00edtica y trabajo contin\u00faa\" \/>\n<meta property=\"og:url\" content=\"https:\/\/opcions.ec\/portal\/2022\/04\/13\/ni-una-menos-la-lucha-sigue\/\" \/>\n<meta property=\"og:site_name\" content=\"Opci&oacute;n S\" \/>\n<meta property=\"article:published_time\" content=\"2022-04-13T22:53:40+00:00\" \/>\n<meta property=\"article:modified_time\" content=\"2022-04-13T22:53:41+00:00\" \/>\n<meta property=\"og:image\" content=\"https:\/\/opcions.ec\/portal\/wp-content\/uploads\/2022\/04\/fluxusfoto_mujeresamazonicas_darwinpizarro00.jpg\" \/>\n\t<meta property=\"og:image:width\" content=\"1280\" \/>\n\t<meta property=\"og:image:height\" content=\"853\" \/>\n<meta name=\"twitter:card\" content=\"summary_large_image\" \/>\n<script type=\"application\/ld+json\" class=\"yoast-schema-graph\">{\"@context\":\"https:\/\/schema.org\",\"@graph\":[{\"@type\":\"WebSite\",\"@id\":\"https:\/\/opcions.ec\/portal\/#website\",\"url\":\"https:\/\/opcions.ec\/portal\/\",\"name\":\"Opci&oacute;n S\",\"description\":\"\",\"potentialAction\":[{\"@type\":\"SearchAction\",\"target\":\"https:\/\/opcions.ec\/portal\/?s={search_term_string}\",\"query-input\":\"required name=search_term_string\"}],\"inLanguage\":\"es\"},{\"@type\":\"ImageObject\",\"@id\":\"https:\/\/opcions.ec\/portal\/2022\/04\/13\/ni-una-menos-la-lucha-sigue\/#primaryimage\",\"inLanguage\":\"es\",\"url\":\"https:\/\/opcions.ec\/portal\/wp-content\/uploads\/2022\/04\/fluxusfoto_mujeresamazonicas_darwinpizarro00.jpg\",\"width\":1280,\"height\":853},{\"@type\":\"WebPage\",\"@id\":\"https:\/\/opcions.ec\/portal\/2022\/04\/13\/ni-una-menos-la-lucha-sigue\/#webpage\",\"url\":\"https:\/\/opcions.ec\/portal\/2022\/04\/13\/ni-una-menos-la-lucha-sigue\/\",\"name\":\"Ni una menos, la lucha sigue - Opci&oacute;n S\",\"isPartOf\":{\"@id\":\"https:\/\/opcions.ec\/portal\/#website\"},\"primaryImageOfPage\":{\"@id\":\"https:\/\/opcions.ec\/portal\/2022\/04\/13\/ni-una-menos-la-lucha-sigue\/#primaryimage\"},\"datePublished\":\"2022-04-13T22:53:40+00:00\",\"dateModified\":\"2022-04-13T22:53:41+00:00\",\"author\":{\"@id\":\"https:\/\/opcions.ec\/portal\/#\/schema\/person\/bef0776a07b5913093e10f04f6db4814\"},\"breadcrumb\":{\"@id\":\"https:\/\/opcions.ec\/portal\/2022\/04\/13\/ni-una-menos-la-lucha-sigue\/#breadcrumb\"},\"inLanguage\":\"es\",\"potentialAction\":[{\"@type\":\"ReadAction\",\"target\":[\"https:\/\/opcions.ec\/portal\/2022\/04\/13\/ni-una-menos-la-lucha-sigue\/\"]}]},{\"@type\":\"BreadcrumbList\",\"@id\":\"https:\/\/opcions.ec\/portal\/2022\/04\/13\/ni-una-menos-la-lucha-sigue\/#breadcrumb\",\"itemListElement\":[{\"@type\":\"ListItem\",\"position\":1,\"item\":{\"@type\":\"WebPage\",\"@id\":\"https:\/\/opcions.ec\/portal\/\",\"url\":\"https:\/\/opcions.ec\/portal\/\",\"name\":\"Portada\"}},{\"@type\":\"ListItem\",\"position\":2,\"item\":{\"@type\":\"WebPage\",\"@id\":\"https:\/\/opcions.ec\/portal\/2022\/04\/13\/ni-una-menos-la-lucha-sigue\/\",\"url\":\"https:\/\/opcions.ec\/portal\/2022\/04\/13\/ni-una-menos-la-lucha-sigue\/\",\"name\":\"Ni una menos, la lucha sigue\"}}]},{\"@type\":[\"Person\"],\"@id\":\"https:\/\/opcions.ec\/portal\/#\/schema\/person\/bef0776a07b5913093e10f04f6db4814\",\"name\":\"Opci\\u00f3n S\",\"image\":{\"@type\":\"ImageObject\",\"@id\":\"https:\/\/opcions.ec\/portal\/#personlogo\",\"inLanguage\":\"es\",\"url\":\"https:\/\/secure.gravatar.com\/avatar\/5533594912fe46df7193ef652e3f5069?s=96&d=mm&r=g\",\"caption\":\"Opci\\u00f3n S\"}}]}<\/script>\n<!-- \/ Yoast SEO plugin. -->","_links":{"self":[{"href":"https:\/\/opcions.ec\/portal\/wp-json\/wp\/v2\/posts\/6755"}],"collection":[{"href":"https:\/\/opcions.ec\/portal\/wp-json\/wp\/v2\/posts"}],"about":[{"href":"https:\/\/opcions.ec\/portal\/wp-json\/wp\/v2\/types\/post"}],"author":[{"embeddable":true,"href":"https:\/\/opcions.ec\/portal\/wp-json\/wp\/v2\/users\/8"}],"replies":[{"embeddable":true,"href":"https:\/\/opcions.ec\/portal\/wp-json\/wp\/v2\/comments?post=6755"}],"version-history":[{"count":1,"href":"https:\/\/opcions.ec\/portal\/wp-json\/wp\/v2\/posts\/6755\/revisions"}],"predecessor-version":[{"id":6757,"href":"https:\/\/opcions.ec\/portal\/wp-json\/wp\/v2\/posts\/6755\/revisions\/6757"}],"wp:featuredmedia":[{"embeddable":true,"href":"https:\/\/opcions.ec\/portal\/wp-json\/wp\/v2\/media\/6756"}],"wp:attachment":[{"href":"https:\/\/opcions.ec\/portal\/wp-json\/wp\/v2\/media?parent=6755"}],"wp:term":[{"taxonomy":"category","embeddable":true,"href":"https:\/\/opcions.ec\/portal\/wp-json\/wp\/v2\/categories?post=6755"},{"taxonomy":"post_tag","embeddable":true,"href":"https:\/\/opcions.ec\/portal\/wp-json\/wp\/v2\/tags?post=6755"}],"curies":[{"name":"wp","href":"https:\/\/api.w.org\/{rel}","templated":true}]}}