{"id":6642,"date":"2022-03-08T04:03:18","date_gmt":"2022-03-08T04:03:18","guid":{"rendered":"https:\/\/opcions.ec\/portal\/?p=6642"},"modified":"2022-03-08T04:07:36","modified_gmt":"2022-03-08T04:07:36","slug":"la-ciudad-como-bien-comun","status":"publish","type":"post","link":"https:\/\/opcions.ec\/portal\/2022\/03\/08\/la-ciudad-como-bien-comun\/","title":{"rendered":"La ciudad como bien com\u00fan"},"content":{"rendered":"<p style=\"text-align: justify;\">A prop\u00f3sito de la reciente tragedia de La Gasca en la ciudad de Quito, se hizo presente como un sacud\u00f3n \u00e9tico, la necesidad apremiante de que los municipios, el gobierno central y la propia sociedad, reconsideren profundamente el modelo de desarrollo urbano hegem\u00f3nico que pone en riesgos la vida de los habitantes y la propia naturaleza de las ciudades en un contexto de plena emergencia clim\u00e1tica.<\/p>\n<p style=\"text-align: justify;\">Nuestras ciudades y los territorios que las componen deben mirar m\u00e1s all\u00e1 de los componentes f\u00edsicos y materiales y entenderse como bienes comunes. En esta misma perspectiva, es necesario avanzar en marcos legales y de gobernanza que posibiliten construir comunidades m\u00e1s justas y democr\u00e1ticas. Eso pasa por asumir los efectos del cambio clim\u00e1tico de forma equitativa.<\/p>\n<p style=\"text-align: justify;\">Pero reclamar la ciudad como bien com\u00fan, involucra construir un nuevo paradigma que incida en la dimensi\u00f3n material, pol\u00edtica y simb\u00f3lica. Esto pasa obligatoriamente por los siguientes elementos: espacios p\u00fablicos, tierras p\u00fablicas, calles y ecosistemas manejados comunitariamente; funci\u00f3n social de la propiedad y la ciudad; sistema de gobernanza del suelo inclusivo y articulado; y, sentido de autoridad compartido.<\/p>\n<p style=\"text-align: justify;\">Finalmente, la acci\u00f3n clim\u00e1tica debe estar posicionada sobre la base de la noci\u00f3n de justicia clim\u00e1tica, orientada a encarar la desigualdad y garantizar los Derechos Humanos. Esta comprensi\u00f3n tiene sus ra\u00edces en la noci\u00f3n de igualdad y la responsabilidad compartida que tenemos todos frente a la madre tierra y al futuro.<\/p>\n","protected":false},"excerpt":{"rendered":"<p>A prop\u00f3sito de la reciente tragedia de La Gasca en la ciudad de Quito, se hizo presente como un sacud\u00f3n \u00e9tico, la necesidad apremiante de que los municipios, el gobierno central y la propia sociedad, reconsideren profundamente el modelo de desarrollo urbano hegem\u00f3nico que pone en riesgos la vida de<\/p>\n","protected":false},"author":3,"featured_media":6643,"comment_status":"open","ping_status":"open","sticky":false,"template":"","format":"standard","meta":[],"categories":[14],"tags":[],"yoast_head":"<!-- This site is optimized with the Yoast SEO plugin v14.3 - https:\/\/yoast.com\/wordpress\/plugins\/seo\/ -->\n<title>La ciudad como bien com\u00fan - Opci&oacute;n S<\/title>\n<meta name=\"robots\" content=\"index, follow\" \/>\n<meta name=\"googlebot\" content=\"index, follow, max-snippet:-1, max-image-preview:large, max-video-preview:-1\" \/>\n<meta name=\"bingbot\" content=\"index, follow, max-snippet:-1, max-image-preview:large, max-video-preview:-1\" \/>\n<link rel=\"canonical\" href=\"https:\/\/opcions.ec\/portal\/2022\/03\/08\/la-ciudad-como-bien-comun\/\" \/>\n<meta property=\"og:locale\" content=\"es_ES\" \/>\n<meta property=\"og:type\" content=\"article\" \/>\n<meta property=\"og:title\" content=\"La ciudad como bien com\u00fan - Opci&oacute;n S\" \/>\n<meta property=\"og:description\" content=\"A prop\u00f3sito de la reciente tragedia de La Gasca en la ciudad de Quito, se hizo presente como un sacud\u00f3n \u00e9tico, la necesidad apremiante de que los municipios, el gobierno central y la propia sociedad, reconsideren profundamente el modelo de desarrollo urbano hegem\u00f3nico que pone en riesgos la vida de\" \/>\n<meta property=\"og:url\" content=\"https:\/\/opcions.ec\/portal\/2022\/03\/08\/la-ciudad-como-bien-comun\/\" \/>\n<meta property=\"og:site_name\" content=\"Opci&oacute;n S\" \/>\n<meta property=\"article:published_time\" content=\"2022-03-08T04:03:18+00:00\" \/>\n<meta property=\"article:modified_time\" content=\"2022-03-08T04:07:36+00:00\" \/>\n<meta property=\"og:image\" content=\"https:\/\/opcions.ec\/portal\/wp-content\/uploads\/2022\/03\/1-114-700x391-1.jpg\" \/>\n\t<meta property=\"og:image:width\" content=\"700\" \/>\n\t<meta property=\"og:image:height\" content=\"391\" \/>\n<meta name=\"twitter:card\" content=\"summary_large_image\" \/>\n<script type=\"application\/ld+json\" class=\"yoast-schema-graph\">{\"@context\":\"https:\/\/schema.org\",\"@graph\":[{\"@type\":\"WebSite\",\"@id\":\"https:\/\/opcions.ec\/portal\/#website\",\"url\":\"https:\/\/opcions.ec\/portal\/\",\"name\":\"Opci&oacute;n S\",\"description\":\"\",\"potentialAction\":[{\"@type\":\"SearchAction\",\"target\":\"https:\/\/opcions.ec\/portal\/?s={search_term_string}\",\"query-input\":\"required name=search_term_string\"}],\"inLanguage\":\"es\"},{\"@type\":\"ImageObject\",\"@id\":\"https:\/\/opcions.ec\/portal\/2022\/03\/08\/la-ciudad-como-bien-comun\/#primaryimage\",\"inLanguage\":\"es\",\"url\":\"https:\/\/opcions.ec\/portal\/wp-content\/uploads\/2022\/03\/1-114-700x391-1.jpg\",\"width\":700,\"height\":391},{\"@type\":\"WebPage\",\"@id\":\"https:\/\/opcions.ec\/portal\/2022\/03\/08\/la-ciudad-como-bien-comun\/#webpage\",\"url\":\"https:\/\/opcions.ec\/portal\/2022\/03\/08\/la-ciudad-como-bien-comun\/\",\"name\":\"La ciudad como bien com\\u00fan - Opci&oacute;n S\",\"isPartOf\":{\"@id\":\"https:\/\/opcions.ec\/portal\/#website\"},\"primaryImageOfPage\":{\"@id\":\"https:\/\/opcions.ec\/portal\/2022\/03\/08\/la-ciudad-como-bien-comun\/#primaryimage\"},\"datePublished\":\"2022-03-08T04:03:18+00:00\",\"dateModified\":\"2022-03-08T04:07:36+00:00\",\"author\":{\"@id\":\"https:\/\/opcions.ec\/portal\/#\/schema\/person\/90f7bb3085e908fb37267da162fbd117\"},\"breadcrumb\":{\"@id\":\"https:\/\/opcions.ec\/portal\/2022\/03\/08\/la-ciudad-como-bien-comun\/#breadcrumb\"},\"inLanguage\":\"es\",\"potentialAction\":[{\"@type\":\"ReadAction\",\"target\":[\"https:\/\/opcions.ec\/portal\/2022\/03\/08\/la-ciudad-como-bien-comun\/\"]}]},{\"@type\":\"BreadcrumbList\",\"@id\":\"https:\/\/opcions.ec\/portal\/2022\/03\/08\/la-ciudad-como-bien-comun\/#breadcrumb\",\"itemListElement\":[{\"@type\":\"ListItem\",\"position\":1,\"item\":{\"@type\":\"WebPage\",\"@id\":\"https:\/\/opcions.ec\/portal\/\",\"url\":\"https:\/\/opcions.ec\/portal\/\",\"name\":\"Portada\"}},{\"@type\":\"ListItem\",\"position\":2,\"item\":{\"@type\":\"WebPage\",\"@id\":\"https:\/\/opcions.ec\/portal\/2022\/03\/08\/la-ciudad-como-bien-comun\/\",\"url\":\"https:\/\/opcions.ec\/portal\/2022\/03\/08\/la-ciudad-como-bien-comun\/\",\"name\":\"La ciudad como bien com\\u00fan\"}}]},{\"@type\":[\"Person\"],\"@id\":\"https:\/\/opcions.ec\/portal\/#\/schema\/person\/90f7bb3085e908fb37267da162fbd117\",\"name\":\"Admin BC\",\"image\":{\"@type\":\"ImageObject\",\"@id\":\"https:\/\/opcions.ec\/portal\/#personlogo\",\"inLanguage\":\"es\",\"url\":\"https:\/\/secure.gravatar.com\/avatar\/ccd15cdf8f33b5c0ae18a03cf13f6bb2?s=96&d=mm&r=g\",\"caption\":\"Admin BC\"}}]}<\/script>\n<!-- \/ Yoast SEO plugin. -->","_links":{"self":[{"href":"https:\/\/opcions.ec\/portal\/wp-json\/wp\/v2\/posts\/6642"}],"collection":[{"href":"https:\/\/opcions.ec\/portal\/wp-json\/wp\/v2\/posts"}],"about":[{"href":"https:\/\/opcions.ec\/portal\/wp-json\/wp\/v2\/types\/post"}],"author":[{"embeddable":true,"href":"https:\/\/opcions.ec\/portal\/wp-json\/wp\/v2\/users\/3"}],"replies":[{"embeddable":true,"href":"https:\/\/opcions.ec\/portal\/wp-json\/wp\/v2\/comments?post=6642"}],"version-history":[{"count":2,"href":"https:\/\/opcions.ec\/portal\/wp-json\/wp\/v2\/posts\/6642\/revisions"}],"predecessor-version":[{"id":6645,"href":"https:\/\/opcions.ec\/portal\/wp-json\/wp\/v2\/posts\/6642\/revisions\/6645"}],"wp:featuredmedia":[{"embeddable":true,"href":"https:\/\/opcions.ec\/portal\/wp-json\/wp\/v2\/media\/6643"}],"wp:attachment":[{"href":"https:\/\/opcions.ec\/portal\/wp-json\/wp\/v2\/media?parent=6642"}],"wp:term":[{"taxonomy":"category","embeddable":true,"href":"https:\/\/opcions.ec\/portal\/wp-json\/wp\/v2\/categories?post=6642"},{"taxonomy":"post_tag","embeddable":true,"href":"https:\/\/opcions.ec\/portal\/wp-json\/wp\/v2\/tags?post=6642"}],"curies":[{"name":"wp","href":"https:\/\/api.w.org\/{rel}","templated":true}]}}