{"id":6579,"date":"2022-02-14T06:30:34","date_gmt":"2022-02-14T06:30:34","guid":{"rendered":"https:\/\/opcions.ec\/portal\/?p=6579"},"modified":"2022-02-16T01:15:14","modified_gmt":"2022-02-16T01:15:14","slug":"colombia-elecciones-en-tiempos-de-conflictos","status":"publish","type":"post","link":"https:\/\/opcions.ec\/portal\/2022\/02\/14\/colombia-elecciones-en-tiempos-de-conflictos\/","title":{"rendered":"Colombia: elecciones en tiempos de conflictos"},"content":{"rendered":"<p style=\"text-align: right;\"><strong>Marcelo Caruso Azc\u00e1rate<\/strong><\/p>\n<p style=\"text-align: justify;\">En Colombia se ha convertido en una \u201cmala costumbre\u201d que detr\u00e1s de la esperanza de paz siempre duerma la guerra. Y no necesariamente la guerra civil cl\u00e1sica, sino la pervivencia de la teor\u00eda del enemigo interno, que determina las relaciones pol\u00edticas marcadas por la violencia que hoy sufre el pueblo y la juventud colombiana. En una supuesta \u00e9poca de construcci\u00f3n de paz el conflicto armado continua, y las elecciones presidenciales est\u00e1n marcadas por una polarizaci\u00f3n en la que anidan todo tipos de violencias.<\/p>\n<p style=\"text-align: justify;\">La novedad del proceso electoral que se inicia el 13 de marzo -con elecciones parlamentarias y consultas primarias presidenciales-, es que estas \u00faltimas tendr\u00e1n la presencia de 3 grandes coaliciones ordenadas por su marca ideol\u00f3gica sin confusiones posibles: la Coalici\u00f3n Equipo por Colombia de derecha tradicional, que sorpresivamente excluy\u00f3 al candidato oficial uribista para no cargar con su desgaste; la Coalici\u00f3n Centro Esperanza de centro derecha que nuclea a liberales tradicionales con el ala derecha del Partido Verde; y la Coalici\u00f3n del Pacto Hist\u00f3rico, PH, de centro izquierda. Por fuera de las coaliciones, quedaron el candidato del partido Centro Democr\u00e1tico, uribista, y un outsider, Rodolfo Hern\u00e1ndez, que como buen pescador en los revueltos r\u00edos de la polarizaci\u00f3n existente, aprovecha que ninguna de las dos partes ejerce una hegemon\u00eda plena y se presenta como el mes\u00edas que por encima de las clases y el Estado de derecho, salvar\u00e1 al pueblo de la corrupci\u00f3n; un bonapartista de derecha que hoy marca el segundo lugar en las encuestas que agrupan a los 17 precandidatos inscriptos, lugar que variar\u00e1 cuando se definan los candidatos de cada coalici\u00f3n.<\/p>\n<blockquote>\n<p style=\"text-align: justify;\">Esta consulta se convierte en una virtual primera vuelta, lo que implica que los que no participen pierden un espacio de construcci\u00f3n de imagen que los desfavorece para la primera vuelta de las presidenciales -a realizarse el 29 de mayo- en la que se encontrar\u00e1n los ganadores de las consultas y los que van solos. De no superar ning\u00fan candidato la mitad m\u00e1s uno de los votos emitidos, se pasa a Segunda Vuelta, programada para el 19 de junio.<\/p>\n<\/blockquote>\n<p style=\"text-align: justify;\">Una posibilidad que tiene aterrorizada a las \u00e9lites del poder econ\u00f3mico y financiero, es que el muy posible triunfador de la consulta del Pacto Hist\u00f3rico, Gustavo Petro pueda ganar en primera vuelta. Es tan grande su rechazo autoritario y de clase, que en forma abierta han instalado en todo tipo de contrato civil que se firme, incluidos los inmobiliarios, un punto que afirma que el acuerdo se suspende de ganar Petro. Conocida como la \u201ccl\u00e1usula Petro\u201d, m\u00e1s all\u00e1 de su car\u00e1cter conspirador y subversivo de la estabilidad econ\u00f3mica, va acompa\u00f1ada de un \u00e9xodo real de las grandes fortunas que, desde ahora- se est\u00e1n refugiando en sus mansiones y bancos de Miami. Esta guerra de nuevo tipo, desatada en todos los espacios de la sociedad, indica que, de lograr vencer los miedos instalados y los fraudes descarados de una Registradur\u00eda corrupta, la gobernabilidad de un\/una presidente del PH s\u00f3lo ser\u00e1 posible si desde el inicio se act\u00faa como lo hizo Xiomara Castro en Honduras, no solo rechazando las traiciones y violaciones de las reglas de juego democr\u00e1tico, sino llamando al pueblo para que la respalden por la v\u00eda de la democracia directa.<\/p>\n<p style=\"text-align: justify;\">Sin embargo, esta no parece ser la mayor preocupaci\u00f3n del precandidato Gustavo Petro -que ya en el pasado acudi\u00f3 a esa estrategia para impedir que lo sacaran de la alcald\u00eda de Bogot\u00e1- ya que hoy est\u00e1 concentrado en realizar una alianza con el hist\u00f3rico traidor del liberalismo, Cesar Gaviria, a quien se le est\u00e1 ofreciendo la vicepresidencia. Jugada que puede ser un arma de doble filo, pues una parte importante de la coalici\u00f3n, poco organizada colectivamente, pero con fuerte simpat\u00eda popular, apoyar\u00e1 en la consulta interna la precandidata del movimiento \u201cSoy Porque Somos\u201d, Francia M\u00e1rquez, mujer afrodescendiente, ambientalista y anticapitalista, esperando que se cumpla el acuerdo inicial en la constituci\u00f3n del PH, que estableci\u00f3 que, el segundo m\u00e1s votado ser\u00eda el\/la vicepresidenta\/e. Desconocer lo pactado ser\u00eda un gran error que podr\u00eda llevar a perder una importante votaci\u00f3n que har\u00eda la diferencia en primera o segunda vuelta electoral.<\/p>\n<p><img loading=\"lazy\" class=\"aligncenter size-full wp-image-6583\" src=\"https:\/\/opcions.ec\/portal\/wp-content\/uploads\/2022\/02\/marceloc2.jpg\" alt=\"\" width=\"589\" height=\"330\" srcset=\"https:\/\/opcions.ec\/portal\/wp-content\/uploads\/2022\/02\/marceloc2.jpg 589w, https:\/\/opcions.ec\/portal\/wp-content\/uploads\/2022\/02\/marceloc2-300x168.jpg 300w\" sizes=\"(max-width: 589px) 100vw, 589px\" \/><\/p>\n<p style=\"text-align: justify;\">El PH presenta una lista cerrada al Senado con \u201ccremallera\u201d -un hombre-una mujer- que, siendo un avance en la paridad de g\u00e9nero, encontr\u00f3 una dificultad grande en el momento de decidir qui\u00e9nes ser\u00edan los y las candidatas y qu\u00e9 puesto deb\u00edan ocupar, lo cual se resolvi\u00f3 en las c\u00fapulas sin debate con las 23 organizaciones que lo componen. Todo esto afecta la imagen del PH, si bien existe gran unidad interna en la necesidad de triunfar electoralmente, lo cual no est\u00e1 asegurado, pero nunca existi\u00f3 tanta posibilidad. El debate al interior de PH pasa por los que lo consideran una simple coalici\u00f3n electoral y quienes buscan aprovechar este momento de unidad electoral de la izquierda y el progresismo, para avanzar en la construcci\u00f3n de un proyecto pol\u00edtico democr\u00e1tico y federativo, tanto de organizaciones pol\u00edticas como sociales, que se convierta en un espacio estrat\u00e9gico en la lucha por las transformaciones sociales, sin la dependencia exclusiva del resultado electoral<\/p>\n<p style=\"text-align: justify;\">En este contexto, existen 2 listas a Senado, otras m\u00e1s en los departamentos que eligen los representantes a la C\u00e1mara, m\u00e1s candidatos del Partido Verde al Senado, que han declarado su apoyo al candidato presidencial que sea seleccionado por el PH. Se agrega tambi\u00e9n una lista feminista del movimiento \u201cEstamos listas\u201d, otra importante novedad en este innovador escenario que se abri\u00f3 con los Paros Nacionales de 2019, 2020 y 2021. Sin embargo, la dispersi\u00f3n puede llevar a perder curules por no alcanzar el umbral requerido.<\/p>\n<blockquote>\n<p style=\"text-align: justify;\">Por parte del gobierno Duque, existe una agresiva campa\u00f1a de militarizaci\u00f3n de las zonas que pueden implicar votos para el PH y una gran desidia frente a las masacres y atentados que contin\u00faan contra l\u00edderes de organizaciones sociales y excombatientes de las FARC. Y como manejan todos los organismos de control del Estado, se permiten retrasar la emisi\u00f3n de los documentos de m\u00e1s de 3 millones de j\u00f3venes que quieren votar -la mayor\u00eda al PH-.<\/p>\n<\/blockquote>\n<p style=\"text-align: justify;\">Si bien para las listas al Congreso se construy\u00f3 un programa com\u00fan del PH, para el ejercicio de la presidencia el programa quedar\u00e1 en manos de quien triunfe en la consulta. Esto implicar\u00e1 un necesario control e incidencia sobre las decisiones del gobierno por parte de las fuerzas de izquierda al interior del PH, actuando en conjunto con el movimiento social juvenil y de mujeres, movilizado en estos 3 \u00faltimos a\u00f1os. As\u00ed como ser\u00e1 importante la Bancada Parlamentaria alcanzada, lo ser\u00e1 el Comit\u00e9 Nacional de Paro -fortalecido con las Asambleas populares territoriales surgidas de esas gestas indignadas-, reconocidos por el gobierno del PH como una Bancada social -expresi\u00f3n directa del poder popular en construcci\u00f3n-, sin perder en esta funci\u00f3n su autonom\u00eda e independencia. S\u00f3lo esta doble estrategia permitir\u00e1 resistir a la campa\u00f1a regresiva de los poderosos del capital -como lo est\u00e1n haciendo en Per\u00fa aprovechando las vacilaciones del gobierno de Castillo- y que se logre avanzar en implementar el Acuerdo de Paz; el desarrollo del Pacto de Leticia como parte de la integraci\u00f3n latinoamericana que incorpore a los pueblos ind\u00edgenas y campesinos del Amazonas, se promuevan formas de econom\u00eda popular solidaria; y se potencie la democracia directa como base de cogobiernos y autogestiones populares que exijan y controlen la garant\u00eda de los derechos humanos fundamentales.<\/p>\n","protected":false},"excerpt":{"rendered":"<p>Marcelo Caruso Azc\u00e1rate En Colombia se ha convertido en una \u201cmala costumbre\u201d que detr\u00e1s de la esperanza de paz siempre duerma la guerra. Y no necesariamente la guerra civil cl\u00e1sica, sino la pervivencia de la teor\u00eda del enemigo interno, que determina las relaciones pol\u00edticas marcadas por la violencia que hoy<\/p>\n","protected":false},"author":3,"featured_media":6582,"comment_status":"open","ping_status":"open","sticky":false,"template":"","format":"standard","meta":[],"categories":[15,179],"tags":[],"yoast_head":"<!-- This site is optimized with the Yoast SEO plugin v14.3 - https:\/\/yoast.com\/wordpress\/plugins\/seo\/ -->\n<title>Colombia: elecciones en tiempos de conflictos - Opci&oacute;n S<\/title>\n<meta name=\"robots\" content=\"index, follow\" \/>\n<meta name=\"googlebot\" content=\"index, follow, max-snippet:-1, max-image-preview:large, max-video-preview:-1\" \/>\n<meta name=\"bingbot\" content=\"index, follow, max-snippet:-1, max-image-preview:large, max-video-preview:-1\" \/>\n<link rel=\"canonical\" href=\"https:\/\/opcions.ec\/portal\/2022\/02\/14\/colombia-elecciones-en-tiempos-de-conflictos\/\" \/>\n<meta property=\"og:locale\" content=\"es_ES\" \/>\n<meta property=\"og:type\" content=\"article\" \/>\n<meta property=\"og:title\" content=\"Colombia: elecciones en tiempos de conflictos - Opci&oacute;n S\" \/>\n<meta property=\"og:description\" content=\"Marcelo Caruso Azc\u00e1rate En Colombia se ha convertido en una \u201cmala costumbre\u201d que detr\u00e1s de la esperanza de paz siempre duerma la guerra. Y no necesariamente la guerra civil cl\u00e1sica, sino la pervivencia de la teor\u00eda del enemigo interno, que determina las relaciones pol\u00edticas marcadas por la violencia que hoy\" \/>\n<meta property=\"og:url\" content=\"https:\/\/opcions.ec\/portal\/2022\/02\/14\/colombia-elecciones-en-tiempos-de-conflictos\/\" \/>\n<meta property=\"og:site_name\" content=\"Opci&oacute;n S\" \/>\n<meta property=\"article:published_time\" content=\"2022-02-14T06:30:34+00:00\" \/>\n<meta property=\"article:modified_time\" content=\"2022-02-16T01:15:14+00:00\" \/>\n<meta property=\"og:image\" content=\"https:\/\/opcions.ec\/portal\/wp-content\/uploads\/2022\/02\/marceloc1.jpg\" \/>\n\t<meta property=\"og:image:width\" content=\"589\" \/>\n\t<meta property=\"og:image:height\" content=\"330\" \/>\n<meta name=\"twitter:card\" content=\"summary_large_image\" \/>\n<script type=\"application\/ld+json\" class=\"yoast-schema-graph\">{\"@context\":\"https:\/\/schema.org\",\"@graph\":[{\"@type\":\"WebSite\",\"@id\":\"https:\/\/opcions.ec\/portal\/#website\",\"url\":\"https:\/\/opcions.ec\/portal\/\",\"name\":\"Opci&oacute;n S\",\"description\":\"\",\"potentialAction\":[{\"@type\":\"SearchAction\",\"target\":\"https:\/\/opcions.ec\/portal\/?s={search_term_string}\",\"query-input\":\"required name=search_term_string\"}],\"inLanguage\":\"es\"},{\"@type\":\"ImageObject\",\"@id\":\"https:\/\/opcions.ec\/portal\/2022\/02\/14\/colombia-elecciones-en-tiempos-de-conflictos\/#primaryimage\",\"inLanguage\":\"es\",\"url\":\"https:\/\/opcions.ec\/portal\/wp-content\/uploads\/2022\/02\/marceloc1.jpg\",\"width\":589,\"height\":330},{\"@type\":\"WebPage\",\"@id\":\"https:\/\/opcions.ec\/portal\/2022\/02\/14\/colombia-elecciones-en-tiempos-de-conflictos\/#webpage\",\"url\":\"https:\/\/opcions.ec\/portal\/2022\/02\/14\/colombia-elecciones-en-tiempos-de-conflictos\/\",\"name\":\"Colombia: elecciones en tiempos de conflictos - Opci&oacute;n S\",\"isPartOf\":{\"@id\":\"https:\/\/opcions.ec\/portal\/#website\"},\"primaryImageOfPage\":{\"@id\":\"https:\/\/opcions.ec\/portal\/2022\/02\/14\/colombia-elecciones-en-tiempos-de-conflictos\/#primaryimage\"},\"datePublished\":\"2022-02-14T06:30:34+00:00\",\"dateModified\":\"2022-02-16T01:15:14+00:00\",\"author\":{\"@id\":\"https:\/\/opcions.ec\/portal\/#\/schema\/person\/90f7bb3085e908fb37267da162fbd117\"},\"breadcrumb\":{\"@id\":\"https:\/\/opcions.ec\/portal\/2022\/02\/14\/colombia-elecciones-en-tiempos-de-conflictos\/#breadcrumb\"},\"inLanguage\":\"es\",\"potentialAction\":[{\"@type\":\"ReadAction\",\"target\":[\"https:\/\/opcions.ec\/portal\/2022\/02\/14\/colombia-elecciones-en-tiempos-de-conflictos\/\"]}]},{\"@type\":\"BreadcrumbList\",\"@id\":\"https:\/\/opcions.ec\/portal\/2022\/02\/14\/colombia-elecciones-en-tiempos-de-conflictos\/#breadcrumb\",\"itemListElement\":[{\"@type\":\"ListItem\",\"position\":1,\"item\":{\"@type\":\"WebPage\",\"@id\":\"https:\/\/opcions.ec\/portal\/\",\"url\":\"https:\/\/opcions.ec\/portal\/\",\"name\":\"Portada\"}},{\"@type\":\"ListItem\",\"position\":2,\"item\":{\"@type\":\"WebPage\",\"@id\":\"https:\/\/opcions.ec\/portal\/2022\/02\/14\/colombia-elecciones-en-tiempos-de-conflictos\/\",\"url\":\"https:\/\/opcions.ec\/portal\/2022\/02\/14\/colombia-elecciones-en-tiempos-de-conflictos\/\",\"name\":\"Colombia: elecciones en tiempos de conflictos\"}}]},{\"@type\":[\"Person\"],\"@id\":\"https:\/\/opcions.ec\/portal\/#\/schema\/person\/90f7bb3085e908fb37267da162fbd117\",\"name\":\"Admin BC\",\"image\":{\"@type\":\"ImageObject\",\"@id\":\"https:\/\/opcions.ec\/portal\/#personlogo\",\"inLanguage\":\"es\",\"url\":\"https:\/\/secure.gravatar.com\/avatar\/ccd15cdf8f33b5c0ae18a03cf13f6bb2?s=96&d=mm&r=g\",\"caption\":\"Admin BC\"}}]}<\/script>\n<!-- \/ Yoast SEO plugin. -->","_links":{"self":[{"href":"https:\/\/opcions.ec\/portal\/wp-json\/wp\/v2\/posts\/6579"}],"collection":[{"href":"https:\/\/opcions.ec\/portal\/wp-json\/wp\/v2\/posts"}],"about":[{"href":"https:\/\/opcions.ec\/portal\/wp-json\/wp\/v2\/types\/post"}],"author":[{"embeddable":true,"href":"https:\/\/opcions.ec\/portal\/wp-json\/wp\/v2\/users\/3"}],"replies":[{"embeddable":true,"href":"https:\/\/opcions.ec\/portal\/wp-json\/wp\/v2\/comments?post=6579"}],"version-history":[{"count":3,"href":"https:\/\/opcions.ec\/portal\/wp-json\/wp\/v2\/posts\/6579\/revisions"}],"predecessor-version":[{"id":6596,"href":"https:\/\/opcions.ec\/portal\/wp-json\/wp\/v2\/posts\/6579\/revisions\/6596"}],"wp:featuredmedia":[{"embeddable":true,"href":"https:\/\/opcions.ec\/portal\/wp-json\/wp\/v2\/media\/6582"}],"wp:attachment":[{"href":"https:\/\/opcions.ec\/portal\/wp-json\/wp\/v2\/media?parent=6579"}],"wp:term":[{"taxonomy":"category","embeddable":true,"href":"https:\/\/opcions.ec\/portal\/wp-json\/wp\/v2\/categories?post=6579"},{"taxonomy":"post_tag","embeddable":true,"href":"https:\/\/opcions.ec\/portal\/wp-json\/wp\/v2\/tags?post=6579"}],"curies":[{"name":"wp","href":"https:\/\/api.w.org\/{rel}","templated":true}]}}