{"id":6571,"date":"2022-02-11T16:28:55","date_gmt":"2022-02-11T16:28:55","guid":{"rendered":"https:\/\/opcions.ec\/portal\/?p=6571"},"modified":"2022-02-11T16:28:56","modified_gmt":"2022-02-11T16:28:56","slug":"en-defensa-del-aborto-por-violacion","status":"publish","type":"post","link":"https:\/\/opcions.ec\/portal\/2022\/02\/11\/en-defensa-del-aborto-por-violacion\/","title":{"rendered":"En defensa del aborto por violaci\u00f3n"},"content":{"rendered":"<p style=\"text-align: justify;\">La Asamblea Nacional del Ecuador se enreda en prejuicios y dogmas al regular el aborto por violaci\u00f3n. Los legisladores contraponen a las razones y est\u00e1ndares internacionales, sus propias creencias religiosas.<\/p>\n<p style=\"text-align: justify;\">El aborto en casos de violaci\u00f3n est\u00e1 despenalizado en Ecuador desde abril del a\u00f1o pasado por una sentencia de la Corte Constitucional. Desde ah\u00ed la Asamblea Nacional tiene la obligaci\u00f3n de regular el acceso de las mujeres embarazadas v\u00edctimas de violaci\u00f3n a la interrupci\u00f3n del embarazo sin que haya requisitos que obstaculicen su decisi\u00f3n. Sin embargo el debate legislativo ha estado repleto de trabas, absurdos y justificaciones.<\/p>\n<p style=\"text-align: justify;\">Justamente, una de esas trabas ha sido establecer plazos para acceder al aborto por violacion, introduciendo par\u00e1metros de discriminaci\u00f3n entre las propias v\u00edctimas en funci\u00f3n de cu\u00e1n temprano llegan al sistema de salud. Al respecto, y como lo menciona nuestra articulista Johanna Romero, la demora no debe ser una carga para las v\u00edctimas cuando es el Estado el responsable de esa \u00abtardanza\u00bb.<\/p>\n<p style=\"text-align: justify;\">Por ello es que cualquier diferencia en el acceso al aborto por violaci\u00f3n, en t\u00e9rminos de plazos, reafirma la discriminaci\u00f3n que la Corte busc\u00f3 eliminar con su sentencia.<\/p>\n<p style=\"text-align: justify;\">El fallo de la Corte determin\u00f3 que no puede darse discriminaci\u00f3n en el trato hacia una mujer gestante producto de una violaci\u00f3n, a menos q exista justificaci\u00f3n objetiva y razonable. Cabe por tanto preguntarse \u00bfcu\u00e1l es el criterio objetivo y razonable que est\u00e1 usando la Asamblea Nacional para llegar a estos plazos?<\/p>\n<p style=\"text-align: justify;\">Por ejemplo, la propuesta de la Izquierda Democr\u00e1tica contempla el plazo de 20 semanas para las ni\u00f1as de hasta 14 a\u00f1os; 18 semanas para mujeres de 14 a 18 a\u00f1os; y, 16 semanas para mayores de 18 a\u00f1os. Cabe por tanto reiterar la pregunta \u00bfcu\u00e1l es el criterio que utiliz\u00f3 este partido para plantear estos plazos y no otros?<\/p>\n<p style=\"text-align: justify;\">La Asamblea debe hacer historia y darle al pa\u00eds una ley justa y reparadora. Lastimosamente, el \u00fanico partido pol\u00edtico con una postura clara, institucional y org\u00e1nica, en defensa del aborto por violaci\u00f3n es el Partido Socialista Ecuatoriano que, coherente mente, asegur\u00f3 los votos de sus asambleistas Roc\u00edo Y\u00e9pez y Diego Esparza en favor de un informe justo, digno y reparador.<\/p>\n","protected":false},"excerpt":{"rendered":"<p>La Asamblea Nacional del Ecuador se enreda en prejuicios y dogmas al regular el aborto por violaci\u00f3n. Los legisladores contraponen a las razones y est\u00e1ndares internacionales, sus propias creencias religiosas. El aborto en casos de violaci\u00f3n est\u00e1 despenalizado en Ecuador desde abril del a\u00f1o pasado por una sentencia de la<\/p>\n","protected":false},"author":8,"featured_media":6572,"comment_status":"open","ping_status":"open","sticky":false,"template":"","format":"standard","meta":[],"categories":[14],"tags":[],"yoast_head":"<!-- This site is optimized with the Yoast SEO plugin v14.3 - https:\/\/yoast.com\/wordpress\/plugins\/seo\/ -->\n<title>En defensa del aborto por violaci\u00f3n - Opci&oacute;n S<\/title>\n<meta name=\"robots\" content=\"index, follow\" \/>\n<meta name=\"googlebot\" content=\"index, follow, max-snippet:-1, max-image-preview:large, max-video-preview:-1\" \/>\n<meta name=\"bingbot\" content=\"index, follow, max-snippet:-1, max-image-preview:large, max-video-preview:-1\" \/>\n<link rel=\"canonical\" href=\"https:\/\/opcions.ec\/portal\/2022\/02\/11\/en-defensa-del-aborto-por-violacion\/\" \/>\n<meta property=\"og:locale\" content=\"es_ES\" \/>\n<meta property=\"og:type\" content=\"article\" \/>\n<meta property=\"og:title\" content=\"En defensa del aborto por violaci\u00f3n - Opci&oacute;n S\" \/>\n<meta property=\"og:description\" content=\"La Asamblea Nacional del Ecuador se enreda en prejuicios y dogmas al regular el aborto por violaci\u00f3n. Los legisladores contraponen a las razones y est\u00e1ndares internacionales, sus propias creencias religiosas. El aborto en casos de violaci\u00f3n est\u00e1 despenalizado en Ecuador desde abril del a\u00f1o pasado por una sentencia de la\" \/>\n<meta property=\"og:url\" content=\"https:\/\/opcions.ec\/portal\/2022\/02\/11\/en-defensa-del-aborto-por-violacion\/\" \/>\n<meta property=\"og:site_name\" content=\"Opci&oacute;n S\" \/>\n<meta property=\"article:published_time\" content=\"2022-02-11T16:28:55+00:00\" \/>\n<meta property=\"article:modified_time\" content=\"2022-02-11T16:28:56+00:00\" \/>\n<meta property=\"og:image\" content=\"https:\/\/opcions.ec\/portal\/wp-content\/uploads\/2022\/02\/editoaial.jpeg\" \/>\n\t<meta property=\"og:image:width\" content=\"1120\" \/>\n\t<meta property=\"og:image:height\" content=\"630\" \/>\n<meta name=\"twitter:card\" content=\"summary_large_image\" \/>\n<script type=\"application\/ld+json\" class=\"yoast-schema-graph\">{\"@context\":\"https:\/\/schema.org\",\"@graph\":[{\"@type\":\"WebSite\",\"@id\":\"https:\/\/opcions.ec\/portal\/#website\",\"url\":\"https:\/\/opcions.ec\/portal\/\",\"name\":\"Opci&oacute;n S\",\"description\":\"\",\"potentialAction\":[{\"@type\":\"SearchAction\",\"target\":\"https:\/\/opcions.ec\/portal\/?s={search_term_string}\",\"query-input\":\"required name=search_term_string\"}],\"inLanguage\":\"es\"},{\"@type\":\"ImageObject\",\"@id\":\"https:\/\/opcions.ec\/portal\/2022\/02\/11\/en-defensa-del-aborto-por-violacion\/#primaryimage\",\"inLanguage\":\"es\",\"url\":\"https:\/\/opcions.ec\/portal\/wp-content\/uploads\/2022\/02\/editoaial.jpeg\",\"width\":1120,\"height\":630},{\"@type\":\"WebPage\",\"@id\":\"https:\/\/opcions.ec\/portal\/2022\/02\/11\/en-defensa-del-aborto-por-violacion\/#webpage\",\"url\":\"https:\/\/opcions.ec\/portal\/2022\/02\/11\/en-defensa-del-aborto-por-violacion\/\",\"name\":\"En defensa del aborto por violaci\\u00f3n - Opci&oacute;n S\",\"isPartOf\":{\"@id\":\"https:\/\/opcions.ec\/portal\/#website\"},\"primaryImageOfPage\":{\"@id\":\"https:\/\/opcions.ec\/portal\/2022\/02\/11\/en-defensa-del-aborto-por-violacion\/#primaryimage\"},\"datePublished\":\"2022-02-11T16:28:55+00:00\",\"dateModified\":\"2022-02-11T16:28:56+00:00\",\"author\":{\"@id\":\"https:\/\/opcions.ec\/portal\/#\/schema\/person\/bef0776a07b5913093e10f04f6db4814\"},\"breadcrumb\":{\"@id\":\"https:\/\/opcions.ec\/portal\/2022\/02\/11\/en-defensa-del-aborto-por-violacion\/#breadcrumb\"},\"inLanguage\":\"es\",\"potentialAction\":[{\"@type\":\"ReadAction\",\"target\":[\"https:\/\/opcions.ec\/portal\/2022\/02\/11\/en-defensa-del-aborto-por-violacion\/\"]}]},{\"@type\":\"BreadcrumbList\",\"@id\":\"https:\/\/opcions.ec\/portal\/2022\/02\/11\/en-defensa-del-aborto-por-violacion\/#breadcrumb\",\"itemListElement\":[{\"@type\":\"ListItem\",\"position\":1,\"item\":{\"@type\":\"WebPage\",\"@id\":\"https:\/\/opcions.ec\/portal\/\",\"url\":\"https:\/\/opcions.ec\/portal\/\",\"name\":\"Portada\"}},{\"@type\":\"ListItem\",\"position\":2,\"item\":{\"@type\":\"WebPage\",\"@id\":\"https:\/\/opcions.ec\/portal\/2022\/02\/11\/en-defensa-del-aborto-por-violacion\/\",\"url\":\"https:\/\/opcions.ec\/portal\/2022\/02\/11\/en-defensa-del-aborto-por-violacion\/\",\"name\":\"En defensa del aborto por violaci\\u00f3n\"}}]},{\"@type\":[\"Person\"],\"@id\":\"https:\/\/opcions.ec\/portal\/#\/schema\/person\/bef0776a07b5913093e10f04f6db4814\",\"name\":\"Opci\\u00f3n S\",\"image\":{\"@type\":\"ImageObject\",\"@id\":\"https:\/\/opcions.ec\/portal\/#personlogo\",\"inLanguage\":\"es\",\"url\":\"https:\/\/secure.gravatar.com\/avatar\/5533594912fe46df7193ef652e3f5069?s=96&d=mm&r=g\",\"caption\":\"Opci\\u00f3n S\"}}]}<\/script>\n<!-- \/ Yoast SEO plugin. -->","_links":{"self":[{"href":"https:\/\/opcions.ec\/portal\/wp-json\/wp\/v2\/posts\/6571"}],"collection":[{"href":"https:\/\/opcions.ec\/portal\/wp-json\/wp\/v2\/posts"}],"about":[{"href":"https:\/\/opcions.ec\/portal\/wp-json\/wp\/v2\/types\/post"}],"author":[{"embeddable":true,"href":"https:\/\/opcions.ec\/portal\/wp-json\/wp\/v2\/users\/8"}],"replies":[{"embeddable":true,"href":"https:\/\/opcions.ec\/portal\/wp-json\/wp\/v2\/comments?post=6571"}],"version-history":[{"count":1,"href":"https:\/\/opcions.ec\/portal\/wp-json\/wp\/v2\/posts\/6571\/revisions"}],"predecessor-version":[{"id":6573,"href":"https:\/\/opcions.ec\/portal\/wp-json\/wp\/v2\/posts\/6571\/revisions\/6573"}],"wp:featuredmedia":[{"embeddable":true,"href":"https:\/\/opcions.ec\/portal\/wp-json\/wp\/v2\/media\/6572"}],"wp:attachment":[{"href":"https:\/\/opcions.ec\/portal\/wp-json\/wp\/v2\/media?parent=6571"}],"wp:term":[{"taxonomy":"category","embeddable":true,"href":"https:\/\/opcions.ec\/portal\/wp-json\/wp\/v2\/categories?post=6571"},{"taxonomy":"post_tag","embeddable":true,"href":"https:\/\/opcions.ec\/portal\/wp-json\/wp\/v2\/tags?post=6571"}],"curies":[{"name":"wp","href":"https:\/\/api.w.org\/{rel}","templated":true}]}}