{"id":6566,"date":"2022-02-10T18:28:17","date_gmt":"2022-02-10T18:28:17","guid":{"rendered":"https:\/\/opcions.ec\/portal\/?p=6566"},"modified":"2022-02-10T18:28:18","modified_gmt":"2022-02-10T18:28:18","slug":"asambleista-esparza-pide-debatir-ley-para-garantizar-una-vida-digna-y-alimentacion","status":"publish","type":"post","link":"https:\/\/opcions.ec\/portal\/2022\/02\/10\/asambleista-esparza-pide-debatir-ley-para-garantizar-una-vida-digna-y-alimentacion\/","title":{"rendered":"Asamble\u00edsta Esparza pide debatir ley para garantizar una vida digna y alimentaci\u00f3n"},"content":{"rendered":"<p style=\"text-align: justify;\">DIEGO ESPARZA PIDE DEBATIR PROYECTO LEGAL DE RENTA B\u00c1SICA UNIVERSAL Diego Esparza, asamble\u00edsta por Zamora Chinchipe, en el Pleno de la Asamblea Nacional plante\u00f3 que se retome la discusi\u00f3n del proyecto legal sobre la entrega de una Renta B\u00e1sica Universal para todos los ecuatorianos que no cuenten con ingresos permanentes, para garantizar el derecho a la vida digna y alimentaci\u00f3n.<\/p>\n<p style=\"text-align: justify;\">\n<p style=\"text-align: justify;\">El legislador zamorano manifest\u00f3 que es obligaci\u00f3n del Estado asegurar la soberan\u00eda alimentaria de todos los ecuatorianos, para eso cuestion\u00f3 el actual sistema estatal que no garantiza lo esencial para la vida: \u201cla alimentaci\u00f3n de cada familia, pues el Presupuesto General del Estado no asegura que nuestra ni\u00f1ez y juventud tenga qu\u00e9 comer\u201d, expres\u00f3.<\/p>\n<p style=\"text-align: justify;\">\n<p style=\"text-align: justify;\">En ese sentido, propuso retomar el proyecto legal sobre la Renta B\u00e1sica Universal presentado en la anterior legislatura, como un planteamiento necesario y estructural para \u201catacar el hambre de ra\u00edz\u201d, explic\u00f3. Este marco legal permitir\u00eda superar las actuales condiciones de crisis. En Zamora Chinchipe, pese a que los dos proyectos de megaminer\u00eda producen alrededor de USD 1.400 millones al a\u00f1o, la poblaci\u00f3n mantiene altos \u00edndices de pobreza extrema, desnutrici\u00f3n infantil cr\u00f3nica y desempleo.<\/p>\n<p style=\"text-align: justify;\">\n<p style=\"text-align: justify;\">El proyecto de Renta B\u00e1sica Universal propone que los ecuatorianos sin ingresos cuenten con seguridad social, canasta b\u00e1sica y recursos para el pago de servicios como agua potable, energ\u00eda el\u00e9ctrica, internet. \u201cEs urgente garantizar dignidad, para que cada familia ecuatoriana tenga en su mesa un plato de comida\u201d, puntualiz\u00f3 el asamble\u00edsta por el Partido Socialista.<\/p>\n","protected":false},"excerpt":{"rendered":"<p>DIEGO ESPARZA PIDE DEBATIR PROYECTO LEGAL DE RENTA B\u00c1SICA UNIVERSAL Diego Esparza, asamble\u00edsta por Zamora Chinchipe, en el Pleno de la Asamblea Nacional plante\u00f3 que se retome la discusi\u00f3n del proyecto legal sobre la entrega de una Renta B\u00e1sica Universal para todos los ecuatorianos que no cuenten con ingresos permanentes,<\/p>\n","protected":false},"author":8,"featured_media":6567,"comment_status":"open","ping_status":"open","sticky":false,"template":"","format":"standard","meta":[],"categories":[1],"tags":[],"yoast_head":"<!-- This site is optimized with the Yoast SEO plugin v14.3 - https:\/\/yoast.com\/wordpress\/plugins\/seo\/ -->\n<title>Asamble\u00edsta Esparza pide debatir ley para garantizar una vida digna y alimentaci\u00f3n - Opci&oacute;n S<\/title>\n<meta name=\"robots\" content=\"index, follow\" \/>\n<meta name=\"googlebot\" content=\"index, follow, max-snippet:-1, max-image-preview:large, max-video-preview:-1\" \/>\n<meta name=\"bingbot\" content=\"index, follow, max-snippet:-1, max-image-preview:large, max-video-preview:-1\" \/>\n<link rel=\"canonical\" href=\"https:\/\/opcions.ec\/portal\/2022\/02\/10\/asambleista-esparza-pide-debatir-ley-para-garantizar-una-vida-digna-y-alimentacion\/\" \/>\n<meta property=\"og:locale\" content=\"es_ES\" \/>\n<meta property=\"og:type\" content=\"article\" \/>\n<meta property=\"og:title\" content=\"Asamble\u00edsta Esparza pide debatir ley para garantizar una vida digna y alimentaci\u00f3n - Opci&oacute;n S\" \/>\n<meta property=\"og:description\" content=\"DIEGO ESPARZA PIDE DEBATIR PROYECTO LEGAL DE RENTA B\u00c1SICA UNIVERSAL Diego Esparza, asamble\u00edsta por Zamora Chinchipe, en el Pleno de la Asamblea Nacional plante\u00f3 que se retome la discusi\u00f3n del proyecto legal sobre la entrega de una Renta B\u00e1sica Universal para todos los ecuatorianos que no cuenten con ingresos permanentes,\" \/>\n<meta property=\"og:url\" content=\"https:\/\/opcions.ec\/portal\/2022\/02\/10\/asambleista-esparza-pide-debatir-ley-para-garantizar-una-vida-digna-y-alimentacion\/\" \/>\n<meta property=\"og:site_name\" content=\"Opci&oacute;n S\" \/>\n<meta property=\"article:published_time\" content=\"2022-02-10T18:28:17+00:00\" \/>\n<meta property=\"article:modified_time\" content=\"2022-02-10T18:28:18+00:00\" \/>\n<meta property=\"og:image\" content=\"https:\/\/opcions.ec\/portal\/wp-content\/uploads\/2022\/02\/noticia-foto-8465-entrevistalas-universidades-amazonicas-buscan-que-los-jovenes-de-la-amazonia-nomigrena-la-ciudad-y-puedan-aportar-a-sus-territorios-asambleista-diego-esparza.jpg\" \/>\n\t<meta property=\"og:image:width\" content=\"1020\" \/>\n\t<meta property=\"og:image:height\" content=\"680\" \/>\n<meta name=\"twitter:card\" content=\"summary_large_image\" \/>\n<script type=\"application\/ld+json\" class=\"yoast-schema-graph\">{\"@context\":\"https:\/\/schema.org\",\"@graph\":[{\"@type\":\"WebSite\",\"@id\":\"https:\/\/opcions.ec\/portal\/#website\",\"url\":\"https:\/\/opcions.ec\/portal\/\",\"name\":\"Opci&oacute;n S\",\"description\":\"\",\"potentialAction\":[{\"@type\":\"SearchAction\",\"target\":\"https:\/\/opcions.ec\/portal\/?s={search_term_string}\",\"query-input\":\"required name=search_term_string\"}],\"inLanguage\":\"es\"},{\"@type\":\"ImageObject\",\"@id\":\"https:\/\/opcions.ec\/portal\/2022\/02\/10\/asambleista-esparza-pide-debatir-ley-para-garantizar-una-vida-digna-y-alimentacion\/#primaryimage\",\"inLanguage\":\"es\",\"url\":\"https:\/\/opcions.ec\/portal\/wp-content\/uploads\/2022\/02\/noticia-foto-8465-entrevistalas-universidades-amazonicas-buscan-que-los-jovenes-de-la-amazonia-nomigrena-la-ciudad-y-puedan-aportar-a-sus-territorios-asambleista-diego-esparza.jpg\",\"width\":1020,\"height\":680},{\"@type\":\"WebPage\",\"@id\":\"https:\/\/opcions.ec\/portal\/2022\/02\/10\/asambleista-esparza-pide-debatir-ley-para-garantizar-una-vida-digna-y-alimentacion\/#webpage\",\"url\":\"https:\/\/opcions.ec\/portal\/2022\/02\/10\/asambleista-esparza-pide-debatir-ley-para-garantizar-una-vida-digna-y-alimentacion\/\",\"name\":\"Asamble\\u00edsta Esparza pide debatir ley para garantizar una vida digna y alimentaci\\u00f3n - Opci&oacute;n S\",\"isPartOf\":{\"@id\":\"https:\/\/opcions.ec\/portal\/#website\"},\"primaryImageOfPage\":{\"@id\":\"https:\/\/opcions.ec\/portal\/2022\/02\/10\/asambleista-esparza-pide-debatir-ley-para-garantizar-una-vida-digna-y-alimentacion\/#primaryimage\"},\"datePublished\":\"2022-02-10T18:28:17+00:00\",\"dateModified\":\"2022-02-10T18:28:18+00:00\",\"author\":{\"@id\":\"https:\/\/opcions.ec\/portal\/#\/schema\/person\/bef0776a07b5913093e10f04f6db4814\"},\"breadcrumb\":{\"@id\":\"https:\/\/opcions.ec\/portal\/2022\/02\/10\/asambleista-esparza-pide-debatir-ley-para-garantizar-una-vida-digna-y-alimentacion\/#breadcrumb\"},\"inLanguage\":\"es\",\"potentialAction\":[{\"@type\":\"ReadAction\",\"target\":[\"https:\/\/opcions.ec\/portal\/2022\/02\/10\/asambleista-esparza-pide-debatir-ley-para-garantizar-una-vida-digna-y-alimentacion\/\"]}]},{\"@type\":\"BreadcrumbList\",\"@id\":\"https:\/\/opcions.ec\/portal\/2022\/02\/10\/asambleista-esparza-pide-debatir-ley-para-garantizar-una-vida-digna-y-alimentacion\/#breadcrumb\",\"itemListElement\":[{\"@type\":\"ListItem\",\"position\":1,\"item\":{\"@type\":\"WebPage\",\"@id\":\"https:\/\/opcions.ec\/portal\/\",\"url\":\"https:\/\/opcions.ec\/portal\/\",\"name\":\"Portada\"}},{\"@type\":\"ListItem\",\"position\":2,\"item\":{\"@type\":\"WebPage\",\"@id\":\"https:\/\/opcions.ec\/portal\/2022\/02\/10\/asambleista-esparza-pide-debatir-ley-para-garantizar-una-vida-digna-y-alimentacion\/\",\"url\":\"https:\/\/opcions.ec\/portal\/2022\/02\/10\/asambleista-esparza-pide-debatir-ley-para-garantizar-una-vida-digna-y-alimentacion\/\",\"name\":\"Asamble\\u00edsta Esparza pide debatir ley para garantizar una vida digna y alimentaci\\u00f3n\"}}]},{\"@type\":[\"Person\"],\"@id\":\"https:\/\/opcions.ec\/portal\/#\/schema\/person\/bef0776a07b5913093e10f04f6db4814\",\"name\":\"Opci\\u00f3n S\",\"image\":{\"@type\":\"ImageObject\",\"@id\":\"https:\/\/opcions.ec\/portal\/#personlogo\",\"inLanguage\":\"es\",\"url\":\"https:\/\/secure.gravatar.com\/avatar\/5533594912fe46df7193ef652e3f5069?s=96&d=mm&r=g\",\"caption\":\"Opci\\u00f3n S\"}}]}<\/script>\n<!-- \/ Yoast SEO plugin. -->","_links":{"self":[{"href":"https:\/\/opcions.ec\/portal\/wp-json\/wp\/v2\/posts\/6566"}],"collection":[{"href":"https:\/\/opcions.ec\/portal\/wp-json\/wp\/v2\/posts"}],"about":[{"href":"https:\/\/opcions.ec\/portal\/wp-json\/wp\/v2\/types\/post"}],"author":[{"embeddable":true,"href":"https:\/\/opcions.ec\/portal\/wp-json\/wp\/v2\/users\/8"}],"replies":[{"embeddable":true,"href":"https:\/\/opcions.ec\/portal\/wp-json\/wp\/v2\/comments?post=6566"}],"version-history":[{"count":1,"href":"https:\/\/opcions.ec\/portal\/wp-json\/wp\/v2\/posts\/6566\/revisions"}],"predecessor-version":[{"id":6568,"href":"https:\/\/opcions.ec\/portal\/wp-json\/wp\/v2\/posts\/6566\/revisions\/6568"}],"wp:featuredmedia":[{"embeddable":true,"href":"https:\/\/opcions.ec\/portal\/wp-json\/wp\/v2\/media\/6567"}],"wp:attachment":[{"href":"https:\/\/opcions.ec\/portal\/wp-json\/wp\/v2\/media?parent=6566"}],"wp:term":[{"taxonomy":"category","embeddable":true,"href":"https:\/\/opcions.ec\/portal\/wp-json\/wp\/v2\/categories?post=6566"},{"taxonomy":"post_tag","embeddable":true,"href":"https:\/\/opcions.ec\/portal\/wp-json\/wp\/v2\/tags?post=6566"}],"curies":[{"name":"wp","href":"https:\/\/api.w.org\/{rel}","templated":true}]}}