{"id":6558,"date":"2022-02-10T13:28:05","date_gmt":"2022-02-10T13:28:05","guid":{"rendered":"https:\/\/opcions.ec\/portal\/?p=6558"},"modified":"2022-02-10T13:45:59","modified_gmt":"2022-02-10T13:45:59","slug":"los-derechos-de-los-animales-en-serio","status":"publish","type":"post","link":"https:\/\/opcions.ec\/portal\/2022\/02\/10\/los-derechos-de-los-animales-en-serio\/","title":{"rendered":"Los derechos de los animales en serio"},"content":{"rendered":"<p style=\"text-align: justify;\"><strong>CASO ESTRELLITA<\/strong><\/p>\n<p style=\"text-align: justify;\"><strong>Sentencia Nro. 253-20-JH\/22 Corte Constitucional del Ecuador<\/strong><\/p>\n<p style=\"text-align: right;\"><strong><em>Tatiana Rivadeneira Cabezas<\/em><\/strong><\/p>\n<p style=\"text-align: justify;\">La Corte Constitucional del Ecuador ha hecho historia en el pa\u00eds y en el mundo, al determinar que los animales no humanos tienen derechos a nivel constitucional equiparando con los derechos de la naturaleza establecidos en la Carta Magna desde el a\u00f1o 2008.<\/p>\n<p style=\"text-align: justify;\">La causa que dio lugar a dicho pronunciamiento fue una acci\u00f3n de H\u00e1beas Corpus que se present\u00f3 para proteger los derechos de una mona chorongo, llamada Estrellita.<\/p>\n<p style=\"text-align: justify;\">Estrellita lleg\u00f3 al hogar de la se\u00f1ora Ana y su madre, ubicado en la ciudad de Ambato, a su primer mes de nacida y vivi\u00f3 por 18 a\u00f1os junto a ellas, hasta el d\u00eda de la retenci\u00f3n realizada por el Ministerio del Ambiente, el 11 de septiembre de 2019.<\/p>\n<p style=\"text-align: justify;\">Fue trasladada al Ecozool\u00f3gico de San Mart\u00edn de la ciudad de Ba\u00f1os, donde fue aislada, encerrada en una peque\u00f1a celda y se la mantuvo en cuarentena; tomando en cuenta que es un ser sintiente, claramente se encontraba sufriendo y corr\u00eda riesgo su vida, por tal raz\u00f3n se plante\u00f3 una acci\u00f3n constitucional de H\u00e1beas Corpus, el 6 de diciembre de 2019, con el objeto de liberarla para que retorne a su espacio.<\/p>\n<p style=\"text-align: justify;\">En la audiencia de H\u00e1beas Corpus, el 21 de febrero de 2020, las Autoridades del Ministerio informaron que Estrellita hab\u00eda muerto el 9 de octubre de 2019, menos de un mes despu\u00e9s de su retenci\u00f3n y encarcelamiento. Hecho que no se inform\u00f3 a Ana, ni a su madre, tampoco a nosotras, las abogadas del caso, a pesar de que su muerte sucedi\u00f3 4 meses 12 d\u00edas antes de la audiencia en menci\u00f3n. El dolor, la impotencia, la indignaci\u00f3n nos embarg\u00f3 aquel 21 de febrero.<\/p>\n<p style=\"text-align: justify;\">Hay que acotar que los procedimientos y protocolos que maneja el Ministerio de Ambiente en estos casos, cuando una especie no puede ser reinsertada a su entorno natural, es antit\u00e9cnica. Estrellita por 18 a\u00f1os ten\u00eda el trato como una hija, como parte del n\u00facleo familiar. Ana y su madre le otorgaban amor a su manera y, por tal, quer\u00edan pelear en los tribunales su recuperaci\u00f3n y, al conocer el fin de Estrellita, sufrieron profundamente su perdida.<\/p>\n<p style=\"text-align: justify;\">Nos preguntamos, c\u00f3mo se pretende a una especie, en este caso una mona, enviar a un entorno en el que nunca vivi\u00f3. Solo se requiere un poco de l\u00f3gica y sentido com\u00fan para comprender que era inviable enviar a Estrellita a otro espacio despu\u00e9s de 18 a\u00f1os de vivir en un mismo entorno.<\/p>\n<p><img loading=\"lazy\" class=\"aligncenter size-full wp-image-6563\" src=\"https:\/\/opcions.ec\/portal\/wp-content\/uploads\/2022\/02\/triv2.jpeg\" alt=\"\" width=\"1024\" height=\"768\" srcset=\"https:\/\/opcions.ec\/portal\/wp-content\/uploads\/2022\/02\/triv2.jpeg 1024w, https:\/\/opcions.ec\/portal\/wp-content\/uploads\/2022\/02\/triv2-300x225.jpeg 300w, https:\/\/opcions.ec\/portal\/wp-content\/uploads\/2022\/02\/triv2-768x576.jpeg 768w\" sizes=\"(max-width: 1024px) 100vw, 1024px\" \/><\/p>\n<p style=\"text-align: justify;\">Retomando el proceso jur\u00eddico, el 26 de febrero de 2020 el juez del caso neg\u00f3 la acci\u00f3n de H\u00e1beas Corpus argumentando que los animales no son sujetos de derechos y que esta acci\u00f3n no es la correcta porque son propias de personas humanas; y, como hab\u00eda muerto, el objeto del caso ya no exist\u00eda. El 10 de junio de 2020, la Corte Provincial de Tungurahua ratific\u00f3 la sentencia del juzgado de primera instancia.<\/p>\n<p style=\"text-align: justify;\">Ante la relevancia del caso, la Corte Constitucional lo selecciona para un desarrollo jurisprudencial vinculante de efectos generales; en el cual, es categ\u00f3rico en reconocer los derechos de los <strong>animales no humanos<\/strong>, y determina cu\u00e1les son los derechos constitucionales que gozan los animales en el Ecuador, los cuales deben observarse como una dimensi\u00f3n espec\u00edfica, con sus propias particularidades, en el marco de los derechos de la Naturaleza. Precisa que la \u201cNaturaleza es un sujeto de derechos en s\u00ed mismo, dicha calidad la comparte con todos sus miembros, elementos y factores. De esta forma, se puede afirmar que el Derecho protege tanto a la Naturaleza vista como la universalidad de los seres, fen\u00f3menos y elementos bi\u00f3ticos y abi\u00f3ticos que conviven, interact\u00faan y se manifiestan en la Tierra; como a la Naturaleza en cada uno de sus miembros o elementos singularizables\u201d.<\/p>\n<p style=\"text-align: justify;\">Es decir, rompe con la percepci\u00f3n institucionalizada que la naturaleza solo es titular de derechos en su generalidad y no en su particularidad, como es el caso de los animales, que ahora, con esta sentencia, son sujetos de derechos inclusive en su individualidad.<\/p>\n<p style=\"text-align: justify;\">Al equiparar los derechos de los animales a los derechos de la naturaleza, se indica que cualquier persona puede presentar acciones o garant\u00edas jurisdiccionales en protecci\u00f3n de los animales no humanos en el Ecuador; es decir, se reconoce el derecho a una tutela judicial efectiva, el derecho a efectivizar los derechos de los animales, al amparo de los art\u00edculos 11.3 y 71 de la Constituci\u00f3n de la Rep\u00fablica.<\/p>\n<p style=\"text-align: justify;\">Tambi\u00e9n, la Corte Constitucional tiene el acierto de reconocer que los animales son seres sintientes. Base fundamental para otorgar derechos a estos seres vivos. Por tal, ordena a todos los jueces del sistema jur\u00eddico del pa\u00eds aplicar, en estos casos, el principio de interespecie y el principio de interpretaci\u00f3n ecol\u00f3gica.<\/p>\n<p style=\"text-align: justify;\">Por \u00faltimo, es importante detallar los derechos que reconoce la Corte Constitucional a los animales no humanos, a saber:<\/p>\n<ul style=\"text-align: justify;\">\n<li>Derecho a existir<\/li>\n<li>Derecho a la vida<\/li>\n<li>Derecho a la libertad<\/li>\n<li>Derecho al buen vivir<\/li>\n<li>Derecho a la integridad f\u00edsica, ps\u00edquica, inclusive sexual.<\/li>\n<li>Derecho a la salud<\/li>\n<li>Derecho a la alimentaci\u00f3n<\/li>\n<li>Derecho al h\u00e1bitat<\/li>\n<li>Derecho a la libertad de locomoci\u00f3n<\/li>\n<li>Derecho al libre desarrollo de su comportamiento animal<\/li>\n<li>Derecho a ejercer, promover y exigir el cumplimiento de sus derechos<\/li>\n<li>Los animales en el lugar en cual se encuentren deber\u00e1n tener acceso a agua y alimento adecuados para mantener su salud y vigor<\/li>\n<li>El ambiente en el que viven debe ser adecuado para cada especie, con condiciones de resguardo y descanso adecuado. Debe permitirse la libertad de movimiento<\/li>\n<li>Debe garantizarse a los animales las condiciones sanitarias adecuadas para proteger su salud e integridad f\u00edsica<\/li>\n<li>Debe garantizarse a los animales las condiciones de espacio y de relaci\u00f3n suficiente para asegurar la posibilidad del libre desarrollo de su comportamiento animal<\/li>\n<li>Debe garantizarse a los animales la vida en una ambiente libre de violencia y crueldad desproporcionada, de miedo y angustia.<\/li>\n<\/ul>\n<p>Se empieza a hacer justicia para los animales (no humanos) en Ecuador. \u00a1Por fin se garantizan y protegen sus derechos!<\/p>\n","protected":false},"excerpt":{"rendered":"<p>CASO ESTRELLITA Sentencia Nro. 253-20-JH\/22 Corte Constitucional del Ecuador Tatiana Rivadeneira Cabezas La Corte Constitucional del Ecuador ha hecho historia en el pa\u00eds y en el mundo, al determinar que los animales no humanos tienen derechos a nivel constitucional equiparando con los derechos de la naturaleza establecidos en la Carta<\/p>\n","protected":false},"author":3,"featured_media":6560,"comment_status":"open","ping_status":"open","sticky":false,"template":"","format":"standard","meta":[],"categories":[15,178],"tags":[],"yoast_head":"<!-- This site is optimized with the Yoast SEO plugin v14.3 - https:\/\/yoast.com\/wordpress\/plugins\/seo\/ -->\n<title>Los derechos de los animales en serio - Opci&oacute;n S<\/title>\n<meta name=\"robots\" content=\"index, follow\" \/>\n<meta name=\"googlebot\" content=\"index, follow, max-snippet:-1, max-image-preview:large, max-video-preview:-1\" \/>\n<meta name=\"bingbot\" content=\"index, follow, max-snippet:-1, max-image-preview:large, max-video-preview:-1\" \/>\n<link rel=\"canonical\" href=\"https:\/\/opcions.ec\/portal\/2022\/02\/10\/los-derechos-de-los-animales-en-serio\/\" \/>\n<meta property=\"og:locale\" content=\"es_ES\" \/>\n<meta property=\"og:type\" content=\"article\" \/>\n<meta property=\"og:title\" content=\"Los derechos de los animales en serio - Opci&oacute;n S\" \/>\n<meta property=\"og:description\" content=\"CASO ESTRELLITA Sentencia Nro. 253-20-JH\/22 Corte Constitucional del Ecuador Tatiana Rivadeneira Cabezas La Corte Constitucional del Ecuador ha hecho historia en el pa\u00eds y en el mundo, al determinar que los animales no humanos tienen derechos a nivel constitucional equiparando con los derechos de la naturaleza establecidos en la Carta\" \/>\n<meta property=\"og:url\" content=\"https:\/\/opcions.ec\/portal\/2022\/02\/10\/los-derechos-de-los-animales-en-serio\/\" \/>\n<meta property=\"og:site_name\" content=\"Opci&oacute;n S\" \/>\n<meta property=\"article:published_time\" content=\"2022-02-10T13:28:05+00:00\" \/>\n<meta property=\"article:modified_time\" content=\"2022-02-10T13:45:59+00:00\" \/>\n<meta property=\"og:image\" content=\"https:\/\/opcions.ec\/portal\/wp-content\/uploads\/2022\/02\/tatianariv.jpeg\" \/>\n\t<meta property=\"og:image:width\" content=\"700\" \/>\n\t<meta property=\"og:image:height\" content=\"391\" \/>\n<meta name=\"twitter:card\" content=\"summary_large_image\" \/>\n<script type=\"application\/ld+json\" class=\"yoast-schema-graph\">{\"@context\":\"https:\/\/schema.org\",\"@graph\":[{\"@type\":\"WebSite\",\"@id\":\"https:\/\/opcions.ec\/portal\/#website\",\"url\":\"https:\/\/opcions.ec\/portal\/\",\"name\":\"Opci&oacute;n S\",\"description\":\"\",\"potentialAction\":[{\"@type\":\"SearchAction\",\"target\":\"https:\/\/opcions.ec\/portal\/?s={search_term_string}\",\"query-input\":\"required name=search_term_string\"}],\"inLanguage\":\"es\"},{\"@type\":\"ImageObject\",\"@id\":\"https:\/\/opcions.ec\/portal\/2022\/02\/10\/los-derechos-de-los-animales-en-serio\/#primaryimage\",\"inLanguage\":\"es\",\"url\":\"https:\/\/opcions.ec\/portal\/wp-content\/uploads\/2022\/02\/tatianariv.jpeg\",\"width\":700,\"height\":391},{\"@type\":\"WebPage\",\"@id\":\"https:\/\/opcions.ec\/portal\/2022\/02\/10\/los-derechos-de-los-animales-en-serio\/#webpage\",\"url\":\"https:\/\/opcions.ec\/portal\/2022\/02\/10\/los-derechos-de-los-animales-en-serio\/\",\"name\":\"Los derechos de los animales en serio - Opci&oacute;n S\",\"isPartOf\":{\"@id\":\"https:\/\/opcions.ec\/portal\/#website\"},\"primaryImageOfPage\":{\"@id\":\"https:\/\/opcions.ec\/portal\/2022\/02\/10\/los-derechos-de-los-animales-en-serio\/#primaryimage\"},\"datePublished\":\"2022-02-10T13:28:05+00:00\",\"dateModified\":\"2022-02-10T13:45:59+00:00\",\"author\":{\"@id\":\"https:\/\/opcions.ec\/portal\/#\/schema\/person\/90f7bb3085e908fb37267da162fbd117\"},\"breadcrumb\":{\"@id\":\"https:\/\/opcions.ec\/portal\/2022\/02\/10\/los-derechos-de-los-animales-en-serio\/#breadcrumb\"},\"inLanguage\":\"es\",\"potentialAction\":[{\"@type\":\"ReadAction\",\"target\":[\"https:\/\/opcions.ec\/portal\/2022\/02\/10\/los-derechos-de-los-animales-en-serio\/\"]}]},{\"@type\":\"BreadcrumbList\",\"@id\":\"https:\/\/opcions.ec\/portal\/2022\/02\/10\/los-derechos-de-los-animales-en-serio\/#breadcrumb\",\"itemListElement\":[{\"@type\":\"ListItem\",\"position\":1,\"item\":{\"@type\":\"WebPage\",\"@id\":\"https:\/\/opcions.ec\/portal\/\",\"url\":\"https:\/\/opcions.ec\/portal\/\",\"name\":\"Portada\"}},{\"@type\":\"ListItem\",\"position\":2,\"item\":{\"@type\":\"WebPage\",\"@id\":\"https:\/\/opcions.ec\/portal\/2022\/02\/10\/los-derechos-de-los-animales-en-serio\/\",\"url\":\"https:\/\/opcions.ec\/portal\/2022\/02\/10\/los-derechos-de-los-animales-en-serio\/\",\"name\":\"Los derechos de los animales en serio\"}}]},{\"@type\":[\"Person\"],\"@id\":\"https:\/\/opcions.ec\/portal\/#\/schema\/person\/90f7bb3085e908fb37267da162fbd117\",\"name\":\"Admin BC\",\"image\":{\"@type\":\"ImageObject\",\"@id\":\"https:\/\/opcions.ec\/portal\/#personlogo\",\"inLanguage\":\"es\",\"url\":\"https:\/\/secure.gravatar.com\/avatar\/ccd15cdf8f33b5c0ae18a03cf13f6bb2?s=96&d=mm&r=g\",\"caption\":\"Admin BC\"}}]}<\/script>\n<!-- \/ Yoast SEO plugin. -->","_links":{"self":[{"href":"https:\/\/opcions.ec\/portal\/wp-json\/wp\/v2\/posts\/6558"}],"collection":[{"href":"https:\/\/opcions.ec\/portal\/wp-json\/wp\/v2\/posts"}],"about":[{"href":"https:\/\/opcions.ec\/portal\/wp-json\/wp\/v2\/types\/post"}],"author":[{"embeddable":true,"href":"https:\/\/opcions.ec\/portal\/wp-json\/wp\/v2\/users\/3"}],"replies":[{"embeddable":true,"href":"https:\/\/opcions.ec\/portal\/wp-json\/wp\/v2\/comments?post=6558"}],"version-history":[{"count":4,"href":"https:\/\/opcions.ec\/portal\/wp-json\/wp\/v2\/posts\/6558\/revisions"}],"predecessor-version":[{"id":6565,"href":"https:\/\/opcions.ec\/portal\/wp-json\/wp\/v2\/posts\/6558\/revisions\/6565"}],"wp:featuredmedia":[{"embeddable":true,"href":"https:\/\/opcions.ec\/portal\/wp-json\/wp\/v2\/media\/6560"}],"wp:attachment":[{"href":"https:\/\/opcions.ec\/portal\/wp-json\/wp\/v2\/media?parent=6558"}],"wp:term":[{"taxonomy":"category","embeddable":true,"href":"https:\/\/opcions.ec\/portal\/wp-json\/wp\/v2\/categories?post=6558"},{"taxonomy":"post_tag","embeddable":true,"href":"https:\/\/opcions.ec\/portal\/wp-json\/wp\/v2\/tags?post=6558"}],"curies":[{"name":"wp","href":"https:\/\/api.w.org\/{rel}","templated":true}]}}