{"id":6421,"date":"2021-12-31T06:12:57","date_gmt":"2021-12-31T06:12:57","guid":{"rendered":"https:\/\/opcions.ec\/portal\/?p=6421"},"modified":"2021-12-31T06:12:57","modified_gmt":"2021-12-31T06:12:57","slug":"yo-no-olvido-al-ano-viejo-porque-me-ha-dejado-cosas","status":"publish","type":"post","link":"https:\/\/opcions.ec\/portal\/2021\/12\/31\/yo-no-olvido-al-ano-viejo-porque-me-ha-dejado-cosas\/","title":{"rendered":"Yo no olvido al a\u00f1o viejo porque me ha dejado cosas\u2026"},"content":{"rendered":"<p style=\"text-align: right;\"><strong><em>Wilson Ramos G\u00e1ngula<\/em><\/strong><\/p>\n<p style=\"text-align: justify;\">2021, otro a\u00f1o que se va y nos va dejando una que otra cosa buena sobre las cuales los ecuatorianos mayoritariamente estaremos de acuerdo que son as\u00ed, cosas buenas! Estas son, los triunfos de nuestros deportistas en las competencias internacionales, las medallas ol\u00edmpicas alcanzadas en los juegos de Tokio, por primera vez en la historia de nuestro deporte, dos medallas de oro y una de plata en una justa ol\u00edmpica, sin duda nos alegr\u00f3 y emocion\u00f3; ver la calidad, el talento de Neisi Dajomes, Tamara Salazar y Richard Carap\u00e1z en la justa ol\u00edmpica, nos llen\u00f3 de orgullo y sentimiento patrio al momento de ver izar la bandera tricolor y escuchar el himno de nuestro pa\u00eds en el podio ol\u00edmpico.<\/p>\n<p style=\"text-align: justify;\">Tambi\u00e9n est\u00e1n los triunfos y medalla de oro de Poleth M\u00e9ndes, las medallas de bronce de Ana\u00eds M\u00e9ndez y Kiara Rodr\u00edguez en los juegos Paral\u00edmpicos realizados en la misma ciudad de Tokio durante este a\u00f1o viejo que se va; los triunfos de la tricolor en su campa\u00f1a al mundial de f\u00fatbol en Qatar, as\u00ed como las otras destacadas participaciones que han tenido nuestros deportistas en las diferentes competiciones internacionales desarrolladas en este 2021, como ha sido la de los Juegos Panamericanos Junior realizada en la ciudad de Cali hace pocas semanas en donde nuestros j\u00f3venes deportistas alcanzaron 53 medallas. No cabe duda, que el a\u00f1o viejo nos ha dejado cosas muy buenas en el deporte.<\/p>\n<p><img loading=\"lazy\" class=\"aligncenter size-full wp-image-6423\" src=\"https:\/\/opcions.ec\/portal\/wp-content\/uploads\/2021\/12\/wr2.jpg\" alt=\"\" width=\"1841\" height=\"1228\" srcset=\"https:\/\/opcions.ec\/portal\/wp-content\/uploads\/2021\/12\/wr2.jpg 1841w, https:\/\/opcions.ec\/portal\/wp-content\/uploads\/2021\/12\/wr2-300x200.jpg 300w, https:\/\/opcions.ec\/portal\/wp-content\/uploads\/2021\/12\/wr2-1024x683.jpg 1024w, https:\/\/opcions.ec\/portal\/wp-content\/uploads\/2021\/12\/wr2-768x512.jpg 768w, https:\/\/opcions.ec\/portal\/wp-content\/uploads\/2021\/12\/wr2-1536x1025.jpg 1536w, https:\/\/opcions.ec\/portal\/wp-content\/uploads\/2021\/12\/wr2-1170x780.jpg 1170w\" sizes=\"(max-width: 1841px) 100vw, 1841px\" \/><\/p>\n<p style=\"text-align: justify;\">\u00a0Con la expectativa puesta en las elecciones presidenciales y parlamentarias se inicia el a\u00f1o 2021 en el Ecuador, son diecis\u00e9is los \u00a0binomios presidenciables inscritos para la contienda electoral que ha de desarrollarse en el marco de una coyuntura y discurso pol\u00edtico que llev\u00f3 a la ciudadan\u00eda a mayoritariamente tomar dos posiciones sobre las cuales centrar su decisi\u00f3n electoral, corre\u00edsmo y anticorre\u00edsmo, posicionado as\u00ed el discurso pol\u00edtico, este favoreci\u00f3 en el primer tramo de la disputa electoral, de un lado, precisamente a aquella agrupaci\u00f3n pol\u00edtica que estaba siendo reconocida y respaldada por unos; y cuestionada por otros, debido a \u00a0sus 10 a\u00f1os de gobierno que para estos otros eran 14, sumados los 4 del que dicen fue el \u201cgobierno de todos\u201d. Favorecidos por que llegaron a segunda vuelta y lograron obtener el mayor n\u00famero de asamble\u00edstas electos, constituy\u00e9ndose guste o no, en la primera fuerza pol\u00edtica del pa\u00eds.<\/p>\n<blockquote>\n<p style=\"text-align: justify;\">\u00a0\u00a0 \u00a0Del otro lado estaban los 15 binomios presidenciales inscritos, as\u00ed como tambi\u00e9n las \u00a0\u00a0agrupaciones pol\u00edticas que solo presentaron sus listas de candidatos a la Asamblea Nacional.<\/p>\n<\/blockquote>\n<p style=\"text-align: justify;\">El discurso cr\u00edtico al r\u00e9gimen corre\u00edsta, que centr\u00f3 su atenci\u00f3n en la corrupci\u00f3n, fue el car\u00e1cter de este grupo de candidatos a la Presidencia de la Rep\u00fablica, entre ellos hubo quienes se identificaban con aquellas tesis que consideran la rector\u00eda de la mano invisible del mercado en la econom\u00eda; la desregulaci\u00f3n y achicamiento del estado; el extractivismo \u201cresponsable\u201d que privilegia la renta econ\u00f3mica por sobre los derechos de la naturaleza consagrados en la Constituci\u00f3n de la Rep\u00fablica; el de las mujeres a no decidir sobre sus cuerpos y el de las minor\u00edas sexuales a tener una participaci\u00f3n restringida en la sociedad, la limitaci\u00f3n de la organizaci\u00f3n popular, la apertura comercial indiscriminada sin restricciones y la flexibilizaci\u00f3n laboral.<\/p>\n<p style=\"text-align: justify;\">Tambi\u00e9n en esta lista de presidenciables estuvieron, quienes se identificaban con posiciones pol\u00edticas conceptualizadas como progresistas, contrarios a las tesis econ\u00f3micas del mercado, abiertos hacer reformas en la sociedad para hacer a esta m\u00e1s incluyente y democr\u00e1tica.<\/p>\n<p><img loading=\"lazy\" class=\"aligncenter size-full wp-image-6424\" src=\"https:\/\/opcions.ec\/portal\/wp-content\/uploads\/2021\/12\/wr3.jpg\" alt=\"\" width=\"442\" height=\"292\" srcset=\"https:\/\/opcions.ec\/portal\/wp-content\/uploads\/2021\/12\/wr3.jpg 442w, https:\/\/opcions.ec\/portal\/wp-content\/uploads\/2021\/12\/wr3-300x198.jpg 300w\" sizes=\"(max-width: 442px) 100vw, 442px\" \/><\/p>\n<p style=\"text-align: justify;\">\u00a0Identificados de acuerdo a sus posturas pol\u00edticas como de derecha e izquierda, a este grupo de 15 candidatos, les correspond\u00eda entonces la tarea de disputar el \u00fanico cupo disponible para pasar a la segunda vuelta, sus debilidades pol\u00edticas, especialmente en lo referido a tener una organizaci\u00f3n y estructura pol\u00edtica fuerte, conllev\u00f3 a que la derecha se presente <em>parcialmente unida<\/em> a nivel de la papeleta presidencial alrededor de una sola candidatura, la de Guillermo Lasso, mientras que del lado de las fuerzas progresistas del centro a la izquierda, estas debilidades no pudieron ser superadas y volvieron a presentarse divididas, <em>favoreciendo con ello la postura electoral de sus adversarios pol\u00edticos<\/em>, el de estos \u00faltimos 14 a\u00f1os, el corre\u00edsmo; y el de toda la vida, la derecha, en todas sus gamas y presentaciones.<\/p>\n<blockquote>\n<p style=\"text-align: justify;\">Planteado as\u00ed el panorama electoral, una sola cosa era cierta y segura, la estructura productiva y econ\u00f3mica en el Ecuador, con su concentraci\u00f3n de la renta, as\u00ed como las inequidades y desigualdades que esta genera, se mantendr\u00eda vigente e invariable.<\/p>\n<\/blockquote>\n<p style=\"text-align: justify;\">Cualquier cambio que pudiera hacerse a la institucionalidad del estado, solo estar\u00eda en la l\u00ednea de favorecer y garantizar la permanencia hegem\u00f3nica en el tiempo de esta estructura, obstaculiz\u00e1ndose as\u00ed la posibilidad de un cambio real y efectivo en Ecuador hac\u00eda una sociedad que hace efectivo sus derechos, no elude sus obligaciones y responsabilidades frente al estado, en donde inequidad y desigualdad son cosas del pasado; una sociedad justa que vive en el marco de una democracia radical.<\/p>\n<p style=\"text-align: justify;\">\u00a0La elecci\u00f3n presidencial y de asamble\u00edstas, cuyos resultados no estuvieron ajenos a las \u00a0dudas y acciones de demandas, especialmente el presidencial de primera vuelta que mereci\u00f3 la atenci\u00f3n de todo el pa\u00eds, situaci\u00f3n que determin\u00f3 se llegue a establecer un acuerdo para abrir un n\u00famero de urnas y hacer un reconteo de votos,\u00a0 especialmente en la provincias de Guayas y Manab\u00ed, \u00a0entre los dos candidatos en disputa por el \u00fanico cupo disponible para participar en la elecci\u00f3n de segunda vuelta, Yaku P\u00e9rez y Guillermo Lasso, que finalmente no lleg\u00f3 a cumplirse en su totalidad debido en gran parte a la declinaci\u00f3n que hizo del mismo el actual Presidente de la Rep\u00fablica, quien adem\u00e1s ten\u00eda mayor peso en los organismos electorales, dan cuenta de lo se\u00f1alado en el p\u00e1rrafo anterior.<\/p>\n<p style=\"text-align: justify;\">Con el ofrecimiento demag\u00f3gico de tener la \u201creceta\u201d para en los primeros 100 minutos de gobierno resolver los problemas del pa\u00eds, crisis econ\u00f3mica, sanitaria y social, el poder pol\u00edtico en el Ecuador, quedaba en manos de, \u00a0la Presidencia de la Rep\u00fablica, del candidato banquero, que bajo su discurso creando oportunidades procura la consolidaci\u00f3n del\u00a0 modelo econ\u00f3mico neoliberal; \u00a0y de otra parte, la Asamblea Nacional, en las manos de 135 asamble\u00edstas \u00a0que mayoritariamente, en teor\u00eda seg\u00fan sus discursos, tendr\u00edan una posici\u00f3n ideol\u00f3gica contraria a las ideas neoliberales del presidente electo.<\/p>\n<p><img loading=\"lazy\" class=\"aligncenter size-full wp-image-6425\" src=\"https:\/\/opcions.ec\/portal\/wp-content\/uploads\/2021\/12\/wr4.jpg\" alt=\"\" width=\"589\" height=\"339\" srcset=\"https:\/\/opcions.ec\/portal\/wp-content\/uploads\/2021\/12\/wr4.jpg 589w, https:\/\/opcions.ec\/portal\/wp-content\/uploads\/2021\/12\/wr4-300x173.jpg 300w\" sizes=\"(max-width: 589px) 100vw, 589px\" \/><\/p>\n<p style=\"text-align: justify;\">El decrecimiento econ\u00f3mico en el Ecuador viene present\u00e1ndose desde el 2012, a\u00f1o en el cual el PIB desciende al 4,5%, luego de haberse ubicado en el 6,8% en el 2011; los siguientes a\u00f1os correspondientes a la segunda d\u00e9cada de los a\u00f1os 2000, el PIB, no volver\u00eda a ubicarse en los niveles alcanzados en el 2011, presentando incluso cifras negativas en los a\u00f1os 2015, 2016, 2019, 2020.<\/p>\n<p style=\"text-align: justify;\">\u00a0La pandemia en 2020, debido al confinamiento que debi\u00f3 vivir el mundo para mitigarla, profundiz\u00f3 la crisis por la que ya ven\u00eda atravesando el pa\u00eds y que se refleja en la contracci\u00f3n de este indicador macroecon\u00f3mico, PIB de -7,8%, la ca\u00edda de la demanda interna, la disminuci\u00f3n de las exportaciones, salvo las de productos como el camar\u00f3n y banano, la disminuci\u00f3n de los precios del petr\u00f3leo, explican esta contracci\u00f3n.<\/p>\n<p style=\"text-align: justify;\">El 2020, a\u00f1o en el que solo el 10% de las actividades econ\u00f3micas, de m\u00e1s de 200 de ellas, mejoraron las ventas, que adem\u00e1s present\u00f3 un profundo deterioro del mercado laboral al acentuarse el desempleo, la precariedad y la informalidad del empleo, al igual que acrecent\u00f3 las ya existentes brechas de g\u00e9nero, un incremento del d\u00e9ficit fiscal que lleg\u00f3 al 6% del PIB, debido a la reducci\u00f3n de los ingresos p\u00fablicos, pero sobre todo, debido a la continuidad de las pol\u00edticas p\u00fablicas de ajuste que trajo consigo la contracci\u00f3n del gasto p\u00fablico, situaci\u00f3n que repercuti\u00f3 negativamente en la inversi\u00f3n del estado, en el empleo como ya se anot\u00f3, en la eliminaci\u00f3n o reducci\u00f3n de programas sociales y en el desempe\u00f1o de los sectores cr\u00edticos como lo son salud y educaci\u00f3n, la falta \u00a0de liquidez en la econom\u00eda, lo cual es muy grave en dolarizaci\u00f3n, determin\u00f3 que la pol\u00edtica fiscal se encamine al endeudamiento con los multilaterales de cr\u00e9dito, llevando la deuda p\u00fablica a un nivel del 64% del PIB.<\/p>\n<blockquote>\n<p style=\"text-align: justify;\">En este escenario econ\u00f3mico, pol\u00edtico y social, la expectativa del pa\u00eds para el a\u00f1o 2021, tambi\u00e9n estaba centrada en la recuperaci\u00f3n econ\u00f3mica, el Banco Central del Ecuador estim\u00f3 un crecimiento del PIB para este a\u00f1o que termina del 3,1% del PIB.<\/p>\n<\/blockquote>\n<p style=\"text-align: center;\"><strong>Cuadro 1<\/strong><\/p>\n<p><img loading=\"lazy\" class=\"aligncenter size-full wp-image-6426\" src=\"https:\/\/opcions.ec\/portal\/wp-content\/uploads\/2021\/12\/wr5.png\" alt=\"\" width=\"589\" height=\"93\" srcset=\"https:\/\/opcions.ec\/portal\/wp-content\/uploads\/2021\/12\/wr5.png 589w, https:\/\/opcions.ec\/portal\/wp-content\/uploads\/2021\/12\/wr5-300x47.png 300w\" sizes=\"(max-width: 589px) 100vw, 589px\" \/><\/p>\n<p style=\"text-align: justify;\">El \u00e9nfasis puesto en su discurso por\u00a0 los diferentes actores pol\u00edticos, analistas econ\u00f3micos y acad\u00e9micos incluso, en <em>la corrupci\u00f3n y la pandemia<\/em>, inducen a la poblaci\u00f3n en general a pensar que estas son las causas de la actual crisis econ\u00f3mica que se traduce no solo en la disminuci\u00f3n o empeoramiento de la calidad de vida de los sectores medios, sino tambi\u00e9n en mayor pobreza para amplios sectores de la sociedad ecuatoriana, alentando as\u00ed la esperanza que, erradicando la corrupci\u00f3n y adoptando una estrategia efectiva de prevenci\u00f3n para detener el avance de la pandemia, la econom\u00eda se recuperar\u00e1, con ella el empleo y\u00a0 la oportunidad para muchas familias de salir de la pobreza y para otras tantas, el lograr sostener su nivel de vida alejando de su perspectiva la pobreza o el volver a ella.<\/p>\n<blockquote>\n<p style=\"text-align: justify;\">Si bien corrupci\u00f3n y pandemia tienen su incidencia en la crisis actual y por ello la necesidad de trabajar para erradicarlas, especialmente a esta lacra que es en toda sociedad, la corrupci\u00f3n, que no es de ahora o solamente de estos \u00faltimos 14 a\u00f1os, es un mal que ha aquejado y estado presente a lo largo de toda la vida que tiene la rep\u00fablica, al punto de haberse convertido casi en un c\u00e1ncer que afecta al erario nacional y a la poblaci\u00f3n, por ello es v\u00e1lido todo esfuerzo que se viene desde la sociedad para atacar y rechazar la corrupci\u00f3n.<\/p>\n<\/blockquote>\n<p style=\"text-align: justify;\">Sin embargo, este discurso de corrupci\u00f3n y pandemia, han sido asociados interesadamente como que son las causas centrales, fundamentales, que han generado la actual crisis econ\u00f3mica, esto con el fin de distraer la atenci\u00f3n y sacar del debate p\u00fablico, no solo el se\u00f1alamiento e identificaci\u00f3n, sino tambi\u00e9n el tratamiento que deben darse a las causas estructurales que el pa\u00eds tiene y que son motivo de sus crisis econ\u00f3micas.<\/p>\n<p style=\"text-align: justify;\">El Ecuador es un pa\u00eds que vive en constantes crisis econ\u00f3micas que profundizan la situaci\u00f3n de pobreza en la que ya viven amplios sectores de su poblaci\u00f3n; y si unos pocos salen de ella, lo hecho \u00fanicamente durante las \u00e9pocas de los boom petroleros, d\u00e9cada del 70 del siglo XX y per\u00edodo 2010 \u2013 2014 del presente siglo, terminado el boom, la nueva crisis se encarga de devolverlos a la pobreza, esto debido a la falta de sostenibilidad de los crecimientos econ\u00f3micos que ha tenido el Ecuador en determinados per\u00edodos, situaci\u00f3n que se genera por, la desigual distribuci\u00f3n del ingreso, tanto en tiempos de bonanza econ\u00f3mica, as\u00ed como en los tiempos de crisis en donde esta desigual distribuci\u00f3n se profundiza, por la carencia de fuentes din\u00e1micas que puedan absorber el desempleo, por la estructura productiva distorsionada que tiene el pa\u00eds y por la deformante dependencia estructural del Ecuador frente al mercado mundial.<\/p>\n<p style=\"text-align: center;\"><strong>Cuadro 2<\/strong><\/p>\n<p><img loading=\"lazy\" class=\"aligncenter size-full wp-image-6427\" src=\"https:\/\/opcions.ec\/portal\/wp-content\/uploads\/2021\/12\/wr6.png\" alt=\"\" width=\"589\" height=\"79\" srcset=\"https:\/\/opcions.ec\/portal\/wp-content\/uploads\/2021\/12\/wr6.png 589w, https:\/\/opcions.ec\/portal\/wp-content\/uploads\/2021\/12\/wr6-300x40.png 300w\" sizes=\"(max-width: 589px) 100vw, 589px\" \/><\/p>\n<p style=\"text-align: justify;\">Con la crisis econ\u00f3mica instalada en el pa\u00eds, el 2021 deb\u00eda ser el a\u00f1o de <em>la reactivaci\u00f3n econ\u00f3mica, <\/em>las previsiones de crecimiento econ\u00f3mico, estaban sujetas su cumplimiento a como se gestione la crisis sanitaria, la gesti\u00f3n de esta, durante los primeros cinco meses del a\u00f1o continu\u00f3 siendo ineficiente, nada efectiva, gobierno de Lenin Moreno. La expectativa del pa\u00eds y su poblaci\u00f3n estaba puesta en el proceso de vacunaci\u00f3n, el objetivo que se plante\u00f3 el nuevo gobierno, Guillermo Lasso, de inocular a nueve millones de personas en sus primeros 100 d\u00edas, dej\u00f3 de ser solo del gobierno para pasar a ser de la gran mayor\u00eda de los ecuatorianos, que se convirtieron en promotores de esta medida sanitaria, en sus hogares, barrios y lugares de trabajo.<\/p>\n<p><img loading=\"lazy\" class=\"aligncenter size-full wp-image-6428\" src=\"https:\/\/opcions.ec\/portal\/wp-content\/uploads\/2021\/12\/wr7.jpg\" alt=\"\" width=\"589\" height=\"388\" srcset=\"https:\/\/opcions.ec\/portal\/wp-content\/uploads\/2021\/12\/wr7.jpg 589w, https:\/\/opcions.ec\/portal\/wp-content\/uploads\/2021\/12\/wr7-300x198.jpg 300w\" sizes=\"(max-width: 589px) 100vw, 589px\" \/><\/p>\n<p style=\"text-align: justify;\">Si bien el retorno del FMI al Ecuador se dio durante el gobierno de Rafael Correa en el 2014, cuando este organismo env\u00eda su misi\u00f3n para monitorear la econom\u00eda ecuatoriana, es con la reestructuraci\u00f3n de la deuda en bonos soberanos por\u00a0 15 mil millones de d\u00f3lares, llevada a cabo por el gobierno de Lenin Moreno, que el FMI tiene incidencia directa en la econom\u00eda, al haber sido exigido el estado ecuatoriano, por parte de los tenedores de esos bonos, que el Ecuador suscriba un acuerdo con el FMI, el cual se firm\u00f3 en septiembre del 2020 por seis mil quinientos millones de d\u00f3lares, para este efecto el FMI plante\u00f3 al gobierno ecuatoriano, se realicen varias reformas estructurales, programa de reducci\u00f3n del gasto p\u00fablico, reformas laborales, privatizaciones y reforma al C\u00f3digo Org\u00e1nico Monetario y Financiero (Ley de defensa de la dolarizaci\u00f3n) y otras. Suscrito con el FMI el acuerdo, la econom\u00eda ecuatoriana a partir del 2021 deb\u00eda conducirse conforme a las condiciones en el establecidas.<\/p>\n<blockquote>\n<p style=\"text-align: justify;\">Con la crisis econ\u00f3mica y el acuerdo suscrito con el FMI, ratificado por el actual gobierno de Guillermo Lasso, <em>el modelo que se sustenta solo en el crecimiento econ\u00f3mico, <\/em>marca la continuidad de su implementaci\u00f3n en el 2021, cobrando fuerza nuevamente y utilizando como argumento que el \u201cdesarrollismo\u201d, el proteccionismo, la participaci\u00f3n del Estado en la vida econ\u00f3mica nacional, no han dado resultados positivos y como terap\u00e9utica a la crisis, el discurso que contiene un recetario de medidas derivadas <em>de la concepci\u00f3n creyente en las bondades del mercado, <\/em>que deben ser impuestas.<\/p>\n<\/blockquote>\n<p style=\"text-align: justify;\">As\u00ed en este 2021, el mercado ha vuelto a ser presentado por el <em>gobierno del encuentro, <\/em>como \u00a0\u00a0sin\u00f3nimo de libertad, fundamento de la raz\u00f3n de la econom\u00eda y \u00a0continuando con la l\u00ednea de la\u00a0 pol\u00edtica econ\u00f3mica iniciada por el <em>gobierno de todos,\u00a0 <\/em>a partir del segundo semestre de este a\u00f1o, \u00a0el <em>gobierno del encuentro, <\/em>procura ir consolidando esta pol\u00edtica de concebir al mercado como el santo milagroso, el espacio colectivo en donde se realizan las mejores decisiones de inversi\u00f3n,\u00a0 producci\u00f3n, precios y distribuci\u00f3n de los ingresos, bajo los siguientes criterios:<\/p>\n<ul style=\"text-align: justify;\">\n<li>Mayor integraci\u00f3n de la econom\u00eda ecuatoriana al mercado mundial, a trav\u00e9s de convertir a las exportaciones en la base esencial de su crecimiento y en eliminar todo tipo de obst\u00e1culos al capital extranjero y a las empresas transnacionales para que ingresen al pa\u00eds.<\/li>\n<li>Confianza en el mercado como el mejor mecanismo asignador de precios, ingresos, inversiones.<\/li>\n<li>Reducci\u00f3n dr\u00e1stica, significativa del \u00e1mbito de acci\u00f3n del Estado en la vida econ\u00f3mica del pa\u00eds, privatizando las empresas que fueron creadas y en las cuales el estado invirti\u00f3, para suplir las deficiencias que el sector privado no ha podido suplir.<\/li>\n<li>Consecuci\u00f3n y mantenimiento por sobre toda otra consideraci\u00f3n de los \u201cequilibrios macroecon\u00f3micos\u201d en materia de balanza de pagos, finanzas p\u00fablicas, reserva monetaria.<\/li>\n<\/ul>\n<p style=\"text-align: justify;\">\u00a0\u00a0\u00a0\u00a0\u00a0\u00a0\u00a0\u00a0\u00a0\u00a0\u00a0\u00a0\u00a0\u00a0 En la lectura de estos criterios, puede encontrar cierta l\u00f3gica e incluso manifestar un inicial acuerdo con ellos, quien ha perdido su empleo o el joven que cursa sus estudios en colegios y universidades; el ahora profesional que ha culminado su preparaci\u00f3n acad\u00e9mica y que no encuentra empleo;\u00a0 el emprendedor que est\u00e1 inici\u00e1ndose con su actividad productiva y\/o que ya en el desarrollo de la misma, no solo se enfrenta la dura competencia que le imponen las econom\u00edas de escala o la tecnificaci\u00f3n de las grandes empresas, sino que adem\u00e1s se ve obligado a apalancar su emprendimiento con un cr\u00e9dito caro; la mujer que incorporada a la vida econ\u00f3mica tiene que desenvolverse en un entorno de desigualdad e injusticia, con una divisi\u00f3n sexual del trabajo que se estructura en el capitalismo y se alimenta del patriarcado como orden social y econ\u00f3mico, que piensa que operando estos criterios en la econom\u00eda, ella puede liberarse de la pobreza y de la violencia, con solo cumplir el rol de <em>Homo economicus del capital; <\/em>el peque\u00f1o y mediano agricultor que sometido a las carencias de recursos para tecnificar y comercializar su producci\u00f3n termina abandon\u00e1ndola y migra a la ciudad en b\u00fasqueda de mejores oportunidades para \u00e9l y su familia;\u00a0 <em>\u00a0<\/em>\u00a0m\u00e1s a\u00fan cuando escucha estos criterios al calor de la campa\u00f1a electoral o en la entrevista que hace un medio de comunicaci\u00f3n catalogado como \u201cserio\u201d al calificado experto econ\u00f3mico.<\/p>\n<blockquote>\n<p style=\"text-align: justify;\">\u00a0\u00a0\u00a0\u00a0\u00a0\u00a0\u00a0\u00a0\u00a0\u00a0\u00a0\u00a0\u00a0\u00a0 Pero ya en la vida real, cuando esos criterios se transforman en pol\u00edticas p\u00fablicas a trav\u00e9s de los presupuestos, leyes y decretos que visualizan el accionar del gobierno, los ecuatorianos estamos volviendo a vivir, ese pasado oprobioso por el que ya transitamos en los a\u00f1os 80 y 90 del siglo XX que solo nos dej\u00f3 atraso y mayor pobreza.<\/p>\n<\/blockquote>\n<p><img loading=\"lazy\" class=\"aligncenter size-full wp-image-6429\" src=\"https:\/\/opcions.ec\/portal\/wp-content\/uploads\/2021\/12\/wr8.jpg\" alt=\"\" width=\"512\" height=\"341\" srcset=\"https:\/\/opcions.ec\/portal\/wp-content\/uploads\/2021\/12\/wr8.jpg 512w, https:\/\/opcions.ec\/portal\/wp-content\/uploads\/2021\/12\/wr8-300x200.jpg 300w\" sizes=\"(max-width: 512px) 100vw, 512px\" \/><\/p>\n<p style=\"text-align: justify;\">En este contexto el pa\u00eds conoci\u00f3 oficialmente las reformas laborales que precarizan el empleo presentadas por el gobierno del presidente Lasso, \u00a0<em>proyecto de ley Creando Oportunidades devuelto por la Asamblea Nacional al ejecutivo;<\/em> estamos viendo a padres de familia organizando rifas, pe\u00f1as y comidas solidarias para obtener fondos que permitan adecentar los centros educativos y en el campo de la salud, hospitales sin medicinas e insumos para atender a los enfermos, al personal de salud luchando por su estabilidad laboral, todo esto debido <em>a la disminuci\u00f3n de las asignaciones en el presupuesto estatal para educaci\u00f3n y salud<\/em>; \u00a0las c\u00e1rceles abandonadas por el estado, tomadas y controladas por la delincuencia organizada al interior de estas, que masacran a los internos, <em>debido a las medidas de achicamiento del estado; <\/em>\u00a0deuda que el estado mantiene con la seguridad social, IESS espec\u00edficamente, en aumento, que pone en peligro sus prestaciones, especialmente el pago de pensiones y atenci\u00f3n m\u00e9dica <em>debido tambi\u00e9n, a la asignaci\u00f3n insuficiente de recursos en el presupuesto del estado para honrarla;<\/em>\u00a0 congelamiento con incremento del precio de los combustibles, <em>pol\u00edtica energ\u00e9tica que no consider\u00f3 los precios de transferencia que existen en la econom\u00eda lo cual ha ido en perjuicio de la poblaci\u00f3n m\u00e1s vulnerable y con ingreso fijo;<\/em> reformas tributarias que incrementan el monto de los impuestos a las clases medias, que con otro nombre, mantienen el impuesto del 2% a las ventas de PYMES, \u00a0impunidad para quienes trasladaron su capitales a para\u00edsos fiscales para eludir impuestos, <em>Ley de Desarrollo Econ\u00f3mico vigente por el ministerio de la ley en 2021.<\/em><\/p>\n<blockquote>\n<p style=\"text-align: justify;\">A lo se\u00f1alado debe sumarse la intenci\u00f3n de privatizar hidroel\u00e9ctricas, telef\u00f3nica, refiner\u00edas, Banco del Pac\u00edfico, es decir aquellas empresas en las que el Estado invirti\u00f3 y ahora forman parte su patrimonio, que gestionadas como est\u00e1n, son fuente de ingresos, mismos que pueden incrementarse con la implementaci\u00f3n de modelos de gesti\u00f3n que contribuyan a su eficiencia y eficacia.<\/p>\n<\/blockquote>\n<p style=\"text-align: justify;\">Las cifras fiscales evidencian una recuperaci\u00f3n de la actividad econ\u00f3mica en el 2021, en su reporte de octubre del presente a\u00f1o, el FMI prev\u00e9 un crecimiento del PIB de 2,8% al final del 2021, mientras que el Banco Central en su previsi\u00f3n realizada en noviembre \u00faltimo, estima que el PIB tendr\u00e1 un crecimiento del 3,55% (68. 661 millones de USD en valores constantes al a\u00f1o base 2017), son datos importantes, mayor raz\u00f3n para no dejar fuera del debate, la distribuci\u00f3n que debe hacerse del ingreso que surge de la recuperaci\u00f3n y crecimiento econ\u00f3mico, para el 2022 se proyecta un crecimiento del PIB, del 3,5%, seg\u00fan se anota en el referido reporte del FMI y del 2,54% seg\u00fan la estimaci\u00f3n hecha por el Banco Central del Ecuador difundida a fines de noviembre de este a\u00f1o, pues la causa de la pobreza en el Ecuador son: la alta concentraci\u00f3n de la riqueza en pocas manos; las posibilidades de empleo de la poblaci\u00f3n cuando gracias a \u00e9l se obtiene un ingreso y se generan excedentes que son los que determinan la distribuci\u00f3n que este tiene; la inestable y baja productividad de la econom\u00eda nacional, debido al desigual desarrollo de las fuerzas productivas resultado de la hipercapitalizaci\u00f3n de sus sectores considerados modernos y de la hipocapitalizaci\u00f3n de sus sectores tradicionales.<\/p>\n<p style=\"text-align: center;\"><strong>Cuadro 3<\/strong><\/p>\n<p><img loading=\"lazy\" class=\"aligncenter size-full wp-image-6430\" src=\"https:\/\/opcions.ec\/portal\/wp-content\/uploads\/2021\/12\/wr9.png\" alt=\"\" width=\"342\" height=\"381\" srcset=\"https:\/\/opcions.ec\/portal\/wp-content\/uploads\/2021\/12\/wr9.png 342w, https:\/\/opcions.ec\/portal\/wp-content\/uploads\/2021\/12\/wr9-269x300.png 269w\" sizes=\"(max-width: 342px) 100vw, 342px\" \/><\/p>\n<p style=\"text-align: justify;\">\u00a0El solo crecimiento econ\u00f3mico no es todo, se hace necesario que el mayor ingreso se reparta de mejor manera como condici\u00f3n para avanzar a la conformaci\u00f3n de una sociedad m\u00e1s justa, m\u00e1s igualitaria y no con las marcadas, abismales, diferencias que en la actualidad se tiene.<\/p>\n<p style=\"text-align: justify;\">La distribuci\u00f3n del ingreso es el problema fundamental de la sociedad capitalista, consecuentemente, este debe constituirse en el centro de atenci\u00f3n, en la columna dorsal a considerarse en la organizaci\u00f3n de la producci\u00f3n y el trabajo de las personas.<\/p>\n<p style=\"text-align: justify;\">En este sentido, vale reconocer que ha sido el accionar, la lucha de la organizaci\u00f3n popular, entre ellas CONAIE, FUT, Frente Popular, las que:<\/p>\n<ul style=\"text-align: justify;\">\n<li>Han obligado al gobierno a expedir el decreto que suspende la revisi\u00f3n mensual del precio de los combustibles, pese a que en este se fij\u00f3 un aumento, sobre el cual tiene que dar una respuesta al reclamo planteado por las organizaciones sociales, en el sentido de que el congelamiento de los precios de los combustibles debe hacerlo sin ning\u00fan incremento a los mismos.<\/li>\n<li>Han obligado tambi\u00e9n al gobierno a cumplir con su oferta de campa\u00f1a, incrementar el salario m\u00ednimo.<\/li>\n<\/ul>\n<p style=\"text-align: center;\"><strong>Cuadro 4<\/strong><\/p>\n<p><img loading=\"lazy\" class=\"aligncenter size-full wp-image-6431\" src=\"https:\/\/opcions.ec\/portal\/wp-content\/uploads\/2021\/12\/wr10.png\" alt=\"\" width=\"582\" height=\"121\" srcset=\"https:\/\/opcions.ec\/portal\/wp-content\/uploads\/2021\/12\/wr10.png 582w, https:\/\/opcions.ec\/portal\/wp-content\/uploads\/2021\/12\/wr10-300x62.png 300w\" sizes=\"(max-width: 582px) 100vw, 582px\" \/><\/p>\n<p style=\"text-align: justify;\">El desarrollo de la econom\u00eda puede seguir diversas v\u00edas, no necesariamente deben obedecer a la pr\u00e9dica liberal en el sentido que, si no se dan paso a las pol\u00edticas adscritas al mercado, viene la debacle del pa\u00eds; por el contrario, bien sabemos los ecuatorianos por las experiencias vividas a\u00f1os atr\u00e1s, que el mercado nunca ha sido el mejor mecanismo de asignaci\u00f3n social de recursos, ni evidencia de un reparto social equitativo, las cifras que nos deja el 2021 as\u00ed lo est\u00e1n demostrando.<\/p>\n","protected":false},"excerpt":{"rendered":"<p>Wilson Ramos G\u00e1ngula 2021, otro a\u00f1o que se va y nos va dejando una que otra cosa buena sobre las cuales los ecuatorianos mayoritariamente estaremos de acuerdo que son as\u00ed, cosas buenas! Estas son, los triunfos de nuestros deportistas en las competencias internacionales, las medallas ol\u00edmpicas alcanzadas en los juegos<\/p>\n","protected":false},"author":41,"featured_media":6422,"comment_status":"open","ping_status":"open","sticky":false,"template":"","format":"standard","meta":[],"categories":[1],"tags":[],"yoast_head":"<!-- This site is optimized with the Yoast SEO plugin v14.3 - https:\/\/yoast.com\/wordpress\/plugins\/seo\/ -->\n<title>Yo no olvido al a\u00f1o viejo porque me ha dejado cosas\u2026 - Opci&oacute;n S<\/title>\n<meta name=\"robots\" content=\"index, follow\" \/>\n<meta name=\"googlebot\" content=\"index, follow, max-snippet:-1, max-image-preview:large, max-video-preview:-1\" \/>\n<meta name=\"bingbot\" content=\"index, follow, max-snippet:-1, max-image-preview:large, max-video-preview:-1\" \/>\n<link rel=\"canonical\" href=\"https:\/\/opcions.ec\/portal\/2021\/12\/31\/yo-no-olvido-al-ano-viejo-porque-me-ha-dejado-cosas\/\" \/>\n<meta property=\"og:locale\" content=\"es_ES\" \/>\n<meta property=\"og:type\" content=\"article\" \/>\n<meta property=\"og:title\" content=\"Yo no olvido al a\u00f1o viejo porque me ha dejado cosas\u2026 - Opci&oacute;n S\" \/>\n<meta property=\"og:description\" content=\"Wilson Ramos G\u00e1ngula 2021, otro a\u00f1o que se va y nos va dejando una que otra cosa buena sobre las cuales los ecuatorianos mayoritariamente estaremos de acuerdo que son as\u00ed, cosas buenas! Estas son, los triunfos de nuestros deportistas en las competencias internacionales, las medallas ol\u00edmpicas alcanzadas en los juegos\" \/>\n<meta property=\"og:url\" content=\"https:\/\/opcions.ec\/portal\/2021\/12\/31\/yo-no-olvido-al-ano-viejo-porque-me-ha-dejado-cosas\/\" \/>\n<meta property=\"og:site_name\" content=\"Opci&oacute;n S\" \/>\n<meta property=\"article:published_time\" content=\"2021-12-31T06:12:57+00:00\" \/>\n<meta property=\"og:image\" content=\"https:\/\/opcions.ec\/portal\/wp-content\/uploads\/2021\/12\/wr1.jpg\" \/>\n\t<meta property=\"og:image:width\" content=\"302\" \/>\n\t<meta property=\"og:image:height\" content=\"461\" \/>\n<meta name=\"twitter:card\" content=\"summary_large_image\" \/>\n<script type=\"application\/ld+json\" class=\"yoast-schema-graph\">{\"@context\":\"https:\/\/schema.org\",\"@graph\":[{\"@type\":\"WebSite\",\"@id\":\"https:\/\/opcions.ec\/portal\/#website\",\"url\":\"https:\/\/opcions.ec\/portal\/\",\"name\":\"Opci&oacute;n S\",\"description\":\"\",\"potentialAction\":[{\"@type\":\"SearchAction\",\"target\":\"https:\/\/opcions.ec\/portal\/?s={search_term_string}\",\"query-input\":\"required name=search_term_string\"}],\"inLanguage\":\"es\"},{\"@type\":\"ImageObject\",\"@id\":\"https:\/\/opcions.ec\/portal\/2021\/12\/31\/yo-no-olvido-al-ano-viejo-porque-me-ha-dejado-cosas\/#primaryimage\",\"inLanguage\":\"es\",\"url\":\"https:\/\/opcions.ec\/portal\/wp-content\/uploads\/2021\/12\/wr1.jpg\",\"width\":302,\"height\":461},{\"@type\":\"WebPage\",\"@id\":\"https:\/\/opcions.ec\/portal\/2021\/12\/31\/yo-no-olvido-al-ano-viejo-porque-me-ha-dejado-cosas\/#webpage\",\"url\":\"https:\/\/opcions.ec\/portal\/2021\/12\/31\/yo-no-olvido-al-ano-viejo-porque-me-ha-dejado-cosas\/\",\"name\":\"Yo no olvido al a\\u00f1o viejo porque me ha dejado cosas\\u2026 - Opci&oacute;n S\",\"isPartOf\":{\"@id\":\"https:\/\/opcions.ec\/portal\/#website\"},\"primaryImageOfPage\":{\"@id\":\"https:\/\/opcions.ec\/portal\/2021\/12\/31\/yo-no-olvido-al-ano-viejo-porque-me-ha-dejado-cosas\/#primaryimage\"},\"datePublished\":\"2021-12-31T06:12:57+00:00\",\"dateModified\":\"2021-12-31T06:12:57+00:00\",\"author\":{\"@id\":\"https:\/\/opcions.ec\/portal\/#\/schema\/person\/16abb60c6c8c40e99c32ebe742cceb66\"},\"breadcrumb\":{\"@id\":\"https:\/\/opcions.ec\/portal\/2021\/12\/31\/yo-no-olvido-al-ano-viejo-porque-me-ha-dejado-cosas\/#breadcrumb\"},\"inLanguage\":\"es\",\"potentialAction\":[{\"@type\":\"ReadAction\",\"target\":[\"https:\/\/opcions.ec\/portal\/2021\/12\/31\/yo-no-olvido-al-ano-viejo-porque-me-ha-dejado-cosas\/\"]}]},{\"@type\":\"BreadcrumbList\",\"@id\":\"https:\/\/opcions.ec\/portal\/2021\/12\/31\/yo-no-olvido-al-ano-viejo-porque-me-ha-dejado-cosas\/#breadcrumb\",\"itemListElement\":[{\"@type\":\"ListItem\",\"position\":1,\"item\":{\"@type\":\"WebPage\",\"@id\":\"https:\/\/opcions.ec\/portal\/\",\"url\":\"https:\/\/opcions.ec\/portal\/\",\"name\":\"Portada\"}},{\"@type\":\"ListItem\",\"position\":2,\"item\":{\"@type\":\"WebPage\",\"@id\":\"https:\/\/opcions.ec\/portal\/2021\/12\/31\/yo-no-olvido-al-ano-viejo-porque-me-ha-dejado-cosas\/\",\"url\":\"https:\/\/opcions.ec\/portal\/2021\/12\/31\/yo-no-olvido-al-ano-viejo-porque-me-ha-dejado-cosas\/\",\"name\":\"Yo no olvido al a\\u00f1o viejo porque me ha dejado cosas\\u2026\"}}]},{\"@type\":[\"Person\"],\"@id\":\"https:\/\/opcions.ec\/portal\/#\/schema\/person\/16abb60c6c8c40e99c32ebe742cceb66\",\"name\":\"Wilson Ramos\",\"image\":{\"@type\":\"ImageObject\",\"@id\":\"https:\/\/opcions.ec\/portal\/#personlogo\",\"inLanguage\":\"es\",\"url\":\"https:\/\/secure.gravatar.com\/avatar\/324b76096741a4d6a169a9054419d498?s=96&d=mm&r=g\",\"caption\":\"Wilson Ramos\"},\"description\":\"Es Licenciado en Administraci\\u00f3n de Empresas por la Universidad Central del Ecuador. Estudios de Posgrado en la Universidad Andina Sim\\u00f3n Bol\\u00edvar (UASB). Cuenta con dos especializaciones superiores en Costos y Productividad, as\\u00ed como en Finanzas. Posee una Maestr\\u00eda en Direcci\\u00f3n de Empresas. Ha desempe\\u00f1ado varios cargos en el sector p\\u00fablico y privado: Coordinador Provincial de Afiliaci\\u00f3n y Control T\\u00e9cnico del IESS, Gerente de Planificaci\\u00f3n del IECE, Director de Planificaci\\u00f3n de SENESCYT, Director de Planificaci\\u00f3n del TSE.\"}]}<\/script>\n<!-- \/ Yoast SEO plugin. -->","_links":{"self":[{"href":"https:\/\/opcions.ec\/portal\/wp-json\/wp\/v2\/posts\/6421"}],"collection":[{"href":"https:\/\/opcions.ec\/portal\/wp-json\/wp\/v2\/posts"}],"about":[{"href":"https:\/\/opcions.ec\/portal\/wp-json\/wp\/v2\/types\/post"}],"author":[{"embeddable":true,"href":"https:\/\/opcions.ec\/portal\/wp-json\/wp\/v2\/users\/41"}],"replies":[{"embeddable":true,"href":"https:\/\/opcions.ec\/portal\/wp-json\/wp\/v2\/comments?post=6421"}],"version-history":[{"count":1,"href":"https:\/\/opcions.ec\/portal\/wp-json\/wp\/v2\/posts\/6421\/revisions"}],"predecessor-version":[{"id":6432,"href":"https:\/\/opcions.ec\/portal\/wp-json\/wp\/v2\/posts\/6421\/revisions\/6432"}],"wp:featuredmedia":[{"embeddable":true,"href":"https:\/\/opcions.ec\/portal\/wp-json\/wp\/v2\/media\/6422"}],"wp:attachment":[{"href":"https:\/\/opcions.ec\/portal\/wp-json\/wp\/v2\/media?parent=6421"}],"wp:term":[{"taxonomy":"category","embeddable":true,"href":"https:\/\/opcions.ec\/portal\/wp-json\/wp\/v2\/categories?post=6421"},{"taxonomy":"post_tag","embeddable":true,"href":"https:\/\/opcions.ec\/portal\/wp-json\/wp\/v2\/tags?post=6421"}],"curies":[{"name":"wp","href":"https:\/\/api.w.org\/{rel}","templated":true}]}}