{"id":6414,"date":"2021-12-30T03:48:12","date_gmt":"2021-12-30T03:48:12","guid":{"rendered":"https:\/\/opcions.ec\/portal\/?p=6414"},"modified":"2021-12-30T13:45:57","modified_gmt":"2021-12-30T13:45:57","slug":"el-cambio-de-epoca-en-chile","status":"publish","type":"post","link":"https:\/\/opcions.ec\/portal\/2021\/12\/30\/el-cambio-de-epoca-en-chile\/","title":{"rendered":"El cambio de \u00e9poca en Chile"},"content":{"rendered":"<p style=\"text-align: right;\"><strong>Andr\u00e9s Kogan Valderrama\u00a0<\/strong><\/p>\n<p style=\"text-align: justify;\">El hist\u00f3rico triunfo de Gabriel Boric en la segunda vuelta presidencial en Chile, el pasado domingo 19 de diciembre, n<span style=\"font-size: inherit;\">o solo es in\u00e9dito porque despu\u00e9s de 30 a\u00f1os se rompe el duopolio pol\u00edtico que gobern\u00f3 el pa\u00eds por tres d\u00e9cadas, sino tambi\u00e9n porque consolida un proceso constituyente en curso, el cual iba a estar fuertemente amenazado, en el caso de ganara el candidato de extrema derecha Jos\u00e9 Antonio Kast.<\/span><\/p>\n<p style=\"text-align: justify;\">Si bien los resultados en primera vuelta parec\u00edan poco entendibles, dadas las anteriores votaciones en Chile, en donde las fuerzas transformadoras se impusieron ampliamente por sobre los sectores m\u00e1s conservadores del pa\u00eds (plebiscito constitucional y elecci\u00f3n de constituyentes), la posibilidad de una restauraci\u00f3n conservadora, luego de la segunda vuelta, queda completamente descartada.<\/p>\n<blockquote>\n<p style=\"text-align: justify;\">De ah\u00ed que la alta participaci\u00f3n total (55,65%) y votaci\u00f3n a Gabriel Boric\u00a0(55,87%), no solo lo convierten en el presidente m\u00e1s joven y con m\u00e1s votos en la historia de Chile (4.620.890), sino que quedar\u00e1 para la historia del pa\u00eds, ya que firmar\u00e1, de aprobarse, la primera constituci\u00f3n leg\u00edtima y redactada democr\u00e1ticamente en el pa\u00eds.<\/p>\n<\/blockquote>\n<p style=\"text-align: justify;\">Ante esto, que Gabriel Boric entienda que su rol pol\u00edtico es mucho m\u00e1s importante que el de otros presidentes elegidos anteriormente en Chile, al estar inserto en un momento de cambio de \u00e9poca para el pa\u00eds, planteando en su primer discurso como presidente electo lo siguiente:\u00a0<em>\u201c<\/em><em>Defenderemos el proceso constituyente, que es motivo de orgullo mundial. Es la primera vez que escribimos una Constituci\u00f3n de forma democr\u00e1tica. Cuidemos este proceso para que sea una Carta Magna fruto del acuerdo y no de la imposici\u00f3n<\/em>\u00ab<em>\u00a0<\/em>(1).<\/p>\n<p style=\"text-align: justify;\">Siendo coherente con ese discurso, es muy destacable de parte del presidente Gabriel Boric, que la primera persona que haya llamado, luego de enterarse de los resultados de la segunda vuelta, haya sido la presidenta de la Convenci\u00f3n Constituyente, Elisa Lonc\u00f3n, lo que es una muy buena se\u00f1al de lo que vendr\u00e1 en el futuro para el desarrollo del proceso en curso.<\/p>\n<p style=\"text-align: justify;\"><img loading=\"lazy\" class=\"aligncenter size-full wp-image-6416\" src=\"https:\/\/opcions.ec\/portal\/wp-content\/uploads\/2021\/12\/akgan2.jpg\" alt=\"\" width=\"567\" height=\"381\" srcset=\"https:\/\/opcions.ec\/portal\/wp-content\/uploads\/2021\/12\/akgan2.jpg 567w, https:\/\/opcions.ec\/portal\/wp-content\/uploads\/2021\/12\/akgan2-300x202.jpg 300w\" sizes=\"(max-width: 567px) 100vw, 567px\" \/><\/p>\n<p style=\"text-align: justify;\">Asimismo, la visita de Gabriel Boric a la Convenci\u00f3n Constituyente, dos d\u00edas despu\u00e9s de haber salido electo como presidente, hace una clara diferencia con Sebasti\u00e1n Pi\u00f1era, quien no fue capaz de asistir a un espacio tan importante para el futuro del pa\u00eds, e incluso entorpeci\u00e9ndolo y tratando de influir sobre \u00e9l, con declaraciones sobre algunos contenidos que debieran tener la nueva carta fundamental (2).<\/p>\n<p style=\"text-align: justify;\">Por el contrario, Gabriel Boric ha sido muy cauto en sus declaraciones sobre la Convenci\u00f3n Constituyente, al declarar que no ser\u00e1\u00a0pauteada\u00a0por el presidente, porque sabe que su rol es de acompa\u00f1ar el proceso, respetando as\u00ed siempre su autonom\u00eda y la capacidad de este \u00f3rgano de poder funcionar de manera independiente del poder constituido.<\/p>\n<p style=\"text-align: justify;\">En consecuencia, la responsabilidad que tendr\u00e1 el nuevo presidente Boric es enorme, pero estar\u00e1 sostenida no solo por un partido pol\u00edtico, coalici\u00f3n o sector determinado, sino por millones de chilenas y chilenos que exigieron ser parte de la construcci\u00f3n de un nuevo Estado, como tambi\u00e9n por cientos de organizaciones sociales que pusieron en el centro la defensa de los Derechos Humanos y de la Naturaleza.<\/p>\n<blockquote>\n<p style=\"text-align: justify;\">Por lo mismo, el cuidado y apoyo ciudadano en los pr\u00f3ximos meses hacia la Convenci\u00f3n Constituyente es clave, ante la campa\u00f1a de desprestigio de grandes medios de informaci\u00f3n y de una derecha en ruinas, que solo le queda denigrar a base de mentiras,\u00a0al \u00f3rgano m\u00e1s inclusivo, participativo, vinculante y universal que hemos tenido como pa\u00eds.<\/p>\n<\/blockquote>\n<p style=\"text-align: justify;\">Podr\u00e1n decir muchas cosas de la Convenci\u00f3n Constituyente, pero es por lejos el espacio institucional que m\u00e1s se parece a Chile, en toda su diversidad. Como pa\u00eds nos mal acostumbraron con instituciones ileg\u00edtimas y autoritarias, hechas por y para las elites, dejando fuera a la gran mayor\u00eda, teniendo que subordinarnos as\u00ed a normas y c\u00f3digos jur\u00eddicos hechos a la medida de unos pocos.<\/p>\n<p style=\"text-align: justify;\">Adem\u00e1s, es muy destacable de parte de la Convenci\u00f3n Constituyente, en lo que respecta a democracia participativa, las instancias previas a la redacci\u00f3n de la nueva carta magna, como lo son la Iniciativa popular de norma, encuentros autoconvocados, audiencias p\u00fablicas obligatorias, cuenta popular constituyente, jornadas nacionales de deliberaci\u00f3n, foros deliberativos, cabildos comunales, semana territorial, plebiscito dirimente y la consulta ind\u00edgena.<\/p>\n<p style=\"text-align: justify;\">En definitiva, somos testigos y parte de un proceso pol\u00edtico completamente distinto e in\u00e9dito a lo que hemos vividos como chilenos por siglos, y que seguramente romper\u00e1 con un Estado secuestrado por las elites econ\u00f3micas nacionales e internacionales por siglos, desde la Constituci\u00f3n Portaliana de 1833 en adelante, la cual sent\u00f3 las bases para imponer un orden en el pa\u00eds completamente excluyente y negador de la pluralidad existente.<\/p>\n<p style=\"text-align: justify;\"><strong>Biograf\u00eda<\/strong>:<\/p>\n<p style=\"text-align: justify;\">1:\u00a0<a href=\"https:\/\/www.youtube.com\/watch?v=YJUpdDGpCfQ&amp;ab_channel=T13\">https:\/\/www.youtube.com\/watch?v=YJUpdDGpCfQ&amp;ab_channel=T13<\/a><\/p>\n<p style=\"text-align: justify;\">2:\u00a0<a href=\"https:\/\/www.24horas.cl\/convencionconstituyente\/presidente-pinera-por-libertad-de-ensenanza-la-convencion-constitucional-debiera-fortalecer-y-no-debilitar-estas-libertades-y-valores-4991330\">https:\/\/www.24horas.cl\/convencionconstituyente\/presidente-pinera-por-libertad-de-ensenanza-la-convencion-constitucional-debiera-fortalecer-y-no-debilitar-estas-libertades-y-valores-4991330<\/a><\/p>\n<p style=\"text-align: justify;\">\n<p style=\"text-align: justify;\">\n","protected":false},"excerpt":{"rendered":"<p>Andr\u00e9s Kogan Valderrama\u00a0 El hist\u00f3rico triunfo de Gabriel Boric en la segunda vuelta presidencial en Chile, el pasado domingo 19 de diciembre, no solo es in\u00e9dito porque despu\u00e9s de 30 a\u00f1os se rompe el duopolio pol\u00edtico que gobern\u00f3 el pa\u00eds por tres d\u00e9cadas, sino tambi\u00e9n porque consolida un proceso constituyente<\/p>\n","protected":false},"author":3,"featured_media":6415,"comment_status":"open","ping_status":"open","sticky":false,"template":"","format":"standard","meta":[],"categories":[1],"tags":[],"yoast_head":"<!-- This site is optimized with the Yoast SEO plugin v14.3 - https:\/\/yoast.com\/wordpress\/plugins\/seo\/ -->\n<title>El cambio de \u00e9poca en Chile - Opci&oacute;n S<\/title>\n<meta name=\"robots\" content=\"index, follow\" \/>\n<meta name=\"googlebot\" content=\"index, follow, max-snippet:-1, max-image-preview:large, max-video-preview:-1\" \/>\n<meta name=\"bingbot\" content=\"index, follow, max-snippet:-1, max-image-preview:large, max-video-preview:-1\" \/>\n<link rel=\"canonical\" href=\"https:\/\/opcions.ec\/portal\/2021\/12\/30\/el-cambio-de-epoca-en-chile\/\" \/>\n<meta property=\"og:locale\" content=\"es_ES\" \/>\n<meta property=\"og:type\" content=\"article\" \/>\n<meta property=\"og:title\" content=\"El cambio de \u00e9poca en Chile - Opci&oacute;n S\" \/>\n<meta property=\"og:description\" content=\"Andr\u00e9s Kogan Valderrama\u00a0 El hist\u00f3rico triunfo de Gabriel Boric en la segunda vuelta presidencial en Chile, el pasado domingo 19 de diciembre, no solo es in\u00e9dito porque despu\u00e9s de 30 a\u00f1os se rompe el duopolio pol\u00edtico que gobern\u00f3 el pa\u00eds por tres d\u00e9cadas, sino tambi\u00e9n porque consolida un proceso constituyente\" \/>\n<meta property=\"og:url\" content=\"https:\/\/opcions.ec\/portal\/2021\/12\/30\/el-cambio-de-epoca-en-chile\/\" \/>\n<meta property=\"og:site_name\" content=\"Opci&oacute;n S\" \/>\n<meta property=\"article:published_time\" content=\"2021-12-30T03:48:12+00:00\" \/>\n<meta property=\"article:modified_time\" content=\"2021-12-30T13:45:57+00:00\" \/>\n<meta property=\"og:image\" content=\"https:\/\/opcions.ec\/portal\/wp-content\/uploads\/2021\/12\/akgan1.jpg\" \/>\n\t<meta property=\"og:image:width\" content=\"1772\" \/>\n\t<meta property=\"og:image:height\" content=\"996\" \/>\n<meta name=\"twitter:card\" content=\"summary_large_image\" \/>\n<script type=\"application\/ld+json\" class=\"yoast-schema-graph\">{\"@context\":\"https:\/\/schema.org\",\"@graph\":[{\"@type\":\"WebSite\",\"@id\":\"https:\/\/opcions.ec\/portal\/#website\",\"url\":\"https:\/\/opcions.ec\/portal\/\",\"name\":\"Opci&oacute;n S\",\"description\":\"\",\"potentialAction\":[{\"@type\":\"SearchAction\",\"target\":\"https:\/\/opcions.ec\/portal\/?s={search_term_string}\",\"query-input\":\"required name=search_term_string\"}],\"inLanguage\":\"es\"},{\"@type\":\"ImageObject\",\"@id\":\"https:\/\/opcions.ec\/portal\/2021\/12\/30\/el-cambio-de-epoca-en-chile\/#primaryimage\",\"inLanguage\":\"es\",\"url\":\"https:\/\/opcions.ec\/portal\/wp-content\/uploads\/2021\/12\/akgan1.jpg\",\"width\":1772,\"height\":996},{\"@type\":\"WebPage\",\"@id\":\"https:\/\/opcions.ec\/portal\/2021\/12\/30\/el-cambio-de-epoca-en-chile\/#webpage\",\"url\":\"https:\/\/opcions.ec\/portal\/2021\/12\/30\/el-cambio-de-epoca-en-chile\/\",\"name\":\"El cambio de \\u00e9poca en Chile - Opci&oacute;n S\",\"isPartOf\":{\"@id\":\"https:\/\/opcions.ec\/portal\/#website\"},\"primaryImageOfPage\":{\"@id\":\"https:\/\/opcions.ec\/portal\/2021\/12\/30\/el-cambio-de-epoca-en-chile\/#primaryimage\"},\"datePublished\":\"2021-12-30T03:48:12+00:00\",\"dateModified\":\"2021-12-30T13:45:57+00:00\",\"author\":{\"@id\":\"https:\/\/opcions.ec\/portal\/#\/schema\/person\/90f7bb3085e908fb37267da162fbd117\"},\"breadcrumb\":{\"@id\":\"https:\/\/opcions.ec\/portal\/2021\/12\/30\/el-cambio-de-epoca-en-chile\/#breadcrumb\"},\"inLanguage\":\"es\",\"potentialAction\":[{\"@type\":\"ReadAction\",\"target\":[\"https:\/\/opcions.ec\/portal\/2021\/12\/30\/el-cambio-de-epoca-en-chile\/\"]}]},{\"@type\":\"BreadcrumbList\",\"@id\":\"https:\/\/opcions.ec\/portal\/2021\/12\/30\/el-cambio-de-epoca-en-chile\/#breadcrumb\",\"itemListElement\":[{\"@type\":\"ListItem\",\"position\":1,\"item\":{\"@type\":\"WebPage\",\"@id\":\"https:\/\/opcions.ec\/portal\/\",\"url\":\"https:\/\/opcions.ec\/portal\/\",\"name\":\"Portada\"}},{\"@type\":\"ListItem\",\"position\":2,\"item\":{\"@type\":\"WebPage\",\"@id\":\"https:\/\/opcions.ec\/portal\/2021\/12\/30\/el-cambio-de-epoca-en-chile\/\",\"url\":\"https:\/\/opcions.ec\/portal\/2021\/12\/30\/el-cambio-de-epoca-en-chile\/\",\"name\":\"El cambio de \\u00e9poca en Chile\"}}]},{\"@type\":[\"Person\"],\"@id\":\"https:\/\/opcions.ec\/portal\/#\/schema\/person\/90f7bb3085e908fb37267da162fbd117\",\"name\":\"Admin BC\",\"image\":{\"@type\":\"ImageObject\",\"@id\":\"https:\/\/opcions.ec\/portal\/#personlogo\",\"inLanguage\":\"es\",\"url\":\"https:\/\/secure.gravatar.com\/avatar\/ccd15cdf8f33b5c0ae18a03cf13f6bb2?s=96&d=mm&r=g\",\"caption\":\"Admin BC\"}}]}<\/script>\n<!-- \/ Yoast SEO plugin. -->","_links":{"self":[{"href":"https:\/\/opcions.ec\/portal\/wp-json\/wp\/v2\/posts\/6414"}],"collection":[{"href":"https:\/\/opcions.ec\/portal\/wp-json\/wp\/v2\/posts"}],"about":[{"href":"https:\/\/opcions.ec\/portal\/wp-json\/wp\/v2\/types\/post"}],"author":[{"embeddable":true,"href":"https:\/\/opcions.ec\/portal\/wp-json\/wp\/v2\/users\/3"}],"replies":[{"embeddable":true,"href":"https:\/\/opcions.ec\/portal\/wp-json\/wp\/v2\/comments?post=6414"}],"version-history":[{"count":3,"href":"https:\/\/opcions.ec\/portal\/wp-json\/wp\/v2\/posts\/6414\/revisions"}],"predecessor-version":[{"id":6419,"href":"https:\/\/opcions.ec\/portal\/wp-json\/wp\/v2\/posts\/6414\/revisions\/6419"}],"wp:featuredmedia":[{"embeddable":true,"href":"https:\/\/opcions.ec\/portal\/wp-json\/wp\/v2\/media\/6415"}],"wp:attachment":[{"href":"https:\/\/opcions.ec\/portal\/wp-json\/wp\/v2\/media?parent=6414"}],"wp:term":[{"taxonomy":"category","embeddable":true,"href":"https:\/\/opcions.ec\/portal\/wp-json\/wp\/v2\/categories?post=6414"},{"taxonomy":"post_tag","embeddable":true,"href":"https:\/\/opcions.ec\/portal\/wp-json\/wp\/v2\/tags?post=6414"}],"curies":[{"name":"wp","href":"https:\/\/api.w.org\/{rel}","templated":true}]}}