{"id":6401,"date":"2021-12-29T14:04:23","date_gmt":"2021-12-29T14:04:23","guid":{"rendered":"https:\/\/opcions.ec\/portal\/?p=6401"},"modified":"2021-12-29T14:04:23","modified_gmt":"2021-12-29T14:04:23","slug":"boric-ante-el-titanico-desafio-de-desmontar-el-estado-neoliberal-en-chile","status":"publish","type":"post","link":"https:\/\/opcions.ec\/portal\/2021\/12\/29\/boric-ante-el-titanico-desafio-de-desmontar-el-estado-neoliberal-en-chile\/","title":{"rendered":"Boric ante el tit\u00e1nico desaf\u00edo de desmontar el Estado neoliberal en Chile"},"content":{"rendered":"<p style=\"text-align: right;\"><strong>Manuel Salgado Tamayo<\/strong><\/p>\n<p style=\"text-align: justify;\"><em>\u00a0<\/em><em>\u201cTengo fe en Chile y en su destino. Superar\u00e1n otros hombres este momento gris y amargo en que la traici\u00f3n pretende imponerse. Sigan sabiendo que, mucho m\u00e1s temprano que tarde, se nuevo se abrir\u00e1n las grandes alamedas por donde pase el hombre libre, para construir una sociedad mejor\u201d. Salvador Allende, 11 de septiembre de 1973.<\/em><\/p>\n<p style=\"text-align: justify;\">El domingo 19 de diciembre, en horas de la noche, en la misma Alameda de Santiago de Chile donde Salvador Allende hab\u00eda proclamado su victoria electoral en junio de 1970, pudimos presenciar, por la televisi\u00f3n satelital, una apote\u00f3sica concentraci\u00f3n popular, desafiando\u00a0 las restricciones sanitarias impuestas por la pandemia , en un ritual que parec\u00eda levitar entre el misticismo y la enfuria pol\u00edtica destinada a compartir la categ\u00f3rica victoria de la Coalici\u00f3n Apruebo Dignidad y de su joven candidato presidencial Gabriel Boric que acababa de sepultar el intento de retornar a los peores pesadillas del pinochetismo de la mano de Jos\u00e9 Antonio Kast.<\/p>\n<blockquote>\n<p style=\"text-align: justify;\">Los resultados de la primera vuelta electoral en la que Kast obtuvo el 27.9% y Boric el 25.8%, llevaron a las empresas encuestadoras a especular con la posibilidad de una victoria del candidato que en su discurso emul\u00f3 con la bazofia de Pinochet, Trump y Bolsanaro.<\/p>\n<\/blockquote>\n<p style=\"text-align: justify;\">Pero esos pron\u00f3sticos quedaron pulverizados cuando el sistema electoral anunci\u00f3, a las 20h00, la contundente victoria del presidente m\u00e1s joven y votado en las lides democr\u00e1ticas de Chile.<\/p>\n<p style=\"text-align: justify;\">La historia del \u00faltimo medio siglo nos recuerda que el pueblo de Chile fue derrotado por una dictadura militar que, como lo ha mencionado Boric, declar\u00f3 la guerra a su propio pueblo, irrog\u00e1ndole miles de v\u00edctimas mortales y otros cientos de miles que protagonizaron una de las di\u00e1sporas m\u00e1s dolorosas y numerosos del siglo XX. Pero el pueblo de Chile nunca dej\u00f3 de resistir. Hitos indelebles en ese proceso de lucha social fueron las grandes movilizaciones que obligaron a la dictadura a convocar a un plebiscito el 5 de octubre de 1988, en el que la mayor\u00eda del pueblo se pronunci\u00f3 por un NO a la continuidad del sistema autoritario y elitista que se hab\u00eda constitucionalizado en 1980, as\u00ed como al impulso de las reformas necesarias para el retorno al sistema democr\u00e1tico que se produjo en 1990.<\/p>\n<p style=\"text-align: justify;\"><strong>Los gobiernos de la Concertaci\u00f3n<\/strong><\/p>\n<p><img loading=\"lazy\" class=\"aligncenter size-full wp-image-6402\" src=\"https:\/\/opcions.ec\/portal\/wp-content\/uploads\/2021\/12\/Manuel-Salgado-2.jpg\" alt=\"\" width=\"451\" height=\"282\" srcset=\"https:\/\/opcions.ec\/portal\/wp-content\/uploads\/2021\/12\/Manuel-Salgado-2.jpg 451w, https:\/\/opcions.ec\/portal\/wp-content\/uploads\/2021\/12\/Manuel-Salgado-2-300x188.jpg 300w, https:\/\/opcions.ec\/portal\/wp-content\/uploads\/2021\/12\/Manuel-Salgado-2-350x220.jpg 350w\" sizes=\"(max-width: 451px) 100vw, 451px\" \/><\/p>\n<p style=\"text-align: justify;\"><strong>\u00a0<\/strong>Desde el 11 de marzo de 1990 hasta el 11 de marzo del 2010 se produce una alianza entre los partidos de izquierda, centroizquierda y centro, llamada la Concertaci\u00f3n de Partidos por la Democracia que gobiernan Chile. A partir del 2010 acontece la primera administraci\u00f3n de la Coalici\u00f3n por el Cambio, encabezada por el actual presidente Sebasti\u00e1n Pi\u00f1era, que culminar\u00e1 en marzo del 2022 su segundo mandato. Del 2014 al 2018 se integra una nueva coalici\u00f3n que gana la presidencia con Michele Bachelet.<\/p>\n<p style=\"text-align: justify;\"><strong>Boric toma distancia con la Concertaci\u00f3n<\/strong><\/p>\n<p style=\"text-align: justify;\">Como ha se\u00f1alado Boric durante los 14 a\u00f1os de gobiernos de la Concertaci\u00f3n se comete el grave error de mantener una democracia cautiva en las redes tejidas por los asesores de la Universidad de Chicago que hicieron de Chile un laboratorio de experimentaci\u00f3n del proyecto civilizatorio neoliberal que comprend\u00eda desde el inicio dos etapas: primera, la de demolici\u00f3n del modelo fordista, que se experiment\u00f3 con m\u00e9todos brutales en los 17 a\u00f1os de la dictadura de Pinochet y, la segunda etapa, prevista desde el inicio, de estabilizaci\u00f3n , que ser\u00eda encargada, en el caso chileno, a la Concertaci\u00f3n de Partidos por la Democracia, cuyos operadores pol\u00edticos ser\u00edan la Democracia Cristiana y una \u201cizquierda renovada\u201d.<\/p>\n<blockquote>\n<p style=\"text-align: justify;\">La estrategia del neoliberalismo de los a\u00f1os 70 era una respuesta a la crisis del modelo fordista que busca ajustarse a las nuevas exigencias del proceso de acumulaci\u00f3n global.<\/p>\n<\/blockquote>\n<p style=\"text-align: justify;\">En ese sentido, se busca, promover en un mismo proceso la transnacionalizaci\u00f3n y desnacionalizaci\u00f3n de los Estados del capitalismo perif\u00e9rico. Para ello se introducen reformas o mejor contrarreformas econ\u00f3micas que faciliten el flujo del capital productivo y especulativo, reduzcan los salarios de los trabajadores, permitan la libre explotaci\u00f3n de los recursos naturales, faciliten la liberalizaci\u00f3n del capital financiero y reduzcan los controles del Estado.<\/p>\n<p style=\"text-align: justify;\">Los resultados de la aplicaci\u00f3n de estas pol\u00edticas posibilitaron un crecimiento econ\u00f3mico que polariz\u00f3 m\u00e1s a\u00fan los extremos de pobreza y riqueza que caracterizan al sistema capitalista, la explotaci\u00f3n minera y de otros recursos primarios se hizo sin ning\u00fan plan de sustentabilidad, Chile se volvi\u00f3 en un pa\u00eds muy caro para la mayor\u00eda de una poblaci\u00f3n.<\/p>\n<p><img loading=\"lazy\" class=\"aligncenter size-full wp-image-6403\" src=\"https:\/\/opcions.ec\/portal\/wp-content\/uploads\/2021\/12\/Manuel-Salgado-3.jpg\" alt=\"\" width=\"602\" height=\"376\" srcset=\"https:\/\/opcions.ec\/portal\/wp-content\/uploads\/2021\/12\/Manuel-Salgado-3.jpg 602w, https:\/\/opcions.ec\/portal\/wp-content\/uploads\/2021\/12\/Manuel-Salgado-3-300x187.jpg 300w, https:\/\/opcions.ec\/portal\/wp-content\/uploads\/2021\/12\/Manuel-Salgado-3-350x220.jpg 350w\" sizes=\"(max-width: 602px) 100vw, 602px\" \/><\/p>\n<p style=\"text-align: justify;\">Los salarios no cubren el precio de la canasta familiar. Las pensiones de jubilaci\u00f3n no garantizan una vejez digna. La educaci\u00f3n y la salud son negocios privados. Las mujeres son v\u00edctimas de una sociedad patriarcal y machista. Los derechos de las minor\u00edas son negados. Los pueblos originarios son v\u00edctimas de la exclusi\u00f3n. Miles de j\u00f3venes no acceden al sistema educativo y caen en las redes del narcotr\u00e1fico.<\/p>\n<p style=\"text-align: justify;\"><strong>Los estudiantes la antena m\u00e1s sensible<\/strong><\/p>\n<p style=\"text-align: justify;\">En el 2011, durante la primera administraci\u00f3n de Sebasti\u00e1n Pi\u00f1era, los estudiantes demuestran ser la antena m\u00e1s sensible de la sociedad chilena. Se pronuncian abiertamente contra la vigencia de Constituci\u00f3n de Pinochet que niega derechos fundamentales al conjunto de la sociedad. Durante varias semanas la vigorosa lucha de los estudiantes universitarios y secundarios, a los que acompa\u00f1an los maestros y los trabajadores se pronuncian contra el ordenamiento vigente y por la necesidad de introducir profundos cambios en la sociedad. Gabriel Boric y Camila Vallejo aparecen como los dirigentes universitarios m\u00e1s destacados de este proceso.<\/p>\n<p><img loading=\"lazy\" class=\"aligncenter size-full wp-image-6404\" src=\"https:\/\/opcions.ec\/portal\/wp-content\/uploads\/2021\/12\/Manuel-Salgado-4.jpg\" alt=\"\" width=\"602\" height=\"370\" srcset=\"https:\/\/opcions.ec\/portal\/wp-content\/uploads\/2021\/12\/Manuel-Salgado-4.jpg 602w, https:\/\/opcions.ec\/portal\/wp-content\/uploads\/2021\/12\/Manuel-Salgado-4-300x184.jpg 300w\" sizes=\"(max-width: 602px) 100vw, 602px\" \/><\/p>\n<p style=\"text-align: justify;\">En el 2012 Boric gana la presidencia de la Federaci\u00f3n de Estudiantes de Chile, FECH, proceso en el que Camila Vallejo se ubica como vicepresidenta. En el 2013 Boric, Vallejo y otros j\u00f3venes universitarios son elegidos diputados al Congreso Bicameral. Boric se vuelca completamente a la lucha pol\u00edtica y no culmina su carrera de Derecho, pese a que ten\u00eda aprobados casi todos los cr\u00e9ditos.<\/p>\n<p style=\"text-align: justify;\"><strong>El revent\u00f3n chileno<\/strong><\/p>\n<p style=\"text-align: justify;\">A fines del 2019 se produce el \u201crevent\u00f3n chileno\u201d, un estallido social solo comparable al \u201cbogotazo\u201d y al \u201ccaracazo\u201d que todos recordamos. Para tener una idea de lo ocurrido basta decir que entre octubre y diciembre del 2019 estallan en Chile 3.300 acciones de protesta.<\/p>\n<blockquote>\n<p style=\"text-align: justify;\">Durante estas movilizaciones que se producen a largo de todo el extenso territorio de Chile se consolida el liderazgo de Boric que es reelecto como Diputado.<\/p>\n<\/blockquote>\n<p style=\"text-align: justify;\">Su capacidad de an\u00e1lisis le permite desempe\u00f1ar un papel visible en los acuerdos del 15 de noviembre que plantean dar una salida pol\u00edtica a la crisis a trav\u00e9s de la convocatoria a una Asamblea Constituyente. Su posici\u00f3n es criticada por los sectores m\u00e1s radicales que suponen que Chile estaba a las puertas de una revoluci\u00f3n social. Para la realizaci\u00f3n del plebiscito Boric realiza una intensa campa\u00f1a entre el 26 de agosto y el 22 de octubre del 2020. El 78.28 % de la poblaci\u00f3n apoya la Constituyente. Entre el 15 y 16 de agosto del 2021 se realizan las elecciones de los diputados constituyentes, en las que gana Boric, los resultados implican una derrota para las fuerzas pol\u00edticas tradicionales que hab\u00edan gobernado bajo la Constituci\u00f3n heredada de Pinochet. De cara a las elecciones presidenciales se produce una pol\u00edtica de alianzas entre el Frente Amplio, fundado en el 2017, en el que milita Boric y la nueva generaci\u00f3n de j\u00f3venes militantes del Partido Comunista. La Coalici\u00f3n se autodenomina Apruebo Dignidad. En las primarias al interior de la coalici\u00f3n para elegir al candidato presidencial Boric se impone al candidato comunista Daniel Jadue.<\/p>\n<p style=\"text-align: justify;\"><strong>El programa de gobierno<\/strong><\/p>\n<p><img loading=\"lazy\" class=\"aligncenter size-full wp-image-6405\" src=\"https:\/\/opcions.ec\/portal\/wp-content\/uploads\/2021\/12\/Manuel-Salgado-5.jpg\" alt=\"\" width=\"602\" height=\"338\" srcset=\"https:\/\/opcions.ec\/portal\/wp-content\/uploads\/2021\/12\/Manuel-Salgado-5.jpg 602w, https:\/\/opcions.ec\/portal\/wp-content\/uploads\/2021\/12\/Manuel-Salgado-5-300x168.jpg 300w\" sizes=\"(max-width: 602px) 100vw, 602px\" \/><\/p>\n<p style=\"text-align: justify;\">Como lo han advertido algunos analistas el programa difundido a lo largo de la campa\u00f1a est\u00e1 lejos de ser radical. En el discurso de la victoria Boric se sabe heredero de una larga trayectoria hist\u00f3rica protagonizada por los que buscaron y buscan la justicia social, la democracia, la defensa de los derechos humanos y la protecci\u00f3n de las libertades. En una alocuci\u00f3n, le\u00edda en forma serena y mesurada propuso un \u201cChile verde y de amor, que cuide la naturaleza y los animales, que recupere las plazas de los barrios para poder jugar, un Chile donde pap\u00e1s y mam\u00e1s tengan m\u00e1s tiempo para estar con sus hijos y los abuelos y las abuelas no est\u00e9n solos.\u201d<\/p>\n<p style=\"text-align: justify;\">Puso \u00e9nfasis adem\u00e1s en el papel central que tendr\u00e1n en su gobierno las mujeres, cuyo derecho esencial ser\u00e1 el decidir sobre su propio cuerpo. Disidencias y diversidades que han sido largamente discriminadas ser\u00e1n respetadas y protegidas. Se construir\u00e1n nuevas relaciones con los pueblos originarios.<\/p>\n<p><img loading=\"lazy\" class=\"aligncenter size-full wp-image-6406\" src=\"https:\/\/opcions.ec\/portal\/wp-content\/uploads\/2021\/12\/Manuel-Salgado-6.jpg\" alt=\"\" width=\"1379\" height=\"936\" srcset=\"https:\/\/opcions.ec\/portal\/wp-content\/uploads\/2021\/12\/Manuel-Salgado-6.jpg 1379w, https:\/\/opcions.ec\/portal\/wp-content\/uploads\/2021\/12\/Manuel-Salgado-6-300x204.jpg 300w, https:\/\/opcions.ec\/portal\/wp-content\/uploads\/2021\/12\/Manuel-Salgado-6-1024x695.jpg 1024w, https:\/\/opcions.ec\/portal\/wp-content\/uploads\/2021\/12\/Manuel-Salgado-6-768x521.jpg 768w, https:\/\/opcions.ec\/portal\/wp-content\/uploads\/2021\/12\/Manuel-Salgado-6-1170x794.jpg 1170w\" sizes=\"(max-width: 1379px) 100vw, 1379px\" \/><\/p>\n<p style=\"text-align: justify;\">Dijo tambi\u00e9n que la experiencia hist\u00f3rica nos ense\u00f1a: primero, que un crecimiento econ\u00f3mico que se asienta en la desigualdad tiene pies de barro; segundo, que los avances, para ser s\u00f3lidos, deben ser fruto de acuerdos amplios, graduales y edificados pelda\u00f1o a pelda\u00f1o; tercero, que nunca, por ning\u00fan motivo, un presidente debe declarar la guerra a su propio pueblo. Que para reparar los da\u00f1os se mantendr\u00e1 la pol\u00edtica de verdad, justicia, reparaci\u00f3n y no repetici\u00f3n; cuarto, al referirse a los derechos humanos fundamentales que han sido negados para amplios sectores de la sociedad se\u00f1al\u00f3 que se construir\u00e1 un sistema de salud que no discrimine entre ricos y pobres; que los jubilados tendr\u00e1n pensiones dignas; que se promover\u00e1 el trabajo decente y mejores salarios; que se dar\u00e1 impulso a la educaci\u00f3n p\u00fablica, los programas de vivienda popular, el derecho al agua de los campesinos.<\/p>\n<p style=\"text-align: justify;\">El presidente Gabriel Boric hizo un llamado a \u201cdefender el proceso constituyente tomando en cuenta que es la primera vez en nuestra historia que estamos construyendo una Constituci\u00f3n de forma democr\u00e1tica, paritaria y con participaci\u00f3n de los pueblos originarios\u201d.\u00a0 Y como para tranquilizar a los poderosos agreg\u00f3 que se expandir\u00e1n los derechos sociales con responsabilidad fiscal, cuidando nuestra macroeconom\u00eda.<\/p>\n<p style=\"text-align: justify;\"><strong>Chile fue la cuna del neoliberalismo, pero tambi\u00e9n ser\u00e1 su tumba<\/strong><\/p>\n<p style=\"text-align: justify;\">Hemos mencionado algunos datos sobre la lucha pol\u00edtica del joven presidente de 35 a\u00f1os para que se comprenda que se trata de un luchador social forjado en las filas del movimiento estudiantil universitario que tuvo la entereza de plantear la necesidad de desmontar la Constituci\u00f3n impuesta por la extrema derecha pinochetista. \u201cSi Chile fue la cuna del neoliberalismo, pero tambi\u00e9n ser\u00e1 su tumba\u201d, dijo luego de ganar las primarias, pero adem\u00e1s tuvo la integridad para marcar diferencias con la Concertaci\u00f3n que cometi\u00f3 el error de gobernar por 14 a\u00f1os con esa camisa de fuerza en una democracia secuestrada y sometida.<\/p>\n<blockquote>\n<p style=\"text-align: justify;\">Su discurso de posesi\u00f3n moderado demuestra que estamos ante un gobernante que propone cambios graduales, logrados pelda\u00f1o a pelda\u00f1o. No de un caudillo mesi\u00e1nico que proclama su credo, sino ante un joven inteligente y sensato \u201cabierto a escuchar y a incorporar distintas visiones\u201d.<\/p>\n<\/blockquote>\n<p><img loading=\"lazy\" class=\"aligncenter size-full wp-image-6407\" src=\"https:\/\/opcions.ec\/portal\/wp-content\/uploads\/2021\/12\/Manuel-Salgado-7.jpg\" alt=\"\" width=\"602\" height=\"338\" srcset=\"https:\/\/opcions.ec\/portal\/wp-content\/uploads\/2021\/12\/Manuel-Salgado-7.jpg 602w, https:\/\/opcions.ec\/portal\/wp-content\/uploads\/2021\/12\/Manuel-Salgado-7-300x168.jpg 300w\" sizes=\"(max-width: 602px) 100vw, 602px\" \/><\/p>\n<p style=\"text-align: justify;\"><strong>Boric marca diferencias con Maduro y Ortega<\/strong><\/p>\n<p style=\"text-align: justify;\">Aunque voceros del llamado progresismo latinoamericano han saludado su victoria, Gabriel Boric ha puesto distancia con algunos de esos procesos. Al comentar el Informe Bachelet, Alta Comisionada sobre derechos humanos de la ONU, sobre Venezuela, el entonces diputado Boric dice en un Twiter: \u201cEn Venezuela hay violaciones graves a los derechos humanos por parte del gobierno de Nicol\u00e1s Maduro. Esto no puede ser relativizado por la izquierda sino condenado de manera categ\u00f3rica y sin empates. La defensa de los derechos humanos debe ser universal, indivisible y alejada de cualquier tipo de doble est\u00e1ndar\u201d (8 de julio del 2019); m\u00e1s a\u00fan, en uno de los debates internos de la Coalici\u00f3n Apruebo Dignidad habr\u00eda se\u00f1alado que: \u201cEl Partido Comunista se va a arrepentir de su apoyo a Venezuela como Neruda se arrepinti\u00f3 de su Oda a Stalin\u201d.<\/p>\n<blockquote>\n<p style=\"text-align: justify;\">Sobre Nicaragua dice en un Twiter: \u201cNicaragua necesita democracia, no elecciones fraudulentas ni persecuci\u00f3n a opositores\u201d. (12 de noviembre del 2021).<\/p>\n<\/blockquote>\n<p style=\"text-align: justify;\">Como podemos ver en Chile no solo tenemos la presencia de un presidente joven, que proclama sin tapujos su ecologismo y feminismo, sino de un pol\u00edtico que juega en serio a una nueva democracia, que pone en tensi\u00f3n una renovada visi\u00f3n \u00e9tica sobre el poder y los gobernantes.<\/p>\n","protected":false},"excerpt":{"rendered":"<p>Manuel Salgado Tamayo \u00a0\u201cTengo fe en Chile y en su destino. Superar\u00e1n otros hombres este momento gris y amargo en que la traici\u00f3n pretende imponerse. Sigan sabiendo que, mucho m\u00e1s temprano que tarde, se nuevo se abrir\u00e1n las grandes alamedas por donde pase el hombre libre, para construir una sociedad<\/p>\n","protected":false},"author":7,"featured_media":6408,"comment_status":"open","ping_status":"open","sticky":false,"template":"","format":"standard","meta":[],"categories":[1],"tags":[],"yoast_head":"<!-- This site is optimized with the Yoast SEO plugin v14.3 - https:\/\/yoast.com\/wordpress\/plugins\/seo\/ -->\n<title>Boric ante el tit\u00e1nico desaf\u00edo de desmontar el Estado neoliberal en Chile - Opci&oacute;n S<\/title>\n<meta name=\"robots\" content=\"index, follow\" \/>\n<meta name=\"googlebot\" content=\"index, follow, max-snippet:-1, max-image-preview:large, max-video-preview:-1\" \/>\n<meta name=\"bingbot\" content=\"index, follow, max-snippet:-1, max-image-preview:large, max-video-preview:-1\" \/>\n<link rel=\"canonical\" href=\"https:\/\/opcions.ec\/portal\/2021\/12\/29\/boric-ante-el-titanico-desafio-de-desmontar-el-estado-neoliberal-en-chile\/\" \/>\n<meta property=\"og:locale\" content=\"es_ES\" \/>\n<meta property=\"og:type\" content=\"article\" \/>\n<meta property=\"og:title\" content=\"Boric ante el tit\u00e1nico desaf\u00edo de desmontar el Estado neoliberal en Chile - Opci&oacute;n S\" \/>\n<meta property=\"og:description\" content=\"Manuel Salgado Tamayo \u00a0\u201cTengo fe en Chile y en su destino. Superar\u00e1n otros hombres este momento gris y amargo en que la traici\u00f3n pretende imponerse. Sigan sabiendo que, mucho m\u00e1s temprano que tarde, se nuevo se abrir\u00e1n las grandes alamedas por donde pase el hombre libre, para construir una sociedad\" \/>\n<meta property=\"og:url\" content=\"https:\/\/opcions.ec\/portal\/2021\/12\/29\/boric-ante-el-titanico-desafio-de-desmontar-el-estado-neoliberal-en-chile\/\" \/>\n<meta property=\"og:site_name\" content=\"Opci&oacute;n S\" \/>\n<meta property=\"article:published_time\" content=\"2021-12-29T14:04:23+00:00\" \/>\n<meta property=\"og:image\" content=\"https:\/\/opcions.ec\/portal\/wp-content\/uploads\/2021\/12\/Manuel-Salgado.jpg\" \/>\n\t<meta property=\"og:image:width\" content=\"602\" \/>\n\t<meta property=\"og:image:height\" content=\"338\" \/>\n<meta name=\"twitter:card\" content=\"summary_large_image\" \/>\n<script type=\"application\/ld+json\" class=\"yoast-schema-graph\">{\"@context\":\"https:\/\/schema.org\",\"@graph\":[{\"@type\":\"WebSite\",\"@id\":\"https:\/\/opcions.ec\/portal\/#website\",\"url\":\"https:\/\/opcions.ec\/portal\/\",\"name\":\"Opci&oacute;n S\",\"description\":\"\",\"potentialAction\":[{\"@type\":\"SearchAction\",\"target\":\"https:\/\/opcions.ec\/portal\/?s={search_term_string}\",\"query-input\":\"required name=search_term_string\"}],\"inLanguage\":\"es\"},{\"@type\":\"ImageObject\",\"@id\":\"https:\/\/opcions.ec\/portal\/2021\/12\/29\/boric-ante-el-titanico-desafio-de-desmontar-el-estado-neoliberal-en-chile\/#primaryimage\",\"inLanguage\":\"es\",\"url\":\"https:\/\/opcions.ec\/portal\/wp-content\/uploads\/2021\/12\/Manuel-Salgado.jpg\",\"width\":602,\"height\":338},{\"@type\":\"WebPage\",\"@id\":\"https:\/\/opcions.ec\/portal\/2021\/12\/29\/boric-ante-el-titanico-desafio-de-desmontar-el-estado-neoliberal-en-chile\/#webpage\",\"url\":\"https:\/\/opcions.ec\/portal\/2021\/12\/29\/boric-ante-el-titanico-desafio-de-desmontar-el-estado-neoliberal-en-chile\/\",\"name\":\"Boric ante el tit\\u00e1nico desaf\\u00edo de desmontar el Estado neoliberal en Chile - Opci&oacute;n S\",\"isPartOf\":{\"@id\":\"https:\/\/opcions.ec\/portal\/#website\"},\"primaryImageOfPage\":{\"@id\":\"https:\/\/opcions.ec\/portal\/2021\/12\/29\/boric-ante-el-titanico-desafio-de-desmontar-el-estado-neoliberal-en-chile\/#primaryimage\"},\"datePublished\":\"2021-12-29T14:04:23+00:00\",\"dateModified\":\"2021-12-29T14:04:23+00:00\",\"author\":{\"@id\":\"https:\/\/opcions.ec\/portal\/#\/schema\/person\/3db2286ef94012190dfcb1e0d9fa38eb\"},\"breadcrumb\":{\"@id\":\"https:\/\/opcions.ec\/portal\/2021\/12\/29\/boric-ante-el-titanico-desafio-de-desmontar-el-estado-neoliberal-en-chile\/#breadcrumb\"},\"inLanguage\":\"es\",\"potentialAction\":[{\"@type\":\"ReadAction\",\"target\":[\"https:\/\/opcions.ec\/portal\/2021\/12\/29\/boric-ante-el-titanico-desafio-de-desmontar-el-estado-neoliberal-en-chile\/\"]}]},{\"@type\":\"BreadcrumbList\",\"@id\":\"https:\/\/opcions.ec\/portal\/2021\/12\/29\/boric-ante-el-titanico-desafio-de-desmontar-el-estado-neoliberal-en-chile\/#breadcrumb\",\"itemListElement\":[{\"@type\":\"ListItem\",\"position\":1,\"item\":{\"@type\":\"WebPage\",\"@id\":\"https:\/\/opcions.ec\/portal\/\",\"url\":\"https:\/\/opcions.ec\/portal\/\",\"name\":\"Portada\"}},{\"@type\":\"ListItem\",\"position\":2,\"item\":{\"@type\":\"WebPage\",\"@id\":\"https:\/\/opcions.ec\/portal\/2021\/12\/29\/boric-ante-el-titanico-desafio-de-desmontar-el-estado-neoliberal-en-chile\/\",\"url\":\"https:\/\/opcions.ec\/portal\/2021\/12\/29\/boric-ante-el-titanico-desafio-de-desmontar-el-estado-neoliberal-en-chile\/\",\"name\":\"Boric ante el tit\\u00e1nico desaf\\u00edo de desmontar el Estado neoliberal en Chile\"}}]},{\"@type\":[\"Person\"],\"@id\":\"https:\/\/opcions.ec\/portal\/#\/schema\/person\/3db2286ef94012190dfcb1e0d9fa38eb\",\"name\":\"Manuel Salgado\",\"image\":{\"@type\":\"ImageObject\",\"@id\":\"https:\/\/opcions.ec\/portal\/#personlogo\",\"inLanguage\":\"es\",\"url\":\"https:\/\/secure.gravatar.com\/avatar\/1a7c40b33d97e975f47eef16f5c0bad5?s=96&d=mm&r=g\",\"caption\":\"Manuel Salgado\"},\"description\":\"Profesor Em\\u00e9rito de la Universidad Central del Ecuador. Ex legislador. Literato. Mgs. en Relaciones Econ\\u00f3micas Internacionales menci\\u00f3n Comercio e Integraci\\u00f3n por la Universidad Andina Sim\\u00f3n Bolivar. Ex vicepresidente del Congreso Nacional del Ecuador Ex presidente nacional del Partido Socialista Ecuatoriano. Doctor (PHD) en Estudios Latinoamericanos.\"}]}<\/script>\n<!-- \/ Yoast SEO plugin. -->","_links":{"self":[{"href":"https:\/\/opcions.ec\/portal\/wp-json\/wp\/v2\/posts\/6401"}],"collection":[{"href":"https:\/\/opcions.ec\/portal\/wp-json\/wp\/v2\/posts"}],"about":[{"href":"https:\/\/opcions.ec\/portal\/wp-json\/wp\/v2\/types\/post"}],"author":[{"embeddable":true,"href":"https:\/\/opcions.ec\/portal\/wp-json\/wp\/v2\/users\/7"}],"replies":[{"embeddable":true,"href":"https:\/\/opcions.ec\/portal\/wp-json\/wp\/v2\/comments?post=6401"}],"version-history":[{"count":1,"href":"https:\/\/opcions.ec\/portal\/wp-json\/wp\/v2\/posts\/6401\/revisions"}],"predecessor-version":[{"id":6409,"href":"https:\/\/opcions.ec\/portal\/wp-json\/wp\/v2\/posts\/6401\/revisions\/6409"}],"wp:featuredmedia":[{"embeddable":true,"href":"https:\/\/opcions.ec\/portal\/wp-json\/wp\/v2\/media\/6408"}],"wp:attachment":[{"href":"https:\/\/opcions.ec\/portal\/wp-json\/wp\/v2\/media?parent=6401"}],"wp:term":[{"taxonomy":"category","embeddable":true,"href":"https:\/\/opcions.ec\/portal\/wp-json\/wp\/v2\/categories?post=6401"},{"taxonomy":"post_tag","embeddable":true,"href":"https:\/\/opcions.ec\/portal\/wp-json\/wp\/v2\/tags?post=6401"}],"curies":[{"name":"wp","href":"https:\/\/api.w.org\/{rel}","templated":true}]}}