{"id":6384,"date":"2021-12-16T21:34:15","date_gmt":"2021-12-16T21:34:15","guid":{"rendered":"https:\/\/opcions.ec\/portal\/?p=6384"},"modified":"2021-12-17T00:50:26","modified_gmt":"2021-12-17T00:50:26","slug":"caminando-juntos-reflexiones-para-una-paternidad-consecuente","status":"publish","type":"post","link":"https:\/\/opcions.ec\/portal\/2021\/12\/16\/caminando-juntos-reflexiones-para-una-paternidad-consecuente\/","title":{"rendered":"Caminando Juntos"},"content":{"rendered":"<p style=\"text-align: justify;\"><strong>Reflexiones para el ejercicio de una paternidad anti-patriarcal y consecuente<a href=\"#_ftn1\" name=\"_ftnref1\">[1]<\/a><\/strong><\/p>\n<p style=\"text-align: right;\"><strong>\u00a0Carlos P\u00e1stor Pazmi\u00f1o<a href=\"#_ftn2\" name=\"_ftnref2\">[2]<\/a><\/strong><\/p>\n<p style=\"text-align: right;\"><em>\u201cYo soy tan feliz cuando te despert\u00e1s<br \/>\nVos me haces feliz, hac\u00e9s el mundo brillar<br \/>\nYo me quiero ir a la luna con vos\u201d<\/em><\/p>\n<p style=\"text-align: right;\"><em>-Fito P\u00e1ez- <\/em><\/p>\n<p style=\"text-align: justify;\"><strong>Primeros pasos <\/strong><\/p>\n<p style=\"text-align: justify;\">Un s\u00e1bado por la ma\u00f1ana, una muchacha con pa\u00f1oleta roja, boina negra y ojos preocupados golpe\u00f3 la puerta de mi clase de filosof\u00eda, pregunt\u00f3 al profesor por m\u00ed y sal\u00ed de la clase, fue directo al grano: \u201cestoy embarazada\u201d. Yo ten\u00eda veinte a\u00f1os, cabello largo, amaba el rock y la cerveza, coleccionaba resacas, amores, libros e ideales revolucionarios. En mi vida no estaba la idea de ser padre, no quer\u00eda ataduras, familia, ni reglas. Quer\u00eda leer, beber, enamorarme, desenamorarme, irme, quedarme, no s\u00e9, solo ser, con mis limitadas experiencias y expectativas. Lo que ha pasado desde entonces super\u00f3 todas mis capacidades, proyecto de vida y me ret\u00f3 a buscar estrategias para aprender a ser padre. En la b\u00fasqueda de respuestas le\u00ed \u201cEmilio\u201d de Rousseau, \u201cLa inteligencia infantil\u201d de Jean Piaget y muchos otros, para finalmente, darme cuenta de que no hay un manual que te diga c\u00f3mo ser padre y adem\u00e1s intentar hacerlo bien. Lo que les contar\u00e9 en las siguientes l\u00edneas es el camino que hemos recorrido mi hijo y yo en estos diez a\u00f1os.<\/p>\n<p style=\"text-align: justify;\">Para entonces estudiaba dos carreras, Derecho en la ma\u00f1ana y Sociolog\u00eda en la tarde, militaba en las luchas populares a tiempo completo y cada fin de semana me beb\u00eda <em>hasta el agua de los floreros<\/em>. No era la persona m\u00e1s responsable para cuidar a alguien, ni conmigo mismo pod\u00eda. Sal\u00eda cada jueves de la casa de mis padres en Carapungo, al norte de Quito, y regresaba domingo en la tarde. Muchas veces no recordaba siquiera d\u00f3nde estuve, con qui\u00e9n o c\u00f3mo volv\u00eda. Los pocos recursos que ten\u00eda los gastaba en libros, tragos o tatuajes. En casa me retaban por la forma de vida que llevaba, pero nada hac\u00eda mella, promet\u00eda dejar el cigarrillo y al rato ya me hab\u00eda terminado una cajetilla.<\/p>\n<p style=\"text-align: justify;\">En febrero de 2008 mi hijo y yo nos vimos por primera vez, nos observamos con simpat\u00eda e incertidumbre, nuestro camino apenas empezaba. Recorr\u00ed con su pie peque\u00f1o mi barba, el no sonr\u00edo, pero me inspeccionaba minuciosamente. Yo temblaba y pensaba en no convertirme en una pesadilla para \u00e9l.<\/p>\n<blockquote>\n<p style=\"text-align: justify;\">No viv\u00edamos juntos, pero lo iba a ver cada tarde y algunas ma\u00f1anas. La primera vez que lo ba\u00f1\u00e9 fue con su abuela materna, el pediatra hab\u00eda sugerido un ba\u00f1o en leche para que su piel se fortalezca o algo as\u00ed, no recuerdo bien, pero s\u00ed recuerdo que llen\u00e9 una tina con varios litros de leche mientras \u00e9l miraba atento.<\/p>\n<\/blockquote>\n<p style=\"text-align: justify;\">Al terminar el ba\u00f1o lo sequ\u00e9 con mucha delicadeza, tem\u00eda no hacerlo bien, nervioso secaba sus brazos, piernas, pecho, y cuando sequ\u00e9 su pancita se le cay\u00f3 lo que quedaba del cord\u00f3n umbilical de su ombligo y me asust\u00e9, la verdad entr\u00e9 en p\u00e1nico. Llam\u00e9 de inmediato al pediatra y quer\u00eda llevarlo al hospital. Despu\u00e9s de cuatro llamadas, el doctor me contest\u00f3 y me dijo que eso era normal, que no me preocupe, al fin, pude respirar tranquilo.<\/p>\n<p style=\"text-align: justify;\">Alguien me dijo que, si se pone a un ni\u00f1o a escuchar m\u00fasica cl\u00e1sica, le ayudar\u00eda a desarrollar su cerebro; as\u00ed que junto a su cama le dejaba encendido el radio con m\u00fasica, no siempre cl\u00e1sica, tambi\u00e9n algo de rock y protesta. En las tardes le le\u00eda cuentos o las lecturas que ten\u00eda de tarea para mis clases de sociolog\u00eda. El tiempo ya no era el mismo, no pod\u00eda estudiar dos carreras, visitarlo a diario y hacer pasant\u00edas en un centro de investigaci\u00f3n a la vez. Tuve que decidir y dej\u00e9 de estudiar Derecho, ya no iba con mis amigos a los bares y cada centavo que ten\u00eda era para pa\u00f1ales, f\u00f3rmula, ropa, juguetes o algo para \u00e9l. Pas\u00e1bamos juntos todas las ma\u00f1anas.<\/p>\n<p style=\"text-align: justify;\">Buscando maneras de compartir tiempo juntos y al mismo tiempo desarrollar sus motricidades, lo inscrib\u00eda en cursos de estimulaci\u00f3n temprana, nuestra primera experiencia fue la piscina, este s\u00ed que fue todo un per\u00edodo de experiencias. De las doce personas que \u00edbamos a las clases con nuestros hijos, nueve eran mujeres, dos iban en pareja, yo era el \u00fanico hombre solo. Todos los mi\u00e9rcoles y s\u00e1bados llegaba apresurado con tres maletas, lo cambiaba con prisa, pero con detalle, y entr\u00e1bamos. En las clases de nataci\u00f3n sent\u00eda a nuestras espaldas gestos de asombro, murmullos, tosecitas, falsas carrasperas, etc. Un padre solo, pelilargo, tatuado todo el brazo, era un espect\u00e1culo para quienes creen ciegamente en los mandatos de g\u00e9nero.<\/p>\n<p style=\"text-align: justify;\">El mundo patriarcal en el que vivimos nos ha otorgado roles y el rol del cuidado en un hombre es estigmatizado, por eso la sorpresa cada vez que yo iba solo con mi hijo a sus actividades. El rol del hombre en esta estructura perversa es la de proveer y reglamentar, alej\u00e1ndonos del sentir. Varias veces, en los habituales ejercicios de pareja en las clases de piscina, sent\u00eda que nadie quer\u00eda hacer grupo con nosotros, por lo que termin\u00e1bamos trabajando por nuestra cuenta o con la maestra.<\/p>\n<p style=\"text-align: justify;\">Estuvimos un largo tiempo en nataci\u00f3n y la dejamos porque el cloro de la piscina afectaba la piel de mi hijo. Entonces fuimos a m\u00fasica, tres veces a la semana por una hora y treinta minutos. Nos sent\u00e1bamos en un sal\u00f3n a conocer los distintos instrumentos y sonidos musicales, le encantaba este espacio a mi hijo, hasta hoy \u00e9l ama la m\u00fasica.<\/p>\n<p style=\"text-align: justify;\">Cuando su abuela materna ya no pod\u00eda cuidarlo busqu\u00e9 minuciosamente una guarder\u00eda, vi muchas, algunas muy bonitas, pero totalmente fuera de mi alcance econ\u00f3mico. Entonces encontr\u00e9 una sencilla pero c\u00e1lida, cerca de casa, con buenas personas. Cada ma\u00f1ana lo retiraba de su casa, lo dejaba en la guarder\u00eda, me iba a la universidad y volv\u00eda por \u00e9l en la tarde. Hicimos una buena relaci\u00f3n con las profesoras, padres de familia y ni\u00f1os de la guarder\u00eda, en cada programa de la instituci\u00f3n participaba con gusto. Para estos tiempos, mi hijo dorm\u00eda en mi casa al menos tres d\u00edas a la semana. Era dif\u00edcil hacer que concilie el sue\u00f1o, pero una vez que se quedaba dormido no despertaba sino hasta el d\u00eda siguiente.<\/p>\n<p style=\"text-align: justify;\">Cada noche antes de dormir jug\u00e1bamos, le\u00eda algo para \u00e9l, y le cantaba como canci\u00f3n de cuna <em>\u201cHubo un tiempo que fue hermoso y fui libre de verdad, guardaba todos mis sue\u00f1os, en castillos de cristal, poco a poco fui creciendo, y mis f\u00e1bulas de amor, se fueron desvaneciendo, como pompas de jab\u00f3n, te encontrare una ma\u00f1ana, dentro de mi habitaci\u00f3n y prepararas la cama para dos\u2026\u201d<\/em> de Sui Generis o la <em>Canci\u00f3n del Oso<\/em> de Tango Feroz. Cuando al fin se dorm\u00eda, luego de al menos 1 hora de juegos, 1 biber\u00f3n, como tres cuentos y 2 canciones, yo tomaba un caf\u00e9 y me sentaba a estudiar los pendientes de la universidad o a preparar los informes de la pasant\u00eda.<\/p>\n<p style=\"text-align: justify;\">Decidir la escuela a la que iba a entrar fue una tarea sumamente compleja, camin\u00e9 esta vida y la otra conociendo escuelas, al final y por sugerencia de una t\u00eda, termin\u00e9 inscribi\u00e9ndolo en una escuela militar. Una t\u00eda hab\u00eda trabajado durante muchos a\u00f1os ah\u00ed y me ayudar\u00eda a estar pendiente de \u00e9l, estaba cerca de todo y no era costosa. Por principios ideol\u00f3gicos no me gustaba nada que fuera militar o religioso, pero la inexperiencia me arrincon\u00f3. Los primeros tres a\u00f1os fueron buenos, para estar al tanto de todo fui presidente de padres de familia del aula todo este periodo. Por tres a\u00f1os organic\u00e9 y desarroll\u00e9 muchas actividades como la colada morada, las fiestas de Quito, Navidad, d\u00eda del maestro, d\u00eda de la familia, ma\u00f1ana deportiva, etc. Al principio me cost\u00f3 mucho aprender a organizar este tipo de actividades, luego sab\u00eda hacerlas al derecho y al rev\u00e9s. Fue una experiencia linda, conoc\u00ed, muchas madres de familia que siempre colaboraban en cada actividad. Este espacio me permit\u00eda estar siempre atento a lo que pasaba con mi hijo en la escuela, conocer a sus amigos y maestros, as\u00ed como apoyar en actividades de la escuela.<\/p>\n<p style=\"text-align: justify;\">Retiraba a mi hijo a diario de la escuela al medio d\u00eda, almorz\u00e1bamos lo que le hab\u00eda preparado, hac\u00edamos tareas, jug\u00e1bamos, lo ba\u00f1aba, cortaba sus u\u00f1as y tres veces por semana \u00edbamos al conservatorio, luego lo iba a dejar en casa de su abuelo materno.<\/p>\n<blockquote>\n<p style=\"text-align: justify;\">Luego vino un periodo fant\u00e1stico, casi todo el tercer a\u00f1o y la mitad del cuarto grado escolar vivimos juntos. Fue una \u00e9poca estable, de muchos aprendizajes y alegr\u00edas. Todo el tiempo nos rodeamos de cuentos, m\u00fasica, conciertos, teatro, viajes, marchas, juegos, disfraces, bailes etc.<\/p>\n<\/blockquote>\n<p style=\"text-align: justify;\">Este tiempo fue maravilloso, aprendimos a sujetar cordones, a manejar bicicleta, a trepar \u00e1rboles, a nadar. Yo quer\u00eda que \u00e9l recuerde una infancia feliz y dedicaba mi tiempo a eso.<\/p>\n<p style=\"text-align: justify;\">Muchas veces mi hijo me acompa\u00f1aba a clases en la universidad. En alguna que otra ocasi\u00f3n incluso iba conmigo a ex\u00e1menes, a conferencias, congresos, presentaciones de libros o reuniones con los compa\u00f1eros de las organizaciones sociales. \u00c9l siempre llevaba su mochilita con sus juguetes y tareas \u00a1Qu\u00e9 satisfacci\u00f3n tan enorme era verlo a mi lado en las clases con su sonrisa c\u00e1lida, sus ojos alegres y su pensamiento despierto! De vez en cuando mi hijo incluso participaba en la clase con alg\u00fan comentario o pregunta; en los recesos lo com\u00eda a besos y le dec\u00eda \u201cfalta s\u00f3lo una hora m\u00e1s y nos vamos cielo\u201d, \u00e9l asent\u00eda con cara de cansancio y dec\u00eda bueno un ratito m\u00e1s, siempre me ha tenido paciencia.<\/p>\n<p style=\"text-align: justify;\"><strong>Las tres piedras del camino<\/strong><\/p>\n<p><img loading=\"lazy\" class=\"aligncenter size-full wp-image-6387\" src=\"https:\/\/opcions.ec\/portal\/wp-content\/uploads\/2021\/12\/cpastor2-1.jpg\" alt=\"\" width=\"547\" height=\"421\" srcset=\"https:\/\/opcions.ec\/portal\/wp-content\/uploads\/2021\/12\/cpastor2-1.jpg 547w, https:\/\/opcions.ec\/portal\/wp-content\/uploads\/2021\/12\/cpastor2-1-300x231.jpg 300w\" sizes=\"(max-width: 547px) 100vw, 547px\" \/><\/p>\n<p style=\"text-align: justify;\">Al iniciar el cuarto a\u00f1o escolar, las cosas cambiaron radicalmente. La maestra del colegio militar era una dictadora. En tres semanas de clases mi hijo hab\u00eda ido a la inspecci\u00f3n siete veces, todos los d\u00edas tra\u00eda notas en la libreta escolar y la maestra lo sacaba de clases. Fui cada d\u00eda a hablar con la maestra de esto y me dec\u00eda que mi hijo sol\u00eda conversar en el aula, dibujar en clase, cantar, etc. Yo no pod\u00eda justificar estas actitudes, nunca pod\u00edan ser razones suficientes para que lo saque del aula o que lo amenace.<\/p>\n<p style=\"text-align: justify;\">Llev\u00e9 a mi hijo a clases de m\u00fasica desde los siete meses de edad hasta hoy, le encanta dibujar, hace escultura, lee cada noche y es muy creativo, un colegio militar no era para \u00e9l. Se sent\u00eda preso en este r\u00e9gimen militar con un general represor por profesora. No era feliz, la escuela era un castigo. La gota que derram\u00f3 el vaso fue cuando la maestra lo jalone\u00f3 del brazo y lo sac\u00f3 del aula, inmediatamente puse una queja por escrito y acud\u00ed a las autoridades del colegio, sin embargo, no tuve ninguna respuesta. S\u00f3lo me respondieron que la maestra era una profesora muy antigua, hija de un general y que esa era su forma de ense\u00f1ar.<\/p>\n<p style=\"text-align: justify;\">Record\u00e9 entonces aquella canci\u00f3n de Sui Generis: \u201c<em>Yo form\u00e9 parte de un ej\u00e9rcito loco, ten\u00eda veinte a\u00f1os y el pelo muy corto, pero, mi amigo, hubo una confusi\u00f3n, porque para ellos el loco era yo. Es un juego simple el de ser soldado: ellos siempre insultan, yo siempre callado\u2026<\/em>\u201d Entonces hablamos con franqueza con mi hijo y tomamos una decisi\u00f3n. Estir\u00e9 cautelosamente mi mano hasta hallar la suya y salimos del colegio militar, esta decisi\u00f3n fue como un rel\u00e1mpago de incertidumbre, no sab\u00eda si hac\u00eda bien o no en retirarlo, separarlo de sus amigos y llevarlo a un lugar nuevo.<\/p>\n<p style=\"text-align: justify;\">Un d\u00eda de sol, mientras buscaba una nueva escuela, vi un cartel grande con una frase que me conect\u00f3 inmediatamente, dec\u00eda \u201ceducar es la muestra m\u00e1s grande de amor\u201d. No lo pens\u00e9 dos veces y entr\u00e9, conoc\u00ed la escuela, convers\u00e9 con autoridades, maestros, ni\u00f1os y uno que otro padre y madre de familia que encontr\u00e9 en el lugar, qued\u00e9 encantado. Hab\u00eda mucha amabilidad, calidez y sencillez. Era una escuela peque\u00f1a, que contaba con algo m\u00e1s de 10 ni\u00f1os por aula, con maestros din\u00e1micos y divertidos. No lo pens\u00e9 m\u00e1s, hice todos los tr\u00e1mites, me endeud\u00e9 por aqu\u00ed y por all\u00e1 y empez\u00f3 clases en la nueva escuela el siguiente lunes. Hoy veo con seguridad que fue una excelente decisi\u00f3n, \u00e9l es feliz, tiene buenos amigos, aprende y es tratado con respeto y paciencia.<\/p>\n<blockquote>\n<p style=\"text-align: justify;\">En muy poco tiempo hubo varios cambios fuertes, nueva escuela y dejar de vivir juntos. Nuevamente yo lo retiraba al medio d\u00eda, hac\u00edamos lo habitual, tareas, juegos, conservatorio, etc. Cada noche lo iba a dejar en su otra casa con las tareas terminadas, luego de cenar, ba\u00f1arse y con los uniformes limpios para el d\u00eda siguiente.<\/p>\n<\/blockquote>\n<p style=\"text-align: justify;\">Durante el periodo en que lo cambi\u00e9 de escuela, coincidieron tres hechos fuertes que marcaron significativamente nuestras vidas, primero un cambio de escuela, con nuevos amigos, con nuevas maestras, nuevas exigencias, cambi\u00f3 la vida cotidiana de mi hijo, con altos y bajos logr\u00f3 hacer amigos, estabilizar sus aprendizajes en la escuela y convivir arm\u00f3nicamente. Al poco tiempo, cuando apenas todo se normalizaba estall\u00f3 el juicio de tenencia entre su madre y yo.<\/p>\n<p style=\"text-align: justify;\">En casi siete a\u00f1os no fue necesario un proceso judicial, pero las circunstancias me obligaron a promoverlo. Fue un periodo triste y desgastante psicol\u00f3gica, f\u00edsica y econ\u00f3micamente. Tuvimos que vivir audiencias, visitas de trabajadores sociales, citas con psic\u00f3logos, recopilaci\u00f3n de informaci\u00f3n, pruebas, testigos, abogados, incertidumbres, polarizaci\u00f3n, miedos, etc. A veces me preguntaba si era correcto seguir el juicio por todo el dolor que nos provocaba, sobre todo a \u00e9l, eso es lo que m\u00e1s me dol\u00eda. Lo ve\u00eda en la \u201csala l\u00fadica\u201d mientras alguien le cuestionaba: \u00bfc\u00f3mo vives con tu padre? \u00bfc\u00f3mo vives con tu madre? \u00bfqu\u00e9 haces en casa de tu pap\u00e1? \u00bfqu\u00e9 haces en casa de tu mam\u00e1? \u00bfcon qui\u00e9n te gustar\u00eda vivir y por qu\u00e9?, me mataba.<\/p>\n<p style=\"text-align: justify;\">Cuando \u00e9l acud\u00eda a los juzgados se lo ve\u00eda aparentemente tranquilo, pero cuando lleg\u00e1bamos en la tarde a casa luego de todo, \u00e9l lloraba, se molestaba, me gritaba que era mi culpa, que yo quer\u00eda alejarlo de su madre. No soy el mejor ejemplo de padre y lo admito, pero desde que naci\u00f3 mi hijo yo dediqu\u00e9 mi vida a buscar las condiciones que me permitan cuidarlo, formarlo, guiarlo. Estaba convencido que ten\u00eda la vocaci\u00f3n, voluntad, decisi\u00f3n y condiciones para ser pap\u00e1 a tiempo completo, como lo hab\u00eda sido siempre. Viviendo juntos mi hijo tendr\u00eda una vida en armon\u00eda, cari\u00f1o, responsabilidades y respeto, sin primas ni temores.<\/p>\n<p style=\"text-align: justify;\">Me prepar\u00e9 para el proceso como cuando estudiaba para mis ex\u00e1menes. Mi mejor estrategia era siempre decir la verdad, cuidadosamente organic\u00e9 un archivo de m\u00e1s de un centenar de documentos entre carnets de vacunaci\u00f3n, carnets de cursos de estimulaci\u00f3n, reportes acad\u00e9micos, cartas, recetas del pediatra, etc. Al mismo tiempo visit\u00e9 a cinco personas para que me ayuden con sus testimonios en el juicio, una profesora de su antigua escuela, la directora de su nueva escuela, su pediatra y su abuelo materno.<\/p>\n<p style=\"text-align: justify;\">Luego de todo el proceso, la jueza decidi\u00f3 que lo mejor para <em>el ni\u00f1o<\/em> era que viva conmigo de lunes a viernes y que tres de los cuatro fines de semana del mes visite a su madre. El proceso fue largo, pesado, complejo, doloroso, pero estoy seguro de que enfrentar este juicio fue una de las mejores decisiones que tomamos para nuestras vidas, la estabilidad vali\u00f3 todas las penas.<\/p>\n<p style=\"text-align: justify;\">El tercer hecho que marc\u00f3 nuestras vidas fue mi detenci\u00f3n arbitraria. Una tarde de diciembre de 2015 las organizaciones sociales, con las que he militado desde los catorce a\u00f1os, convocaron a un gran paro nacional en contra de las enmiendas a la Constituci\u00f3n. Acud\u00ed a la convocatoria con conciencia y compromiso, empez\u00f3 en la ma\u00f1ana as\u00ed que como todos los d\u00edas dej\u00e9 a mi hijo en su escuela y luego fui a la marcha. Estuve en las calles gritando las consignas, repartiendo volantes, pintando pancartas etc. Al medio d\u00eda me fui, como siempre, a retirar a mi hijo de la escuela.<\/p>\n<p style=\"text-align: justify;\">Hicimos lo habitual, aquel d\u00eda no ten\u00eda clases en el conservatorio, as\u00ed que le propuse ir a comer en casa de mis padres. Mientras nos dirig\u00edamos a casa de sus abuelos paternos, \u00edbamos escuchando el debate que los asamble\u00edstas ten\u00edan sobre las reformas, estaba indignado por la ambig\u00fcedad y nula argumentaci\u00f3n que sosten\u00edan los \u201chonorables\u201d. Cuando llegamos a casa de mis padres me escribi\u00f3 mi compa\u00f1era de vida y me dijo que estaba a\u00fan en la marcha, yo estaba terminando la jornada, as\u00ed que le propuse encontrarnos all\u00e1.<\/p>\n<blockquote>\n<p style=\"text-align: justify;\">Me desped\u00ed de mi hijo, le dije \u201cno tardo\u201d y volv\u00ed 15 d\u00edas despu\u00e9s. Me detuvieron injustamente el 3 de diciembre de 2015, el delito fue oponerme al excesivo uso de la fuerza policial. Nos juzgaron a 21 personas por \u201cfalta de palabra a la autoridad\u201d durante el corre\u00edsmo.<\/p>\n<\/blockquote>\n<p style=\"text-align: justify;\">Mi hijo ama Star Wars, ha visto todas las sagas, ha le\u00eddo varios de los libros, colecciona sus figuras, tiene camisetas, sacos, medias y un traje de maestro Jedi. Cuando nos enteramos de que se iba a estrenar la \u00faltima pel\u00edcula \u201c<em>El despertar de la fuerza\u201d,<\/em> le promet\u00ed que lo llevar\u00eda al pre estreno, as\u00ed que compramos las entradas con tres meses de anticipaci\u00f3n, en su habitaci\u00f3n colocamos un calendario grande donde \u00edbamos tachando cada d\u00eda hasta que llegue <em>el gran d\u00eda<\/em>.<\/p>\n<p style=\"text-align: justify;\">El estreno era el 17 de diciembre a media noche y yo sal\u00eda de prisi\u00f3n el 18. Mi hijo ya no quer\u00eda ir, estaba triste, era mucho lo que hab\u00eda pasado. No me dol\u00eda dormir en el suelo, no sent\u00eda el fr\u00edo de la noche, no ve\u00eda nada, ni las ratas pase\u00e1ndose con las cucarachas, ni la p\u00e9sima comida, solo pensaba en la \u00faltima vez que vi a mi hijo, le dije que no tardar\u00eda y no cumplir\u00eda mi promesa. A diario hablaba con mi hijo por tel\u00e9fono. El 17 de diciembre un compa\u00f1ero del pabell\u00f3n, que no era del grupo de presos pol\u00edticos conocido como los \u201c21 del arbolito\u201d se suicid\u00f3, sufr\u00eda de claustrofobia y se hab\u00eda quedado encerrado s\u00f3lo, no soport\u00f3 m\u00e1s la prisi\u00f3n. Este lamentable hecho y la movilizaci\u00f3n de las organizaciones permitieron que nos liberaran un d\u00eda antes de lo previsto y yo pudiera cumplir mi promesa.<\/p>\n<p style=\"text-align: justify;\">Cuando sal\u00ed me hicieron una limpieza de purificaci\u00f3n, yo buscaba con la mirada a mi hijo, \u00e9l estaba ah\u00ed, medio dormido, medio despierto, con su traje de maestro Jedi, corr\u00ed a abrazarlo y no me dieron tiempo ni de llorar, porque enseguida me vistieron de \u201cchubaca\u201d y sin mayores palabras fuimos al estreno de la pel\u00edcula. Mi hijo no me dec\u00eda mucho; en momentos as\u00ed, es duro, decir algo que realmente no sobr\u00e9; yo tampoco insist\u00ed, solo tomaba su mano y respiraba una, y otra vez intentando descubrir si lo que estaba pasando no era un sue\u00f1o.<\/p>\n<p style=\"text-align: justify;\">Casi al final de la pel\u00edcula hay una escena en la que un padre intenta persuadir a su hijo que regrese a la <em>fuerza <\/em>porque se hab\u00eda ido al <em>lado oscuro<\/em> y el hijo se muestra confundido, vulnerable, pero termina eligiendo el lado oscuro y con su sable l\u00e1ser mata a su padre. Ese momento mi hijo apret\u00f3 mi mano con fuerza y me dijo \u201cgor, te amo\u201d y luego lloramos abrazados. Esa noche dormimos juntos.<\/p>\n<p style=\"text-align: justify;\"><strong>Aprendiendo a caminar\u2026 <\/strong><\/p>\n<p style=\"text-align: justify;\">En nuestras sociedades es muy dif\u00edcil concebir que un hombre puede ser capaz de dedicar su vida al cuidado de sus hijos, pero s\u00ed es posible, yo lo hago todos los d\u00edas. Por supuesto, esto tambi\u00e9n es posible por el apoyo, amor y motivaciones infinitas de mi compa\u00f1era de vida, de mis padres y hermanos, de mis grandes amigos, de los abuelos maternos de mi hijo, profesores que creyeron en m\u00ed, la universidad p\u00fablica que permiti\u00f3 que accediera a estudios superiores, centros de investigaci\u00f3n y cooperaci\u00f3n que han apoyado mis investigaciones, publicaciones, estancias, todo.<\/p>\n<p style=\"text-align: justify;\">No ha sido nada f\u00e1cil, dormir poco, aprender a cocinar, a lavar platos y ropa, correr a ver a mi hijo a la escuela, volver a estudiar las tablas de multiplicar, y al mismo tiempo amanecerme con los trabajos de mis estudios universitarios, y todo en condiciones econ\u00f3micas limitadas y laboralmente precarias, viviendo de las becas y de los apoyos de mis padres, comiendo muy sencillo, pero alimentos sanos y preparados con amor.<\/p>\n<blockquote>\n<p style=\"text-align: justify;\">No es f\u00e1cil, pero es una vida que amo, la volver\u00eda a vivir y la vivo hoy. Todo vale la pena, cuando cada ma\u00f1ana voy a su habitaci\u00f3n, abro las cortinas y le digo \u201c<em>pajarito ma\u00f1anero ya es hora de levantarse\u201d<\/em>.<\/p>\n<\/blockquote>\n<p style=\"text-align: justify;\">Durante estos a\u00f1os he aprendido que ser pap\u00e1 es educar con el amor del ejemplo, no se le puede decir a un hijo que arregle su habitaci\u00f3n, cuando la habitaci\u00f3n de uno es un caos, que no grite cuando uno grita todo el tiempo, no fumes y terminarte una cajetilla diaria, ser consecuente con la vida, con lo que dices y haces, cumplir acuerdos que se establecen en casa, <em>amar sin prisa y con fervor, sin telones, con franquezas<\/em>. Este camino juntos me ha ense\u00f1ado sobre todo a amar. Puedo decir con toda seguridad que mi mejor maestro en la vida ha sido mi hijo, \u00e9l es qui\u00e9n con sus gestos, sus risas, sus reflexiones, sus broncas, sus palabras, me ense\u00f1a un mundo m\u00e1gico lleno de caminos, abrazos, avatares, las m\u00e1s hermosas alegr\u00edas y las m\u00e1s duras tristezas.<\/p>\n<p style=\"text-align: justify;\">Hoy tengo algo m\u00e1s de experiencia, pero a\u00fan sigo sin saber qu\u00e9 es ser un buen padre. Cuando yo era ni\u00f1o, pap\u00e1 siempre me cantaba esta canci\u00f3n, \u201c<em>Cada vez que me acuerdo de mi hijo, me da como una punzada, aqu\u00ed, muy dentro del pecho, donde se halla colocada, tan sensible, tan nombrada y tan propensa a la emoci\u00f3n, esa masa colorada que se llama coraz\u00f3n. Y c\u00f3mo no he de sentirla si se trata de mi hijo, el que, con sus payasadas, su chicle y su mermelada, me dejaba pegajosos, el cubrecama, la almohada, y aunque a veces me propuse re\u00f1irle, siempre fallaba porque el p\u00edcaro sal\u00eda con su sonrisa inocente y al verlo, as\u00ed, tan sonriente, y (&#8230;) bueno, lo perdonaba<\/em>\u201d de Tito Fern\u00e1ndez. Yo no entend\u00eda bien la canci\u00f3n, aunque la cantaba con \u00e9l. Hoy la entiendo a la perfecci\u00f3n, s\u00e9 a qu\u00e9 se refer\u00eda cuando dec\u00eda que cada vez que se acuerda de m\u00ed, de su hijo, siente como una punzada, porque hoy, cada vez que yo me acuerdo de m\u00ed hijo tambi\u00e9n siento esa punzada.<\/p>\n<p style=\"text-align: justify;\">Aspiro que mi hijo valore la diversidad, que sea lo que quiera ser, que sea afectivo, respetuoso, que mire a las\/los otros como iguales, que luche por construir un mundo mejor, que sea cr\u00edtico con el sistema, que se indigne por las injusticias y act\u00fae para cambiarlas, que escoja alimentos sanos o que cultive sus propios alimentos. Ahora que est\u00e1 a las puertas de la adolescencia, esa \u00e9poca compleja pero sabrosa, yo estar\u00e9 ah\u00ed, para alentar sus motivaciones, para contar experiencias, para ense\u00f1arle a cuidar el huerto y para darle abrazos y besos cada vez que se caiga para que se levante.<\/p>\n<blockquote>\n<p style=\"text-align: justify;\">Estar\u00e9 aqu\u00ed para las broncas que haremos cuando no coincidamos en algo, no soy el mejor padre, y no pretendo serlo, pero soy del tipo de padre que entregar\u00eda mi vida por \u00e9l. S\u00f3lo intento darle herramientas y mostrarle caminos para que al final del d\u00eda los recorra con fuerza, sin m\u00ed y camine por el que \u00e9l decida.<\/p>\n<\/blockquote>\n<p style=\"text-align: justify;\">El tiempo es tan ef\u00edmero, que estos diez a\u00f1os se fueron en un suspiro. Mientras a\u00fan pueda, yo estirar\u00e9 mi mano con sutileza para encontrar la suya y caminar juntos mientras contamos historias. Seguir\u00e9 ley\u00e9ndole en voz alta cuentos y poes\u00edas, seguir\u00e9 cantando. Aunque ahora ya lee solo en las noches y tiene sus propios gustos musicales. Mi abuelita siempre dice <em>crecen tan r\u00e1pido<\/em>, y s\u00ed, la verdad s\u00ed, mi hijo crece tan r\u00e1pido que apenas me doy cuenta de que ya no debo agacharme tanto para conversar con \u00e9l.<\/p>\n<p style=\"text-align: justify;\">No estoy seguro qu\u00e9 es ser un buen padre o qu\u00e9 es la paternidad, pero estoy seguro de que es mucho m\u00e1s que proveer y reglamentar. La paternidad es una decisi\u00f3n de vida, un ejercicio cotidiano, creo que la paternidad es un compromiso con la condici\u00f3n humana. Para m\u00ed, el reto de cada padre debe ser el de romper la idea capitalista, patriarcal y colonialista que nos vendieron como felicidad, es prioritario ense\u00f1ar a nuestros hijos e hijas que la felicidad no es sin\u00f3nimo de consumo, que somos iguales en derechos, que los alimentos no vienen de los supermercados, que un mundo donde quepan otros mundos es posible, La paternidad es romper esa l\u00f3gica de acumulaci\u00f3n y despojo, es formar ni\u00f1os y ni\u00f1as profundamente democr\u00e1ticos, feministas, cr\u00edticos y agroecologistas.<\/p>\n<p style=\"text-align: right;\"><em>Se aprende en la escuela<\/em><\/p>\n<p style=\"text-align: right;\"><em>\u00a0se aprende de golpe<\/em><\/p>\n<p style=\"text-align: right;\"><em>se aprende de a poco<\/em><\/p>\n<p style=\"text-align: right;\"><em>un hijo te vuelve a ense\u00f1ar<\/em><\/p>\n<p style=\"text-align: right;\"><em>y a veces se aprende reci\u00e9n al final<\/em><\/p>\n<p style=\"text-align: right;\"><em>-Jorge Drexler-<\/em><\/p>\n<p><strong>Referencias:<\/strong><\/p>\n<p style=\"text-align: justify;\"><a href=\"#_ftnref1\" name=\"_ftn1\">[1]<\/a> Art\u00edculo escrito entre 2016-2017 y publicado originalmente en el a\u00f1o 2018 en el libro \u201cQue hacemos con las masculinidades\u201d editado por Gustavo Endara: chrome-extension:\/\/efaidnbmnnnibpcajpcglclefindmkaj\/viewer.html?pdfurl=https%3A%2F%2Flibrary.fes.de%2Fpdf-files%2Fbueros%2Fquito%2F14520.pdf&amp;clen=4068240&amp;chunk=true<\/p>\n<p style=\"text-align: justify;\"><a href=\"#_ftnref2\" name=\"_ftn2\">[2]<\/a> Padre en permanente formaci\u00f3n. Especialista en comida casera, lavar platos y arreglar dormitorios. Experto en t\u00e9cnicas de negociaci\u00f3n y resoluci\u00f3n de conflictos para ordenar juguetes y realizar tareas escolares. Polit\u00f3logo por la Universidad Central del Ecuador, Especialista Superior en Cambio Clim\u00e1tico, Magister en Estudios Latinoamericanos con menci\u00f3n en Relaciones Internacionales y Doctorando (Ph.D) en Estudios Latinoamericanos por la Universidad Andina Sim\u00f3n Bol\u00edvar Sede Ecuador. L\u00edneas de investigaci\u00f3n: problem\u00e1tica agraria, grupos econ\u00f3micos, elites pol\u00edticas, luchas campesinas ind\u00edgenas, geopol\u00edtica agraria y el papel Estado. Desde 2011 es miembro del Grupo de trabajo de CLACSO \u201cDesarrollo Rural: Estudios cr\u00edticos\u201d, coordin\u00f3 el Taller de Estudios Rurales de la Universidad Andina Sim\u00f3n Bol\u00edvar.<\/p>\n","protected":false},"excerpt":{"rendered":"<p>Reflexiones para el ejercicio de una paternidad anti-patriarcal y consecuente[1] \u00a0Carlos P\u00e1stor Pazmi\u00f1o[2] \u201cYo soy tan feliz cuando te despert\u00e1s Vos me haces feliz, hac\u00e9s el mundo brillar Yo me quiero ir a la luna con vos\u201d -Fito P\u00e1ez- Primeros pasos Un s\u00e1bado por la ma\u00f1ana, una muchacha con pa\u00f1oleta<\/p>\n","protected":false},"author":3,"featured_media":6390,"comment_status":"open","ping_status":"open","sticky":false,"template":"","format":"standard","meta":[],"categories":[15,178],"tags":[],"yoast_head":"<!-- This site is optimized with the Yoast SEO plugin v14.3 - https:\/\/yoast.com\/wordpress\/plugins\/seo\/ -->\n<title>Caminando Juntos - Opci&oacute;n S<\/title>\n<meta name=\"robots\" content=\"index, follow\" \/>\n<meta name=\"googlebot\" content=\"index, follow, max-snippet:-1, max-image-preview:large, max-video-preview:-1\" \/>\n<meta name=\"bingbot\" content=\"index, follow, max-snippet:-1, max-image-preview:large, max-video-preview:-1\" \/>\n<link rel=\"canonical\" href=\"https:\/\/opcions.ec\/portal\/2021\/12\/16\/caminando-juntos-reflexiones-para-una-paternidad-consecuente\/\" \/>\n<meta property=\"og:locale\" content=\"es_ES\" \/>\n<meta property=\"og:type\" content=\"article\" \/>\n<meta property=\"og:title\" content=\"Caminando Juntos - Opci&oacute;n S\" \/>\n<meta property=\"og:description\" content=\"Reflexiones para el ejercicio de una paternidad anti-patriarcal y consecuente[1] \u00a0Carlos P\u00e1stor Pazmi\u00f1o[2] \u201cYo soy tan feliz cuando te despert\u00e1s Vos me haces feliz, hac\u00e9s el mundo brillar Yo me quiero ir a la luna con vos\u201d -Fito P\u00e1ez- Primeros pasos Un s\u00e1bado por la ma\u00f1ana, una muchacha con pa\u00f1oleta\" \/>\n<meta property=\"og:url\" content=\"https:\/\/opcions.ec\/portal\/2021\/12\/16\/caminando-juntos-reflexiones-para-una-paternidad-consecuente\/\" \/>\n<meta property=\"og:site_name\" content=\"Opci&oacute;n S\" \/>\n<meta property=\"article:published_time\" content=\"2021-12-16T21:34:15+00:00\" \/>\n<meta property=\"article:modified_time\" content=\"2021-12-17T00:50:26+00:00\" \/>\n<meta property=\"og:image\" content=\"https:\/\/opcions.ec\/portal\/wp-content\/uploads\/2021\/12\/cpastor3.png\" \/>\n\t<meta property=\"og:image:width\" content=\"473\" \/>\n\t<meta property=\"og:image:height\" content=\"473\" \/>\n<meta name=\"twitter:card\" content=\"summary_large_image\" \/>\n<script type=\"application\/ld+json\" class=\"yoast-schema-graph\">{\"@context\":\"https:\/\/schema.org\",\"@graph\":[{\"@type\":\"WebSite\",\"@id\":\"https:\/\/opcions.ec\/portal\/#website\",\"url\":\"https:\/\/opcions.ec\/portal\/\",\"name\":\"Opci&oacute;n S\",\"description\":\"\",\"potentialAction\":[{\"@type\":\"SearchAction\",\"target\":\"https:\/\/opcions.ec\/portal\/?s={search_term_string}\",\"query-input\":\"required name=search_term_string\"}],\"inLanguage\":\"es\"},{\"@type\":\"ImageObject\",\"@id\":\"https:\/\/opcions.ec\/portal\/2021\/12\/16\/caminando-juntos-reflexiones-para-una-paternidad-consecuente\/#primaryimage\",\"inLanguage\":\"es\",\"url\":\"https:\/\/opcions.ec\/portal\/wp-content\/uploads\/2021\/12\/cpastor3.png\",\"width\":473,\"height\":473},{\"@type\":\"WebPage\",\"@id\":\"https:\/\/opcions.ec\/portal\/2021\/12\/16\/caminando-juntos-reflexiones-para-una-paternidad-consecuente\/#webpage\",\"url\":\"https:\/\/opcions.ec\/portal\/2021\/12\/16\/caminando-juntos-reflexiones-para-una-paternidad-consecuente\/\",\"name\":\"Caminando Juntos - Opci&oacute;n S\",\"isPartOf\":{\"@id\":\"https:\/\/opcions.ec\/portal\/#website\"},\"primaryImageOfPage\":{\"@id\":\"https:\/\/opcions.ec\/portal\/2021\/12\/16\/caminando-juntos-reflexiones-para-una-paternidad-consecuente\/#primaryimage\"},\"datePublished\":\"2021-12-16T21:34:15+00:00\",\"dateModified\":\"2021-12-17T00:50:26+00:00\",\"author\":{\"@id\":\"https:\/\/opcions.ec\/portal\/#\/schema\/person\/90f7bb3085e908fb37267da162fbd117\"},\"breadcrumb\":{\"@id\":\"https:\/\/opcions.ec\/portal\/2021\/12\/16\/caminando-juntos-reflexiones-para-una-paternidad-consecuente\/#breadcrumb\"},\"inLanguage\":\"es\",\"potentialAction\":[{\"@type\":\"ReadAction\",\"target\":[\"https:\/\/opcions.ec\/portal\/2021\/12\/16\/caminando-juntos-reflexiones-para-una-paternidad-consecuente\/\"]}]},{\"@type\":\"BreadcrumbList\",\"@id\":\"https:\/\/opcions.ec\/portal\/2021\/12\/16\/caminando-juntos-reflexiones-para-una-paternidad-consecuente\/#breadcrumb\",\"itemListElement\":[{\"@type\":\"ListItem\",\"position\":1,\"item\":{\"@type\":\"WebPage\",\"@id\":\"https:\/\/opcions.ec\/portal\/\",\"url\":\"https:\/\/opcions.ec\/portal\/\",\"name\":\"Portada\"}},{\"@type\":\"ListItem\",\"position\":2,\"item\":{\"@type\":\"WebPage\",\"@id\":\"https:\/\/opcions.ec\/portal\/2021\/12\/16\/caminando-juntos-reflexiones-para-una-paternidad-consecuente\/\",\"url\":\"https:\/\/opcions.ec\/portal\/2021\/12\/16\/caminando-juntos-reflexiones-para-una-paternidad-consecuente\/\",\"name\":\"Caminando Juntos\"}}]},{\"@type\":[\"Person\"],\"@id\":\"https:\/\/opcions.ec\/portal\/#\/schema\/person\/90f7bb3085e908fb37267da162fbd117\",\"name\":\"Admin BC\",\"image\":{\"@type\":\"ImageObject\",\"@id\":\"https:\/\/opcions.ec\/portal\/#personlogo\",\"inLanguage\":\"es\",\"url\":\"https:\/\/secure.gravatar.com\/avatar\/ccd15cdf8f33b5c0ae18a03cf13f6bb2?s=96&d=mm&r=g\",\"caption\":\"Admin BC\"}}]}<\/script>\n<!-- \/ Yoast SEO plugin. -->","_links":{"self":[{"href":"https:\/\/opcions.ec\/portal\/wp-json\/wp\/v2\/posts\/6384"}],"collection":[{"href":"https:\/\/opcions.ec\/portal\/wp-json\/wp\/v2\/posts"}],"about":[{"href":"https:\/\/opcions.ec\/portal\/wp-json\/wp\/v2\/types\/post"}],"author":[{"embeddable":true,"href":"https:\/\/opcions.ec\/portal\/wp-json\/wp\/v2\/users\/3"}],"replies":[{"embeddable":true,"href":"https:\/\/opcions.ec\/portal\/wp-json\/wp\/v2\/comments?post=6384"}],"version-history":[{"count":3,"href":"https:\/\/opcions.ec\/portal\/wp-json\/wp\/v2\/posts\/6384\/revisions"}],"predecessor-version":[{"id":6392,"href":"https:\/\/opcions.ec\/portal\/wp-json\/wp\/v2\/posts\/6384\/revisions\/6392"}],"wp:featuredmedia":[{"embeddable":true,"href":"https:\/\/opcions.ec\/portal\/wp-json\/wp\/v2\/media\/6390"}],"wp:attachment":[{"href":"https:\/\/opcions.ec\/portal\/wp-json\/wp\/v2\/media?parent=6384"}],"wp:term":[{"taxonomy":"category","embeddable":true,"href":"https:\/\/opcions.ec\/portal\/wp-json\/wp\/v2\/categories?post=6384"},{"taxonomy":"post_tag","embeddable":true,"href":"https:\/\/opcions.ec\/portal\/wp-json\/wp\/v2\/tags?post=6384"}],"curies":[{"name":"wp","href":"https:\/\/api.w.org\/{rel}","templated":true}]}}