{"id":6363,"date":"2021-12-15T05:58:36","date_gmt":"2021-12-15T05:58:36","guid":{"rendered":"https:\/\/opcions.ec\/portal\/?p=6363"},"modified":"2021-12-17T21:14:24","modified_gmt":"2021-12-17T21:14:24","slug":"movimientos-sociales-por-boric-y-la-nueva-constitucion","status":"publish","type":"post","link":"https:\/\/opcions.ec\/portal\/2021\/12\/15\/movimientos-sociales-por-boric-y-la-nueva-constitucion\/","title":{"rendered":"Movimientos sociales por Boric y la nueva constituci\u00f3n"},"content":{"rendered":"<p style=\"text-align: right;\"><strong>Andr\u00e9s Kogan Valderrama<\/strong><\/p>\n<p style=\"text-align: justify;\">A solo d\u00edas de saber qui\u00e9n ser\u00e1 el nuevo presidente de Chile, los apoyos a ambos candidatos de parte de distintos sectores del pa\u00eds no se han hecho esperar, dado la importancia de la elecci\u00f3n del pr\u00f3ximo 19 de diciembre.<\/p>\n<p style=\"text-align: justify;\">En el caso de Jos\u00e9 Antonio Kast, todos los partidos pol\u00edticos de derecha se cuadraron r\u00e1pidamente con el candidato del Partido Republicano (UDI, RN, EVOPOLI), mientras que por el lado de Gabriel Boric, todos los partidos de izquierda se han sumado sin condiciones al candidato de Apruebo Dignidad (PS, PPD, DC)<\/p>\n<p style=\"text-align: justify;\">Si bien son apoyos que no sorprenden a nadie, dada la b\u00fasqueda de aquellos partidos pol\u00edticos, muy deslegitimados socialmente, de reacomodarse en un futuro gobierno, por el lado de la sociedad civil organizada en cambio, ha sido enorme el apoyo que ha recibido Boric de parte de m\u00faltiples movimientos sociales en comparaci\u00f3n a Kast.<\/p>\n<p style=\"text-align: justify;\">Una situaci\u00f3n que se evidencia con las organizaciones que le han dado su respaldo expl\u00edcito a Gabriel Boric, como son los casos del Movimiento por el Agua y los Territorios (MAT), Movimiento de Defensa por el acceso al Agua, la Tierra y la Protecci\u00f3n del Medio Ambiente (MODATIMA), Coordinadora Feminista 8M, Confederaci\u00f3n de Estudiantes de Chile (CONFECH), Fundaci\u00f3n Iguales, \u00a0Movimiento de Integraci\u00f3n y Liberaci\u00f3n Homosexual (Movilh), Movimiento de Acci\u00f3n Migrante (MAM), Coordinadora Nacional No + AFP, Coordinadora en Defensa de Nuestra Salud Mental, entre muchas otras.<\/p>\n<p style=\"text-align: justify;\">Estas organizaciones han llamado a votar por Gabriel Boric, que no solo tiene relaci\u00f3n con las convicciones del candidato de Apruebo Dignidad o de su programa de gobierno, en lo que respecta a construir un gobierno feminista, ecologista, diverso, inclusivo y digno para todas las personas, sino tambi\u00e9n con cuidar un proceso constituyente en curso, el cual estar\u00e1 fuertemente amenazado, en el caso de que salga Jos\u00e9 Antonio Kast.<\/p>\n<blockquote>\n<p style=\"text-align: justify;\">Por lo mismo, la amenaza para la democracia en Chile que representa Kast, es mucho mayor que lo que pas\u00f3 con Donald Trump en Estados Unidos o Jair Bolsonaro en Brasil, ya que lo que est\u00e1 en juego no es un gobierno conservador de cuatro a\u00f1os en el poder, sino un proceso hist\u00f3rico, que, de ser revertido, generar\u00e1 mucha frustraci\u00f3n, rabia, miedo, discriminaci\u00f3n y exclusi\u00f3n.<\/p>\n<\/blockquote>\n<p style=\"text-align: justify;\">Ante esto, el peligro del discurso abiertamente racista, clasista, homof\u00f3bico, pinochetista y negacionista del cambio clim\u00e1tico de Kast, se vuelve mucho m\u00e1s peligroso en el contexto constituyente chileno, ya que es acompa\u00f1ado con la delirante idea conspirativa de que la quema del metro y el estallido social del 2019, fue organizado y financiado por el gobierno de Venezuela, el gobierno de Cuba, el Foro de Sao Paulo, el Grupo de Puebla, y ejecutado por el Partido Comunista de Chile.<\/p>\n<p style=\"text-align: justify;\">No es casualidad, por tanto, que la ultraderecha chilena hable constantemente de insurrecci\u00f3n y de estallido delictual, planteando un escenario binario presidencial entre libertad, representado supuestamente por Kast, y comunismo, representado supuestamente por Boric, como si lo que pas\u00f3 en el a\u00f1o 2019, pueda ser reducido a quemas, saqueos y narcotr\u00e1fico.<\/p>\n<p style=\"text-align: justify;\">Tampoco es casual que Jos\u00e9 Antonio Kast y sus seguidores, nombren a Gabriel Boric como el candidato del Partido Comunista, como si fuera un mero t\u00edtere de este, sobredimensionando as\u00ed su rol en la campa\u00f1a y en la revuelta social misma, con el \u00fanico objetivo de generar temor en la poblaci\u00f3n.<\/p>\n<p style=\"text-align: justify;\">De ah\u00ed que no sea ingenuo ese discurso, ya que no hay que ser de izquierda, para saber que las grandes movilizaciones que ocurrieron el 2019, fueron anti- partidarias y pac\u00edficas en general, por lo que negarlo, es vivir en otro pa\u00eds, nunca haber asistido a alguna marcha en la vida o simplemente mentir con fines pol\u00edticos, para invalidar as\u00ed las demandas leg\u00edtimas de los movimientos sociales.<\/p>\n<p style=\"text-align: justify;\"><img loading=\"lazy\" class=\"aligncenter size-full wp-image-6364\" src=\"https:\/\/opcions.ec\/portal\/wp-content\/uploads\/2021\/12\/akon2.jpg\" alt=\"\" width=\"425\" height=\"283\" srcset=\"https:\/\/opcions.ec\/portal\/wp-content\/uploads\/2021\/12\/akon2.jpg 425w, https:\/\/opcions.ec\/portal\/wp-content\/uploads\/2021\/12\/akon2-300x200.jpg 300w\" sizes=\"(max-width: 425px) 100vw, 425px\" \/><\/p>\n<p style=\"text-align: justify;\">Asimismo, la tesis conservadora de que lo que ocurri\u00f3 el 2019 fue orquestado desde arriba, no tiene ning\u00fan asidero en la realidad. De hecho, por eso mismo el proceso constituyente chileno no ha podido ser cooptado por ning\u00fan sector de izquierda partidista de manera electoral, a diferencia de lo que pas\u00f3 en los procesos constituyentes de Venezuela, Bolivia y Ecuador, en donde caudillos pol\u00edticos se terminaron apropiando del proceso de manera autoritaria.<\/p>\n<blockquote>\n<p style=\"text-align: justify;\">Por el contrario, el proceso constituyente chileno ha sido desde abajo y muy transversal, yendo mucho m\u00e1s all\u00e1 de las caricaturas del mundo m\u00e1s conservador, que lo atribuye a una maniobra pol\u00edtica proveniente de una supuesta izquierda radical y anti-patriota que estar\u00eda detr\u00e1s de todo desde las sombras para destruir al pa\u00eds.<\/p>\n<\/blockquote>\n<p style=\"text-align: justify;\">Cabe destacar que los movimientos sociales en Chile han sido muy claros en su autonom\u00eda pol\u00edtica, al igual que la Convenci\u00f3n Constitucional, tomando distancia de las viejas estructuras partidarias, las cuales se negaron por d\u00e9cadas a escribir una nueva constituci\u00f3n de manera democr\u00e1tica.<\/p>\n<p style=\"text-align: justify;\">Por todo lo se\u00f1alado anteriormente, ante el expl\u00edcito intento de Jos\u00e9 Antonio Kast de hacer fracasar la nueva constituci\u00f3n, en el caso de que sea presidente, muchas organizaciones, al igual que la mayor\u00eda de los y las constituyentes, saben que solo la candidatura de Gabriel Boric da garant\u00edas para continuar con este proceso, sin ning\u00fan tipo de intervenci\u00f3n desde el gobierno, como \u00e9l mismo lo ha mencionado en reiteradas ocasiones, a diferencia del candidato del rechazo.<\/p>\n<p style=\"text-align: justify;\">\n","protected":false},"excerpt":{"rendered":"<p>Andr\u00e9s Kogan Valderrama A solo d\u00edas de saber qui\u00e9n ser\u00e1 el nuevo presidente de Chile, los apoyos a ambos candidatos de parte de distintos sectores del pa\u00eds no se han hecho esperar, dado la importancia de la elecci\u00f3n del pr\u00f3ximo 19 de diciembre. En el caso de Jos\u00e9 Antonio Kast,<\/p>\n","protected":false},"author":116,"featured_media":6365,"comment_status":"open","ping_status":"open","sticky":false,"template":"","format":"standard","meta":[],"categories":[15,179],"tags":[],"yoast_head":"<!-- This site is optimized with the Yoast SEO plugin v14.3 - https:\/\/yoast.com\/wordpress\/plugins\/seo\/ -->\n<title>Movimientos sociales por Boric y la nueva constituci\u00f3n - Opci&oacute;n S<\/title>\n<meta name=\"robots\" content=\"index, follow\" \/>\n<meta name=\"googlebot\" content=\"index, follow, max-snippet:-1, max-image-preview:large, max-video-preview:-1\" \/>\n<meta name=\"bingbot\" content=\"index, follow, max-snippet:-1, max-image-preview:large, max-video-preview:-1\" \/>\n<link rel=\"canonical\" href=\"https:\/\/opcions.ec\/portal\/2021\/12\/15\/movimientos-sociales-por-boric-y-la-nueva-constitucion\/\" \/>\n<meta property=\"og:locale\" content=\"es_ES\" \/>\n<meta property=\"og:type\" content=\"article\" \/>\n<meta property=\"og:title\" content=\"Movimientos sociales por Boric y la nueva constituci\u00f3n - Opci&oacute;n S\" \/>\n<meta property=\"og:description\" content=\"Andr\u00e9s Kogan Valderrama A solo d\u00edas de saber qui\u00e9n ser\u00e1 el nuevo presidente de Chile, los apoyos a ambos candidatos de parte de distintos sectores del pa\u00eds no se han hecho esperar, dado la importancia de la elecci\u00f3n del pr\u00f3ximo 19 de diciembre. En el caso de Jos\u00e9 Antonio Kast,\" \/>\n<meta property=\"og:url\" content=\"https:\/\/opcions.ec\/portal\/2021\/12\/15\/movimientos-sociales-por-boric-y-la-nueva-constitucion\/\" \/>\n<meta property=\"og:site_name\" content=\"Opci&oacute;n S\" \/>\n<meta property=\"article:published_time\" content=\"2021-12-15T05:58:36+00:00\" \/>\n<meta property=\"article:modified_time\" content=\"2021-12-17T21:14:24+00:00\" \/>\n<meta property=\"og:image\" content=\"https:\/\/opcions.ec\/portal\/wp-content\/uploads\/2021\/12\/akon1-1.jpg\" \/>\n\t<meta property=\"og:image:width\" content=\"567\" \/>\n\t<meta property=\"og:image:height\" content=\"378\" \/>\n<meta name=\"twitter:card\" content=\"summary_large_image\" \/>\n<script type=\"application\/ld+json\" class=\"yoast-schema-graph\">{\"@context\":\"https:\/\/schema.org\",\"@graph\":[{\"@type\":\"WebSite\",\"@id\":\"https:\/\/opcions.ec\/portal\/#website\",\"url\":\"https:\/\/opcions.ec\/portal\/\",\"name\":\"Opci&oacute;n S\",\"description\":\"\",\"potentialAction\":[{\"@type\":\"SearchAction\",\"target\":\"https:\/\/opcions.ec\/portal\/?s={search_term_string}\",\"query-input\":\"required name=search_term_string\"}],\"inLanguage\":\"es\"},{\"@type\":\"ImageObject\",\"@id\":\"https:\/\/opcions.ec\/portal\/2021\/12\/15\/movimientos-sociales-por-boric-y-la-nueva-constitucion\/#primaryimage\",\"inLanguage\":\"es\",\"url\":\"https:\/\/opcions.ec\/portal\/wp-content\/uploads\/2021\/12\/akon1-1.jpg\",\"width\":567,\"height\":378},{\"@type\":\"WebPage\",\"@id\":\"https:\/\/opcions.ec\/portal\/2021\/12\/15\/movimientos-sociales-por-boric-y-la-nueva-constitucion\/#webpage\",\"url\":\"https:\/\/opcions.ec\/portal\/2021\/12\/15\/movimientos-sociales-por-boric-y-la-nueva-constitucion\/\",\"name\":\"Movimientos sociales por Boric y la nueva constituci\\u00f3n - Opci&oacute;n S\",\"isPartOf\":{\"@id\":\"https:\/\/opcions.ec\/portal\/#website\"},\"primaryImageOfPage\":{\"@id\":\"https:\/\/opcions.ec\/portal\/2021\/12\/15\/movimientos-sociales-por-boric-y-la-nueva-constitucion\/#primaryimage\"},\"datePublished\":\"2021-12-15T05:58:36+00:00\",\"dateModified\":\"2021-12-17T21:14:24+00:00\",\"author\":{\"@id\":\"https:\/\/opcions.ec\/portal\/#\/schema\/person\/86fe8f06a73988ae082ce43211606769\"},\"breadcrumb\":{\"@id\":\"https:\/\/opcions.ec\/portal\/2021\/12\/15\/movimientos-sociales-por-boric-y-la-nueva-constitucion\/#breadcrumb\"},\"inLanguage\":\"es\",\"potentialAction\":[{\"@type\":\"ReadAction\",\"target\":[\"https:\/\/opcions.ec\/portal\/2021\/12\/15\/movimientos-sociales-por-boric-y-la-nueva-constitucion\/\"]}]},{\"@type\":\"BreadcrumbList\",\"@id\":\"https:\/\/opcions.ec\/portal\/2021\/12\/15\/movimientos-sociales-por-boric-y-la-nueva-constitucion\/#breadcrumb\",\"itemListElement\":[{\"@type\":\"ListItem\",\"position\":1,\"item\":{\"@type\":\"WebPage\",\"@id\":\"https:\/\/opcions.ec\/portal\/\",\"url\":\"https:\/\/opcions.ec\/portal\/\",\"name\":\"Portada\"}},{\"@type\":\"ListItem\",\"position\":2,\"item\":{\"@type\":\"WebPage\",\"@id\":\"https:\/\/opcions.ec\/portal\/2021\/12\/15\/movimientos-sociales-por-boric-y-la-nueva-constitucion\/\",\"url\":\"https:\/\/opcions.ec\/portal\/2021\/12\/15\/movimientos-sociales-por-boric-y-la-nueva-constitucion\/\",\"name\":\"Movimientos sociales por Boric y la nueva constituci\\u00f3n\"}}]},{\"@type\":[\"Person\"],\"@id\":\"https:\/\/opcions.ec\/portal\/#\/schema\/person\/86fe8f06a73988ae082ce43211606769\",\"name\":\"Andr\\u00e9s Kogan Valderrama\",\"image\":{\"@type\":\"ImageObject\",\"@id\":\"https:\/\/opcions.ec\/portal\/#personlogo\",\"inLanguage\":\"es\",\"url\":\"https:\/\/opcions.ec\/portal\/wp-content\/uploads\/2021\/02\/Foto-Andres1.jpg\",\"caption\":\"Andr\\u00e9s Kogan Valderrama\"},\"description\":\"Soci\\u00f3logo de la Universidad Central de Chile Diplomado en Educaci\\u00f3n para el Desarrollo Sustentable Mag\\u00edster en Comunicaci\\u00f3n y Cultura Contempor\\u00e1nea Doctorando en Estudios Sociales de Am\\u00e9rica Latina Integrante de Comit\\u00e9 Cient\\u00edfico de Revista Iberoam\\u00e9rica Social Miembro del Movimiento al Buen Vivir Global https:\/\/buenvivir.global\/ Director del Observatorio Plurinacional de Aguas www.oplas.org\"}]}<\/script>\n<!-- \/ Yoast SEO plugin. -->","_links":{"self":[{"href":"https:\/\/opcions.ec\/portal\/wp-json\/wp\/v2\/posts\/6363"}],"collection":[{"href":"https:\/\/opcions.ec\/portal\/wp-json\/wp\/v2\/posts"}],"about":[{"href":"https:\/\/opcions.ec\/portal\/wp-json\/wp\/v2\/types\/post"}],"author":[{"embeddable":true,"href":"https:\/\/opcions.ec\/portal\/wp-json\/wp\/v2\/users\/116"}],"replies":[{"embeddable":true,"href":"https:\/\/opcions.ec\/portal\/wp-json\/wp\/v2\/comments?post=6363"}],"version-history":[{"count":1,"href":"https:\/\/opcions.ec\/portal\/wp-json\/wp\/v2\/posts\/6363\/revisions"}],"predecessor-version":[{"id":6366,"href":"https:\/\/opcions.ec\/portal\/wp-json\/wp\/v2\/posts\/6363\/revisions\/6366"}],"wp:featuredmedia":[{"embeddable":true,"href":"https:\/\/opcions.ec\/portal\/wp-json\/wp\/v2\/media\/6365"}],"wp:attachment":[{"href":"https:\/\/opcions.ec\/portal\/wp-json\/wp\/v2\/media?parent=6363"}],"wp:term":[{"taxonomy":"category","embeddable":true,"href":"https:\/\/opcions.ec\/portal\/wp-json\/wp\/v2\/categories?post=6363"},{"taxonomy":"post_tag","embeddable":true,"href":"https:\/\/opcions.ec\/portal\/wp-json\/wp\/v2\/tags?post=6363"}],"curies":[{"name":"wp","href":"https:\/\/api.w.org\/{rel}","templated":true}]}}