{"id":6352,"date":"2021-12-02T02:05:05","date_gmt":"2021-12-02T02:05:05","guid":{"rendered":"https:\/\/opcions.ec\/portal\/?p=6352"},"modified":"2021-12-02T02:05:06","modified_gmt":"2021-12-02T02:05:06","slug":"restauracion-conservadora-en-tiempos-constituyentes-en-chile","status":"publish","type":"post","link":"https:\/\/opcions.ec\/portal\/2021\/12\/02\/restauracion-conservadora-en-tiempos-constituyentes-en-chile\/","title":{"rendered":"\u00bfRestauraci\u00f3n conservadora en tiempos constituyentes en Chile?"},"content":{"rendered":"<p style=\"text-align: right;\"><strong>Andr\u00e9s Kogan Valderrama<\/strong><\/p>\n<p style=\"text-align: justify;\">El sorprendente triunfo en la primera vuelta presidencial del candidato de ultraderecha Jos\u00e9 Antonio Kast, por sobre el candidato Gabriel Boric, no solo pone en jaque la posibilidad de un futuro gobierno de corte transformador en Chile, sino que pone en riesgo el mismo proceso constituyente en curso\u00a0en el pa\u00eds.<\/p>\n<p style=\"text-align: justify;\">La verdad es que cuesta mucho entender lo que pas\u00f3 en Chile aquel d\u00eda, ya que ve\u00edamos el ascenso de la ultraderecha negacionista como una amenaza que no llegar\u00eda tan pronto, considerando todo lo que ha pasado en el pa\u00eds y el derrumbe del gobierno de Sebasti\u00e1n Pi\u00f1era, luego de la revuelta social y la instalaci\u00f3n de la Convenci\u00f3n Constitucional.<\/p>\n<p style=\"text-align: justify;\">Si bien el porcentaje de votos alcanzado por Kast no es muy alto (27, 91%), el problema mayor es lo poco que sac\u00f3 el candidato de Apruebo Dignidad (25, 83), el cual obtuvo pr\u00e1cticamente lo mismo que sac\u00f3 en primarias (sumado a los votos de Daniel Jadue), lo que refleja que su candidatura convoc\u00f3 muy por debajo de lo que se esperaba.<\/p>\n<p style=\"text-align: justify;\">Las causas de la baja votaci\u00f3n de Gabriel Boric son seguramente m\u00faltiples y responden a distintos factores internos y externos de la campa\u00f1a, pero lo que est\u00e1 claro, es que para obtener un triunfo en segunda vuelta el pr\u00f3ximo 19 de diciembre, tendr\u00e1 que inevitablemente ceder mucho de su programa de gobierno antineoliberal y hacer alianzas con sectores de izquierda m\u00e1s conservadores, como es el caso de los partidos de la ex concertaci\u00f3n.<\/p>\n<p style=\"text-align: justify;\">Asimismo, pareciera que tambi\u00e9n tendr\u00e1 que dar respuesta al discurso impulsado por Kast, centrado en el miedo y en el orden p\u00fablico,\u00a0en donde la delincuencia, el narcotr\u00e1fico y la falta de certeza econ\u00f3mica, pareciera que ser\u00e1n los temas que instalar\u00e1n los grandes medios de informaci\u00f3n para los pr\u00f3ximos debates entre los dos candidatos.<\/p>\n<p style=\"text-align: justify;\">De ah\u00ed que Boric, haya entendido que la seguridad sea un tema central para las pr\u00f3ximas semanas, y que est\u00e9 adaptando su discurso de campa\u00f1a, lo que obviamente es un riesgo, ya que puede ser visto como algo no cre\u00edble a estas alturas, pudiendo ser incluso contraproducente.<\/p>\n<p style=\"text-align: justify;\">Por lo mismo, el haber sumado a Eduardo Vergara, como encargado de seguridad en su comando, es un acierto, considerando que no bastar\u00e1 con que hable del tema, en la medida que no plantee un discurso que se diferencie de la ultraderecha, cuestionando as\u00ed fuertemente el populismo penal y la guerra contra las drogas de Kast, y proponga una alternativa sin complejos desde la izquierda, que vaya mucho m\u00e1s all\u00e1 de lo punitivo (1).<\/p>\n<p style=\"text-align: justify;\">Lo mismo con respecto al \u00e1mbito econ\u00f3mico, el cual debiera volcarse al chileno y\u00a0chilena\u00a0promedio, los cuales han sido abandonados por un Estado negligente y abusados por grandes sectores empresariales, haciendo que las familias vivan completamente bancarizadas, a trav\u00e9s del cr\u00e9dito, mientras el Estado goza de grandes reservas en el extranjero.<\/p>\n<p style=\"text-align: justify;\">Ante esto, ser\u00eda interesante incorporar tambi\u00e9n en el comando al economista de la Fundaci\u00f3n Sol, Marco Kremerman, quien mejor que nadie en el pa\u00eds, ha desmontado emp\u00edricamente el mito de la llamada clase media (2), la cual no es otra cosa que una construcci\u00f3n de las elites, que ha permitido instalar un discurso del esfuerzo individual, de la meritocracia y del emprendimiento.<\/p>\n<p style=\"text-align: justify;\">No obstante, m\u00e1s all\u00e1 de estas estrategias de campa\u00f1a para la segunda vuelta, lo que m\u00e1s debiera preocuparnos, en el caso de ganar Jos\u00e9 Antonio Kast la presidencia, no es su gobierno propiamente tal, el cual estar\u00e1 limitado al no tener la mayor\u00eda en el congreso, sino en el uso de su cargo para hacer una campa\u00f1a desde el ejecutivo contra la Convenci\u00f3n Constitucional.<\/p>\n<p style=\"text-align: justify;\">El candidato del Partido Republicano ya ha manifestado expl\u00edcitamente que, de ser presidente, y no estar de acuerdo con el texto constitucional que se escriba, lo que seguramente ser\u00e1 as\u00ed, levantar\u00e1 la bandera del rechazo para el plebiscito de salida del a\u00f1o 2022 (3), siendo su gobierno un mero instrumento para una restauraci\u00f3n conservadora.<\/p>\n<p style=\"text-align: justify;\">Un escenario as\u00ed, de confrontaci\u00f3n entre Jos\u00e9 Antonio Kast y la Convenci\u00f3n Constitucional, no solo le har\u00eda un da\u00f1o gigantesco a la democracia del pa\u00eds, sino que podr\u00eda generar un clima de violencia pol\u00edtica de alcances insospechados, trayendo consigo mucha sangre y una fractura total en el pa\u00eds.<\/p>\n<p style=\"text-align: justify;\">En consecuencia, Kast de manera irresponsable estar\u00e1 usando su cargo de presidente para destruir la paz social que tanto dice defender, pasando por encima todo lo que se est\u00e1 intentando construir institucionalmente para el pa\u00eds, dejando en evidencia que m\u00e1s que el bien en Chile, est\u00e1 preocupado de mantener el orden autoritario, haciendo fracasar el proceso constituyente, para mantener a cualquier precio la constituci\u00f3n de 1980.<\/p>\n<p style=\"text-align: justify;\">Frente a todo lo se\u00f1alado, el triunfo de Gabriel Boric el pr\u00f3ximo 19 de diciembre, es mucho m\u00e1s que el triunfo de un candidato en particular, del Pacto Apruebo Dignidad o de un sector pol\u00edtico determinado. Tiene relaci\u00f3n con cuidar la convivencia en el pa\u00eds y la defensa de un proceso in\u00e9dito, que fue llevado por millones de chilenos, que creyeron que se pod\u00eda hacer una constituci\u00f3n de manera distinta, despu\u00e9s de m\u00e1s de 200 a\u00f1os de historia.<\/p>\n<p style=\"text-align: justify;\"><strong>Referencias:<\/strong><\/p>\n<p style=\"text-align: justify;\">1:<a href=\"https:\/\/www.theclinic.cl\/2021\/11\/22\/columna-de-eduardo-vergara-seguridad-y-orden-las-llaves-para-entrar-a-la-moneda-y-gobernar\/\">https:\/\/www.theclinic.cl\/2021\/11\/22\/columna-de-eduardo-vergara-seguridad-y-orden-las-llaves-para-entrar-a-la-moneda-y-gobernar\/<\/a><\/p>\n<p style=\"text-align: justify;\">2:<a href=\"https:\/\/www.youtube.com\/watch?v=l9wNlf8O1-c&amp;t=906s&amp;ab_channel=HolaChileLaRed\">https:\/\/www.youtube.com\/watch?v=l9wNlf8O1-c&amp;t=906s&amp;ab_channel=HolaChileLaRed<\/a><\/p>\n<p style=\"text-align: justify;\">3:<a href=\"https:\/\/www.youtube.com\/watch?v=lTCiEhrn6SE&amp;ab_channel=Pol%C3%ADticaChile\">https:\/\/www.youtube.com\/watchv=lTCiEhrn6SE&amp;ab_channel=Pol%C3%ADticaChile<\/a><\/p>\n<p style=\"text-align: justify;\">\n","protected":false},"excerpt":{"rendered":"<p>Andr\u00e9s Kogan Valderrama El sorprendente triunfo en la primera vuelta presidencial del candidato de ultraderecha Jos\u00e9 Antonio Kast, por sobre el candidato Gabriel Boric, no solo pone en jaque la posibilidad de un futuro gobierno de corte transformador en Chile, sino que pone en riesgo el mismo proceso constituyente en<\/p>\n","protected":false},"author":116,"featured_media":6353,"comment_status":"open","ping_status":"open","sticky":false,"template":"","format":"standard","meta":[],"categories":[15,179],"tags":[],"yoast_head":"<!-- This site is optimized with the Yoast SEO plugin v14.3 - https:\/\/yoast.com\/wordpress\/plugins\/seo\/ -->\n<title>\u00bfRestauraci\u00f3n conservadora en tiempos constituyentes en Chile? - Opci&oacute;n S<\/title>\n<meta name=\"robots\" content=\"index, follow\" \/>\n<meta name=\"googlebot\" content=\"index, follow, max-snippet:-1, max-image-preview:large, max-video-preview:-1\" \/>\n<meta name=\"bingbot\" content=\"index, follow, max-snippet:-1, max-image-preview:large, max-video-preview:-1\" \/>\n<link rel=\"canonical\" href=\"https:\/\/opcions.ec\/portal\/2021\/12\/02\/restauracion-conservadora-en-tiempos-constituyentes-en-chile\/\" \/>\n<meta property=\"og:locale\" content=\"es_ES\" \/>\n<meta property=\"og:type\" content=\"article\" \/>\n<meta property=\"og:title\" content=\"\u00bfRestauraci\u00f3n conservadora en tiempos constituyentes en Chile? - Opci&oacute;n S\" \/>\n<meta property=\"og:description\" content=\"Andr\u00e9s Kogan Valderrama El sorprendente triunfo en la primera vuelta presidencial del candidato de ultraderecha Jos\u00e9 Antonio Kast, por sobre el candidato Gabriel Boric, no solo pone en jaque la posibilidad de un futuro gobierno de corte transformador en Chile, sino que pone en riesgo el mismo proceso constituyente en\" \/>\n<meta property=\"og:url\" content=\"https:\/\/opcions.ec\/portal\/2021\/12\/02\/restauracion-conservadora-en-tiempos-constituyentes-en-chile\/\" \/>\n<meta property=\"og:site_name\" content=\"Opci&oacute;n S\" \/>\n<meta property=\"article:published_time\" content=\"2021-12-02T02:05:05+00:00\" \/>\n<meta property=\"article:modified_time\" content=\"2021-12-02T02:05:06+00:00\" \/>\n<meta property=\"og:image\" content=\"https:\/\/opcions.ec\/portal\/wp-content\/uploads\/2021\/12\/Akon1.jpg\" \/>\n\t<meta property=\"og:image:width\" content=\"1130\" \/>\n\t<meta property=\"og:image:height\" content=\"636\" \/>\n<meta name=\"twitter:card\" content=\"summary_large_image\" \/>\n<script type=\"application\/ld+json\" class=\"yoast-schema-graph\">{\"@context\":\"https:\/\/schema.org\",\"@graph\":[{\"@type\":\"WebSite\",\"@id\":\"https:\/\/opcions.ec\/portal\/#website\",\"url\":\"https:\/\/opcions.ec\/portal\/\",\"name\":\"Opci&oacute;n S\",\"description\":\"\",\"potentialAction\":[{\"@type\":\"SearchAction\",\"target\":\"https:\/\/opcions.ec\/portal\/?s={search_term_string}\",\"query-input\":\"required name=search_term_string\"}],\"inLanguage\":\"es\"},{\"@type\":\"ImageObject\",\"@id\":\"https:\/\/opcions.ec\/portal\/2021\/12\/02\/restauracion-conservadora-en-tiempos-constituyentes-en-chile\/#primaryimage\",\"inLanguage\":\"es\",\"url\":\"https:\/\/opcions.ec\/portal\/wp-content\/uploads\/2021\/12\/Akon1.jpg\",\"width\":1130,\"height\":636},{\"@type\":\"WebPage\",\"@id\":\"https:\/\/opcions.ec\/portal\/2021\/12\/02\/restauracion-conservadora-en-tiempos-constituyentes-en-chile\/#webpage\",\"url\":\"https:\/\/opcions.ec\/portal\/2021\/12\/02\/restauracion-conservadora-en-tiempos-constituyentes-en-chile\/\",\"name\":\"\\u00bfRestauraci\\u00f3n conservadora en tiempos constituyentes en Chile? - Opci&oacute;n S\",\"isPartOf\":{\"@id\":\"https:\/\/opcions.ec\/portal\/#website\"},\"primaryImageOfPage\":{\"@id\":\"https:\/\/opcions.ec\/portal\/2021\/12\/02\/restauracion-conservadora-en-tiempos-constituyentes-en-chile\/#primaryimage\"},\"datePublished\":\"2021-12-02T02:05:05+00:00\",\"dateModified\":\"2021-12-02T02:05:06+00:00\",\"author\":{\"@id\":\"https:\/\/opcions.ec\/portal\/#\/schema\/person\/86fe8f06a73988ae082ce43211606769\"},\"breadcrumb\":{\"@id\":\"https:\/\/opcions.ec\/portal\/2021\/12\/02\/restauracion-conservadora-en-tiempos-constituyentes-en-chile\/#breadcrumb\"},\"inLanguage\":\"es\",\"potentialAction\":[{\"@type\":\"ReadAction\",\"target\":[\"https:\/\/opcions.ec\/portal\/2021\/12\/02\/restauracion-conservadora-en-tiempos-constituyentes-en-chile\/\"]}]},{\"@type\":\"BreadcrumbList\",\"@id\":\"https:\/\/opcions.ec\/portal\/2021\/12\/02\/restauracion-conservadora-en-tiempos-constituyentes-en-chile\/#breadcrumb\",\"itemListElement\":[{\"@type\":\"ListItem\",\"position\":1,\"item\":{\"@type\":\"WebPage\",\"@id\":\"https:\/\/opcions.ec\/portal\/\",\"url\":\"https:\/\/opcions.ec\/portal\/\",\"name\":\"Portada\"}},{\"@type\":\"ListItem\",\"position\":2,\"item\":{\"@type\":\"WebPage\",\"@id\":\"https:\/\/opcions.ec\/portal\/2021\/12\/02\/restauracion-conservadora-en-tiempos-constituyentes-en-chile\/\",\"url\":\"https:\/\/opcions.ec\/portal\/2021\/12\/02\/restauracion-conservadora-en-tiempos-constituyentes-en-chile\/\",\"name\":\"\\u00bfRestauraci\\u00f3n conservadora en tiempos constituyentes en Chile?\"}}]},{\"@type\":[\"Person\"],\"@id\":\"https:\/\/opcions.ec\/portal\/#\/schema\/person\/86fe8f06a73988ae082ce43211606769\",\"name\":\"Andr\\u00e9s Kogan Valderrama\",\"image\":{\"@type\":\"ImageObject\",\"@id\":\"https:\/\/opcions.ec\/portal\/#personlogo\",\"inLanguage\":\"es\",\"url\":\"https:\/\/opcions.ec\/portal\/wp-content\/uploads\/2021\/02\/Foto-Andres1.jpg\",\"caption\":\"Andr\\u00e9s Kogan Valderrama\"},\"description\":\"Soci\\u00f3logo de la Universidad Central de Chile Diplomado en Educaci\\u00f3n para el Desarrollo Sustentable Mag\\u00edster en Comunicaci\\u00f3n y Cultura Contempor\\u00e1nea Doctorando en Estudios Sociales de Am\\u00e9rica Latina Integrante de Comit\\u00e9 Cient\\u00edfico de Revista Iberoam\\u00e9rica Social Miembro del Movimiento al Buen Vivir Global https:\/\/buenvivir.global\/ Director del Observatorio Plurinacional de Aguas www.oplas.org\"}]}<\/script>\n<!-- \/ Yoast SEO plugin. -->","_links":{"self":[{"href":"https:\/\/opcions.ec\/portal\/wp-json\/wp\/v2\/posts\/6352"}],"collection":[{"href":"https:\/\/opcions.ec\/portal\/wp-json\/wp\/v2\/posts"}],"about":[{"href":"https:\/\/opcions.ec\/portal\/wp-json\/wp\/v2\/types\/post"}],"author":[{"embeddable":true,"href":"https:\/\/opcions.ec\/portal\/wp-json\/wp\/v2\/users\/116"}],"replies":[{"embeddable":true,"href":"https:\/\/opcions.ec\/portal\/wp-json\/wp\/v2\/comments?post=6352"}],"version-history":[{"count":1,"href":"https:\/\/opcions.ec\/portal\/wp-json\/wp\/v2\/posts\/6352\/revisions"}],"predecessor-version":[{"id":6354,"href":"https:\/\/opcions.ec\/portal\/wp-json\/wp\/v2\/posts\/6352\/revisions\/6354"}],"wp:featuredmedia":[{"embeddable":true,"href":"https:\/\/opcions.ec\/portal\/wp-json\/wp\/v2\/media\/6353"}],"wp:attachment":[{"href":"https:\/\/opcions.ec\/portal\/wp-json\/wp\/v2\/media?parent=6352"}],"wp:term":[{"taxonomy":"category","embeddable":true,"href":"https:\/\/opcions.ec\/portal\/wp-json\/wp\/v2\/categories?post=6352"},{"taxonomy":"post_tag","embeddable":true,"href":"https:\/\/opcions.ec\/portal\/wp-json\/wp\/v2\/tags?post=6352"}],"curies":[{"name":"wp","href":"https:\/\/api.w.org\/{rel}","templated":true}]}}