{"id":6070,"date":"2021-08-07T16:36:14","date_gmt":"2021-08-07T16:36:14","guid":{"rendered":"https:\/\/opcions.ec\/portal\/?p=6070"},"modified":"2021-09-03T17:04:35","modified_gmt":"2021-09-03T17:04:35","slug":"no-me-eligieron-por-ser-negro-sino-por-mi-trayectoria-de-lucha-social","status":"publish","type":"post","link":"https:\/\/opcions.ec\/portal\/2021\/08\/07\/no-me-eligieron-por-ser-negro-sino-por-mi-trayectoria-de-lucha-social\/","title":{"rendered":"No me eligieron por ser negro, sino por mi trayectoria de lucha social."},"content":{"rendered":"<p style=\"text-align: justify;\">Entrevista de Opci\u00f3n S a Gary Espinoza, presidente electo de la Confederaci\u00f3n Nacional de Organizaciones Campesinas, Ind\u00edgenas y Negras (FENOCIN), en el marco de su XIII Congreso Nacional Ordinario, desarrollado el 23 y 24 de julio de 2021 en la parroquia de Cangahua, cant\u00f3n Cayambe, provincia de Pichincha.<\/p>\n<p style=\"text-align: justify;\"><strong>Cu\u00e9ntenos sobre su trayectoria, \u00bfqui\u00e9n es Gary Espinoza y cu\u00e1les fueron sus inicios como dirigente?<\/strong><\/p>\n<p><iframe loading=\"lazy\" title=\"YouTube video player\" src=\"https:\/\/www.youtube.com\/embed\/M31L01F6Nkc\" width=\"560\" height=\"315\" frameborder=\"0\" allowfullscreen=\"allowfullscreen\"><\/iframe><\/p>\n<p style=\"text-align: justify;\"><strong>\u00bfCu\u00e1les fueron las motivaciones que le llevaron a lanzar su candidatura a la presidencia de la FENOCIN?<\/strong><\/p>\n<p style=\"text-align: justify;\">En estos a\u00f1os hemos podido evidenciar el deterioro de la Confederaci\u00f3n. De un tiempo ac\u00e1 dej\u00f3 de ser una organizaci\u00f3n respetada en el \u00e1mbito social y pol\u00edtico del pa\u00eds. Los compa\u00f1eros que la presidieron en los \u00faltimos a\u00f1os perdieron el rumbo de la lucha original e hist\u00f3rica de la FENOCIN, dejaron de luchar, perdieron un asunto fundamental que es la autonom\u00eda. La independencia no se debe negociar con ning\u00fan gobierno, eso fue lo que me motiv\u00f3 a postularme. Quiero que FENOCIN recupere su voz y su autonom\u00eda.<\/p>\n<p style=\"text-align: justify;\"><strong>Es la primera vez, en 53 a\u00f1os, que un afrodescendiente llega a ocupar la presidencia de FENOCIN, \u00bfqu\u00e9 representa esto para usted?<\/strong><\/p>\n<p style=\"text-align: justify;\">A m\u00ed no me eligieron por ser negro, sino por mi trayectoria de lucha social. Pero reconozco que es un acto de justicia porque los negros hemos sido siempre un actor fundamental para la FENOCIN desde sus inicios. Hay compa\u00f1eros negros que incluso murieron en este proceso; mi hermano por ejemplo fue asesinado por terratenientes de la costa en las jornadas de lucha por la tierra y por la defensa de nuestros territorios. Eso me comprometi\u00f3 siempre a seguir en este camino de resistencia y organizaci\u00f3n. Los negros tenemos derecho de dirigir nuestra organizaci\u00f3n en la cual hemos estado desde el principio.<\/p>\n<p style=\"text-align: justify;\"><strong>\u00bfCu\u00e1les ser\u00e1n las principales demandas de FENOCIN de cara al gobierno?<\/strong><\/p>\n<p style=\"text-align: justify;\">Vamos a exigirle al presidente Lasso que cumpla con ciertas promesas de campa\u00f1a como el cr\u00e9dito al 1% para 30 a\u00f1os plazo en favor de los campesinos. Ese es un planteamiento de Lasso que queremos que lo cumpla y le vamos a exigir que lo haga. Otro asunto importante que el gobierno debe palpar es la deplorable situaci\u00f3n de los caminos vecinales de la Costa. Tambi\u00e9n vamos a plantear que se reabran las escuelas comunitarias en los sectores rurales, campesinos e ind\u00edgenas.<\/p>\n<p style=\"text-align: justify;\"><strong>En ese sentido, \u00bfqu\u00e9 perspectivas tiene del actual gobierno?<\/strong><\/p>\n<p><iframe loading=\"lazy\" title=\"YouTube video player\" src=\"https:\/\/www.youtube.com\/embed\/roJQYWYEvTA\" width=\"560\" height=\"315\" frameborder=\"0\" allowfullscreen=\"allowfullscreen\"><\/iframe><\/p>\n<p style=\"text-align: justify;\"><strong>\u00bfY respecto al proceso de vacunaci\u00f3n contra el Covid-19?<\/strong><\/p>\n<p style=\"text-align: justify;\">La vacunaci\u00f3n debe bajar al campo y no quedarse en las grandes ciudades. El gobierno debe preocuparse de vacunar a quienes sostienen desde el campo a las urbes, debe vacunar intensivamente a campesinos, ind\u00edgenas, montubios. De lo contrario la vacunaci\u00f3n no llegar\u00e1 a los sectores m\u00e1s empobrecidos de este pa\u00eds y los efectos de la pandemia precarizar\u00e1 m\u00e1s las condiciones de vida de los que m\u00e1s necesitan. Luego de asegurar un proceso de vacunaci\u00f3n realmente universal, debe venir la reactivaci\u00f3n. Creemos que el gobierno debe invertir de mejor manera en el campo para ampliar las posibilidades de desarrollo y de bienestar de las familias.<\/p>\n<p style=\"text-align: justify;\"><strong>\u00bfCu\u00e1les ser\u00e1n los ejes de su trabajo como presidente de FENOCIN?<\/strong><\/p>\n<p style=\"text-align: justify;\">El eje fundamental es luchar por la soberan\u00eda alimentaria. Vamos a plantear un proyecto para demandar al gobierno que vuelva sus ojos al campo con inversi\u00f3n, capacitaci\u00f3n y cr\u00e9ditos. Por ejemplo, ser\u00eda interesante que de la actual producci\u00f3n petrolera se destine un porcentaje para invertir en el desarrollo agropecuario, con el fin de que los peque\u00f1os y medianos productores puedan tener recursos frescos para preservar productos que se est\u00e1n perdiendo como la lenteja o el ajo. Es triste decirlo, pero la mayor\u00eda de las frutas que consumimos los ecuatorianos son importadas.<\/p>\n<p style=\"text-align: justify;\"><strong>\u00bfCu\u00e1les considera que son los problemas m\u00e1s urgentes de ser resueltos en el campo?<\/strong><\/p>\n<p style=\"text-align: justify;\">Es imperioso que se solucione de una vez por todas el problema del arroz, respetando los precios oficiales de sustentaci\u00f3n. Los compa\u00f1eros productores de ma\u00edz trabajan a perdida y est\u00e1n en una situaci\u00f3n dram\u00e1tica. El gobierno debe analizar seriamente la posibilidad de subsidiar a estos productores para que no desaparezcan, de lo contrario nos vamos a convertir en un pa\u00eds importador de alimentos y eso ser\u00eda inaudito.<\/p>\n<p style=\"text-align: justify;\"><strong>\u00bfPuede darnos un ejemplo de un producto que est\u00e9 pr\u00f3ximo a desaparecer? <\/strong><\/p>\n<p style=\"text-align: justify;\">Claro que s\u00ed, es fundamental para eso recurrir a la historia. A mediados de la d\u00e9cada de los ochenta, en el gobierno de Febres Cordero, ten\u00edamos 105 mil hect\u00e1reas de trigo, hoy solo tenemos seis mil quinientas hect\u00e1reas; es decir, casi el 95% de la producci\u00f3n ha desaparecido. As\u00ed como el trigo muchos productos est\u00e1n por desaparecer en este pa\u00eds. Por eso es que la FENOCIN va a pelear por defender uno de nuestros principios rectores: la soberan\u00eda alimentaria.<\/p>\n<p style=\"text-align: justify;\"><strong>Otro de los principios de FENOCIN es la interculturalidad, qu\u00e9 significa para usted este concepto<\/strong><\/p>\n<p><iframe loading=\"lazy\" title=\"YouTube video player\" src=\"https:\/\/www.youtube.com\/embed\/qGKy2vyN7yI\" width=\"560\" height=\"315\" frameborder=\"0\" allowfullscreen=\"allowfullscreen\"><\/iframe><\/p>\n<p style=\"text-align: justify;\"><strong>En el Congreso de FENOCIN las bases cuestionaron la postura de ex dirigentes que vali\u00e9ndose de la organizaci\u00f3n han llegado a altos cargos en los \u00faltimos gobiernos. \u00bfQu\u00e9 piensa al respecto? <\/strong><\/p>\n<p style=\"text-align: justify;\">Acceder a cargos p\u00fablicos ante todo es un derecho. La Constituci\u00f3n nos da la posibilidad a todos los ecuatorianos a acceder al sector p\u00fablico, sobre todo a las poblaciones hist\u00f3ricamente excluidas como ind\u00edgenas, montubios y negros que sumados somos alrededor del 20% de la poblaci\u00f3n. Tenemos derecho como ciudadanos a exigir inserci\u00f3n laboral, sea cual sea el gobierno. Es un derecho, no es una d\u00e1diva, un ruego y tampoco una limosna.<\/p>\n<p style=\"text-align: justify;\">Pero una cosa es la inserci\u00f3n laboral y otra muy distinta negociar la independencia y la autonom\u00eda de la organizaci\u00f3n a cambio de altos cargos. Optar por \u201cembajadas\u201d, \u201cministerios\u201d y similares, involucra hipotecar la independencia de la organizaci\u00f3n. No se puede ser \u201cembajador\u201d y dirigente al mismo tiempo. O se es una cosa o se es la otra. Por eso en este congreso, hemos resuelto que ning\u00fan compa\u00f1ero dirigente nacional opte por cargos p\u00fablicos de esa naturaleza. No queremos perder un solo momento la legitimidad de la vocer\u00eda de nuestra organizaci\u00f3n.<\/p>\n<p style=\"text-align: justify;\"><strong>\u00bfCu\u00e1l ser\u00e1 su relaci\u00f3n con las dem\u00e1s organizaciones ind\u00edgenas y campesinas del Ecuador?<\/strong><\/p>\n<p style=\"text-align: justify;\">Hasta este momento hemos intercambiado varias ideas con el presidente de la FEI Jos\u00e9 Agualsaca y aspiramos que en estos d\u00edas podamos reunirnos tambi\u00e9n con los compa\u00f1eros de la CONAIE y de la FEI. Es el momento de gestar una gran unidad de las organizaciones sociales y as\u00ed enfrentar juntos las pol\u00edticas neoliberales que se vienen. Los grandes empresarios, con sus c\u00e1maras y gremios, est\u00e1n siempre unidos para defender sus intereses y sus ambiciones; nosotros tambi\u00e9n debemos estar unidos frente a las \u00e9lites y sus pretenciones.<\/p>\n<p style=\"text-align: justify;\"><strong>\u00bfEn qu\u00e9 consiste la invitaci\u00f3n a Leonidas Iza (COANIE), Jos\u00e9 Agualsaca (FEI), Eustaquio Tuala (FEINE) y al resto de dirigentes de organizaciones ind\u00edgenas y campesinas?<\/strong><\/p>\n<p><iframe loading=\"lazy\" title=\"YouTube video player\" src=\"https:\/\/www.youtube.com\/embed\/dLo7Q3wF5oo\" width=\"560\" height=\"315\" frameborder=\"0\" allowfullscreen=\"allowfullscreen\"><\/iframe><\/p>\n<p style=\"text-align: justify;\"><strong>\u00bfQu\u00e9 posici\u00f3n tomar\u00e1 la FENOCIN frente a la anunciada pol\u00edtica de monetizaci\u00f3n de activos estrat\u00e9gicos?<\/strong><\/p>\n<p style=\"text-align: justify;\">No vamos a estar de acuerdo con que se venda las empresas p\u00fablicas como CNT. No vamos a estar de acuerdo con las concesiones que lesionen nuestro patrimonio como hizo Rafael Correa cuando por menos de 600 millones de d\u00f3lares permiti\u00f3 que CLARO lucre por 15 a\u00f1os de una turbia concesi\u00f3n. No vamos a estar de acuerdo con que se privatice la refiner\u00eda de Esmeraldas. Si la empresa privada quiere una refiner\u00eda o un puerto, pues que vengan, inviertan y construyan. No es justo que se aprovechen de la inversi\u00f3n que hizo el pueblo ecuatoriano para apoderarse de nuestros activos estrat\u00e9gicos. Vamos a oponernos a toda medida de despojo, no vamos a estar de acuerdo que se venda la riqueza nacional de esta manera.<\/p>\n<p style=\"text-align: justify;\"><strong>Vamos a finalizar la entrevista con una rueda de reconocimiento. Nosotros le diremos varias palabras y queremos que nos responda con una oraci\u00f3n corta sobre qu\u00e9 es lo que representan para usted. <\/strong><\/p>\n<p style=\"text-align: justify;\"><strong>Esmeraldas <\/strong><\/p>\n<p style=\"text-align: justify;\">Tierra de mi coraz\u00f3n, la llevo en mi coraz\u00f3n siempre.<\/p>\n<p style=\"text-align: justify;\"><strong>Familia <\/strong><\/p>\n<p style=\"text-align: justify;\">La fortaleza de un ser humano.<\/p>\n<p style=\"text-align: justify;\"><strong>FENOCIN <\/strong><\/p>\n<p style=\"text-align: justify;\">Mi familia m\u00e1s grande.<\/p>\n<p style=\"text-align: justify;\"><strong>Neoliberalismo<\/strong><\/p>\n<p style=\"text-align: justify;\">La muerte de los pobres.<\/p>\n<p style=\"text-align: justify;\"><strong>Interculturalidad <\/strong><\/p>\n<p style=\"text-align: justify;\">Posibilidad de encontrarnos y respetarnos.<\/p>\n<p style=\"text-align: justify;\"><strong>Petr\u00f3leo <\/strong><\/p>\n<p style=\"text-align: justify;\">Riqueza saqueada.<\/p>\n<p style=\"text-align: justify;\"><strong>Socialismo <\/strong><\/p>\n<p style=\"text-align: justify;\">Una esperanza.<\/p>\n<p><b>Entrevistas desarrolladas en el XIII Congreso de FENOCIN<\/b><\/p>\n<p><iframe loading=\"lazy\" title=\"YouTube video player\" src=\"https:\/\/www.youtube.com\/embed\/3REYD2k39Dc\" width=\"560\" height=\"315\" frameborder=\"0\" allowfullscreen=\"allowfullscreen\"><\/iframe> <iframe loading=\"lazy\" title=\"YouTube video player\" src=\"https:\/\/www.youtube.com\/embed\/whz4cEyaAZc\" width=\"560\" height=\"315\" frameborder=\"0\" allowfullscreen=\"allowfullscreen\"><\/iframe> <iframe loading=\"lazy\" title=\"YouTube video player\" src=\"https:\/\/www.youtube.com\/embed\/eTCt0NWw8p0\" width=\"560\" height=\"315\" frameborder=\"0\" allowfullscreen=\"allowfullscreen\"><\/iframe> <iframe loading=\"lazy\" title=\"YouTube video player\" src=\"https:\/\/www.youtube.com\/embed\/AIdGZNuekUY\" width=\"560\" height=\"315\" frameborder=\"0\" allowfullscreen=\"allowfullscreen\"><\/iframe><\/p>\n","protected":false},"excerpt":{"rendered":"<p>Entrevista de Opci\u00f3n S a Gary Espinoza, presidente electo de la Confederaci\u00f3n Nacional de Organizaciones Campesinas, Ind\u00edgenas y Negras (FENOCIN), en el marco de su XIII Congreso Nacional Ordinario, desarrollado el 23 y 24 de julio de 2021 en la parroquia de Cangahua, cant\u00f3n Cayambe, provincia de Pichincha. Cu\u00e9ntenos sobre<\/p>\n","protected":false},"author":3,"featured_media":6071,"comment_status":"open","ping_status":"open","sticky":false,"template":"","format":"standard","meta":[],"categories":[1],"tags":[],"yoast_head":"<!-- This site is optimized with the Yoast SEO plugin v14.3 - https:\/\/yoast.com\/wordpress\/plugins\/seo\/ -->\n<title>No me eligieron por ser negro, sino por mi trayectoria de lucha social. - Opci&oacute;n S<\/title>\n<meta name=\"robots\" content=\"index, follow\" \/>\n<meta name=\"googlebot\" content=\"index, follow, max-snippet:-1, max-image-preview:large, max-video-preview:-1\" \/>\n<meta name=\"bingbot\" content=\"index, follow, max-snippet:-1, max-image-preview:large, max-video-preview:-1\" \/>\n<link rel=\"canonical\" href=\"https:\/\/opcions.ec\/portal\/2021\/08\/07\/no-me-eligieron-por-ser-negro-sino-por-mi-trayectoria-de-lucha-social\/\" \/>\n<meta property=\"og:locale\" content=\"es_ES\" \/>\n<meta property=\"og:type\" content=\"article\" \/>\n<meta property=\"og:title\" content=\"No me eligieron por ser negro, sino por mi trayectoria de lucha social. - Opci&oacute;n S\" \/>\n<meta property=\"og:description\" content=\"Entrevista de Opci\u00f3n S a Gary Espinoza, presidente electo de la Confederaci\u00f3n Nacional de Organizaciones Campesinas, Ind\u00edgenas y Negras (FENOCIN), en el marco de su XIII Congreso Nacional Ordinario, desarrollado el 23 y 24 de julio de 2021 en la parroquia de Cangahua, cant\u00f3n Cayambe, provincia de Pichincha. Cu\u00e9ntenos sobre\" \/>\n<meta property=\"og:url\" content=\"https:\/\/opcions.ec\/portal\/2021\/08\/07\/no-me-eligieron-por-ser-negro-sino-por-mi-trayectoria-de-lucha-social\/\" \/>\n<meta property=\"og:site_name\" content=\"Opci&oacute;n S\" \/>\n<meta property=\"article:published_time\" content=\"2021-08-07T16:36:14+00:00\" \/>\n<meta property=\"article:modified_time\" content=\"2021-09-03T17:04:35+00:00\" \/>\n<meta property=\"og:image\" content=\"https:\/\/opcions.ec\/portal\/wp-content\/uploads\/2021\/08\/noticia-foto-8311-entrevista-gary-espinoza-martinez-fue-electo-presidente-de-fenocin.jpg\" \/>\n\t<meta property=\"og:image:width\" content=\"524\" \/>\n\t<meta property=\"og:image:height\" content=\"362\" \/>\n<meta name=\"twitter:card\" content=\"summary_large_image\" \/>\n<script type=\"application\/ld+json\" class=\"yoast-schema-graph\">{\"@context\":\"https:\/\/schema.org\",\"@graph\":[{\"@type\":\"WebSite\",\"@id\":\"https:\/\/opcions.ec\/portal\/#website\",\"url\":\"https:\/\/opcions.ec\/portal\/\",\"name\":\"Opci&oacute;n S\",\"description\":\"\",\"potentialAction\":[{\"@type\":\"SearchAction\",\"target\":\"https:\/\/opcions.ec\/portal\/?s={search_term_string}\",\"query-input\":\"required name=search_term_string\"}],\"inLanguage\":\"es\"},{\"@type\":\"ImageObject\",\"@id\":\"https:\/\/opcions.ec\/portal\/2021\/08\/07\/no-me-eligieron-por-ser-negro-sino-por-mi-trayectoria-de-lucha-social\/#primaryimage\",\"inLanguage\":\"es\",\"url\":\"https:\/\/opcions.ec\/portal\/wp-content\/uploads\/2021\/08\/noticia-foto-8311-entrevista-gary-espinoza-martinez-fue-electo-presidente-de-fenocin.jpg\",\"width\":524,\"height\":362},{\"@type\":\"WebPage\",\"@id\":\"https:\/\/opcions.ec\/portal\/2021\/08\/07\/no-me-eligieron-por-ser-negro-sino-por-mi-trayectoria-de-lucha-social\/#webpage\",\"url\":\"https:\/\/opcions.ec\/portal\/2021\/08\/07\/no-me-eligieron-por-ser-negro-sino-por-mi-trayectoria-de-lucha-social\/\",\"name\":\"No me eligieron por ser negro, sino por mi trayectoria de lucha social. - Opci&oacute;n S\",\"isPartOf\":{\"@id\":\"https:\/\/opcions.ec\/portal\/#website\"},\"primaryImageOfPage\":{\"@id\":\"https:\/\/opcions.ec\/portal\/2021\/08\/07\/no-me-eligieron-por-ser-negro-sino-por-mi-trayectoria-de-lucha-social\/#primaryimage\"},\"datePublished\":\"2021-08-07T16:36:14+00:00\",\"dateModified\":\"2021-09-03T17:04:35+00:00\",\"author\":{\"@id\":\"https:\/\/opcions.ec\/portal\/#\/schema\/person\/90f7bb3085e908fb37267da162fbd117\"},\"breadcrumb\":{\"@id\":\"https:\/\/opcions.ec\/portal\/2021\/08\/07\/no-me-eligieron-por-ser-negro-sino-por-mi-trayectoria-de-lucha-social\/#breadcrumb\"},\"inLanguage\":\"es\",\"potentialAction\":[{\"@type\":\"ReadAction\",\"target\":[\"https:\/\/opcions.ec\/portal\/2021\/08\/07\/no-me-eligieron-por-ser-negro-sino-por-mi-trayectoria-de-lucha-social\/\"]}]},{\"@type\":\"BreadcrumbList\",\"@id\":\"https:\/\/opcions.ec\/portal\/2021\/08\/07\/no-me-eligieron-por-ser-negro-sino-por-mi-trayectoria-de-lucha-social\/#breadcrumb\",\"itemListElement\":[{\"@type\":\"ListItem\",\"position\":1,\"item\":{\"@type\":\"WebPage\",\"@id\":\"https:\/\/opcions.ec\/portal\/\",\"url\":\"https:\/\/opcions.ec\/portal\/\",\"name\":\"Portada\"}},{\"@type\":\"ListItem\",\"position\":2,\"item\":{\"@type\":\"WebPage\",\"@id\":\"https:\/\/opcions.ec\/portal\/2021\/08\/07\/no-me-eligieron-por-ser-negro-sino-por-mi-trayectoria-de-lucha-social\/\",\"url\":\"https:\/\/opcions.ec\/portal\/2021\/08\/07\/no-me-eligieron-por-ser-negro-sino-por-mi-trayectoria-de-lucha-social\/\",\"name\":\"No me eligieron por ser negro, sino por mi trayectoria de lucha social.\"}}]},{\"@type\":[\"Person\"],\"@id\":\"https:\/\/opcions.ec\/portal\/#\/schema\/person\/90f7bb3085e908fb37267da162fbd117\",\"name\":\"Admin BC\",\"image\":{\"@type\":\"ImageObject\",\"@id\":\"https:\/\/opcions.ec\/portal\/#personlogo\",\"inLanguage\":\"es\",\"url\":\"https:\/\/secure.gravatar.com\/avatar\/ccd15cdf8f33b5c0ae18a03cf13f6bb2?s=96&d=mm&r=g\",\"caption\":\"Admin BC\"}}]}<\/script>\n<!-- \/ Yoast SEO plugin. -->","_links":{"self":[{"href":"https:\/\/opcions.ec\/portal\/wp-json\/wp\/v2\/posts\/6070"}],"collection":[{"href":"https:\/\/opcions.ec\/portal\/wp-json\/wp\/v2\/posts"}],"about":[{"href":"https:\/\/opcions.ec\/portal\/wp-json\/wp\/v2\/types\/post"}],"author":[{"embeddable":true,"href":"https:\/\/opcions.ec\/portal\/wp-json\/wp\/v2\/users\/3"}],"replies":[{"embeddable":true,"href":"https:\/\/opcions.ec\/portal\/wp-json\/wp\/v2\/comments?post=6070"}],"version-history":[{"count":6,"href":"https:\/\/opcions.ec\/portal\/wp-json\/wp\/v2\/posts\/6070\/revisions"}],"predecessor-version":[{"id":6142,"href":"https:\/\/opcions.ec\/portal\/wp-json\/wp\/v2\/posts\/6070\/revisions\/6142"}],"wp:featuredmedia":[{"embeddable":true,"href":"https:\/\/opcions.ec\/portal\/wp-json\/wp\/v2\/media\/6071"}],"wp:attachment":[{"href":"https:\/\/opcions.ec\/portal\/wp-json\/wp\/v2\/media?parent=6070"}],"wp:term":[{"taxonomy":"category","embeddable":true,"href":"https:\/\/opcions.ec\/portal\/wp-json\/wp\/v2\/categories?post=6070"},{"taxonomy":"post_tag","embeddable":true,"href":"https:\/\/opcions.ec\/portal\/wp-json\/wp\/v2\/tags?post=6070"}],"curies":[{"name":"wp","href":"https:\/\/api.w.org\/{rel}","templated":true}]}}