{"id":6047,"date":"2021-07-20T16:25:29","date_gmt":"2021-07-20T16:25:29","guid":{"rendered":"https:\/\/opcions.ec\/portal\/?p=6047"},"modified":"2021-07-20T16:51:15","modified_gmt":"2021-07-20T16:51:15","slug":"la-necesaria-reestructuracion-de-quito-honesto","status":"publish","type":"post","link":"https:\/\/opcions.ec\/portal\/2021\/07\/20\/la-necesaria-reestructuracion-de-quito-honesto\/","title":{"rendered":"La necesaria reestructuraci\u00f3n de Quito Honesto"},"content":{"rendered":"<p style=\"text-align: right;\"><strong>Dayana Le\u00f3n Franco<\/strong><\/p>\n<p style=\"text-align: justify;\">El Tribunal Contencioso Electoral ratific\u00f3, el jueves 1 de julio de 2021, la decisi\u00f3n del Concejo Metropolitano de Quito sobre la remoci\u00f3n de Jorge Yunda como alcalde de la capital y cuya defensa realiz\u00f3 la solicitud de un recurso de aclaraci\u00f3n o ampliaci\u00f3n, pero esto no implic\u00f3 que se modifique la sentencia del TCE, donde los fallos y las resoluciones de este \u00f3rgano constituyen, por Constituci\u00f3n, jurisprudencia electoral y son de \u00faltima instancia y de inmediato cumplimiento. Por otra parte, se revocaron las medidas cautelares, este lunes 19 de julio, que imped\u00edan la posesi\u00f3n de Santiago Guarderas como nuevo alcalde de la ciudad, quien tom\u00f3 posesi\u00f3n esa misma noche luego de la decisi\u00f3n de la justicia.<\/p>\n<blockquote>\n<p style=\"text-align: justify;\">Los acontecimientos sobre estos hechos deben convocar a la nueva Administraci\u00f3n Municipal a lo que se\u00f1al\u00f3 oportunamente la Comisi\u00f3n Nacional Anticorrupci\u00f3n en sus plataformas oficiales: es imperativo reorganizar a \u201c<em>Quito Honesto<\/em>\u201d y que se investigue la construcci\u00f3n del Metro de Quito y la presencia de Odebrecht en esta importante obra para la capital.<\/p>\n<\/blockquote>\n<p><center><\/p>\n<blockquote class=\"twitter-tweet\">\n<p dir=\"ltr\" lang=\"es\">Cambio de administraci\u00f3n en la Alcald\u00eda de Quito ser\u00e1 insuficiente si no se estructura un proyecto serio de ciudad.<a href=\"https:\/\/twitter.com\/hashtag\/EcuadorSinCorrupci%C3%B3n?src=hash&amp;ref_src=twsrc%5Etfw\">#EcuadorSinCorrupci\u00f3n<\/a> \u2935\ufe0f <a href=\"https:\/\/t.co\/UDLhmYRPqH\">pic.twitter.com\/UDLhmYRPqH<\/a><\/p>\n<p>\u2014 Anticorrupcion.Ec (@CNACEcuador) <a href=\"https:\/\/twitter.com\/CNACEcuador\/status\/1417484278162731026?ref_src=twsrc%5Etfw\">July 20, 2021<\/a><\/p><\/blockquote>\n<p><script async=\"\" src=\"https:\/\/platform.twitter.com\/widgets.js\" charset=\"utf-8\"><\/script><\/p>\n<p><\/center><\/p>\n<p style=\"text-align: justify;\">En el contexto se\u00f1alado, la reorganizaci\u00f3n de <em>Quito Honesto<\/em> es imprescindible, pues su reestructuraci\u00f3n es inminente en el \u00e1mbito de la independencia y de los mecanismos que garantizan su funcionamiento institucional. Porque, en los discursos de cada uno de los integrantes del Concejo Metropolitano durante el proceso de remoci\u00f3n de Jorge Yunda, hablaban de la situaci\u00f3n del Municipio de Quito, pero quiz\u00e1s falt\u00f3 una contundente autocr\u00edtica con respecto de los objetivos, la conformaci\u00f3n, el \u00e1mbito de acci\u00f3n y los deberes de la Comisi\u00f3n Metropolitana de Lucha contra la Corrupci\u00f3n (<em>Quito Honesto<\/em>), establecidos -entre otros-\u00a0 en los art\u00edculos I.2.169 al I.2.178 del C\u00f3digo Municipal para el Distrito Metropolitano de Quito.<\/p>\n<p style=\"text-align: justify;\"><em>Quito Honesto<\/em> fue una gran iniciativa cuyo primer presidente fue Sim\u00f3n Espinosa Cordero, que en el periodo comprendido entre los a\u00f1os 2002 y 2009, cumpli\u00f3 un rol importante para \u201ctransparentar la contrataci\u00f3n municipal, poner al alcance del p\u00fablico la informaci\u00f3n metropolitana y a dise\u00f1ar el sistema de rendici\u00f3n de cuentas con los concejales\u201d (La Hora, 2008).<\/p>\n<p style=\"text-align: justify;\">En la actualidad, el Pleno de esta Comisi\u00f3n se integra por un representante del alcalde Metropolitano de Quito, un docente de las universidades con legal actuaci\u00f3n en el Distrito, una persona de la sociedad civil, un profesional afiliado a una de las C\u00e1maras de la Producci\u00f3n que operen en la capital, un profesional miembro de la C\u00e1mara de la Construcci\u00f3n de Quito o de los Colegios Profesionales de Arquitectos e Ingenieros de Pichincha. La normativa actual se\u00f1ala que al representante del alcalde y su suplente lo nombra el Alcalde; mientras que a los dem\u00e1s integrantes los designa el Presidente de la Comisi\u00f3n mediante ternas. (Art\u00edculo I.2.175 &#8211; C\u00f3digo Municipal para el Distrito Metropolitano de Quito).<\/p>\n<p style=\"text-align: justify;\">Un detalle que llama la atenci\u00f3n es que al Presidente de <em>Quito Honesto<\/em> lo elige el Alcalde, de ah\u00ed la importancia de ir hacia una efectiva restructuraci\u00f3n para que se contribuya a una legitimidad de origen y ejercicio, debido a que debe fortalecer su accionar porque, cuando ingresan a su portal <a href=\"http:\/\/www.quitohonesto.gob.ec\">www.quitohonesto.gob.ec<\/a>, se evidencia el poder que tiene este espacio desde su <a href=\"http:\/\/www.quitohonesto.gob.ec\/index.php\/institucion\/mision-y-vision\">misi\u00f3n y visi\u00f3n<\/a>: <em>\u201cprevenir, identificar e investigar las acciones u omisiones que implicaren corrupci\u00f3n en todas las entidades y dependencias del Municipio Metropolitano de Quito\u201d.<\/em><\/p>\n<blockquote>\n<p style=\"text-align: justify;\">La lucha anticorrupci\u00f3n no puede caminar \u00fanicamente a partir de la denuncia sobre hechos consumados, sino en la prevenci\u00f3n oportuna.<\/p>\n<\/blockquote>\n<p style=\"text-align: justify;\">En esta perspectiva, <em>Quito Honesto<\/em> deber\u00eda dar respuestas ante los habitantes de la ciudad y ante el Concejo Metropolitano sobre el estado actual de las denuncias vinculadas con los mercados, los contratos en las diferentes dependencias del Municipio, lo relacionado con la constructora Odebrecht, el proceso de planificaci\u00f3n y ejecuci\u00f3n del Metro de Quito, por poner algunos ejemplos.<\/p>\n<p><img loading=\"lazy\" class=\"aligncenter size-full wp-image-6050\" src=\"https:\/\/opcions.ec\/portal\/wp-content\/uploads\/2021\/07\/dyn3.png\" alt=\"\" width=\"1013\" height=\"588\" srcset=\"https:\/\/opcions.ec\/portal\/wp-content\/uploads\/2021\/07\/dyn3.png 1013w, https:\/\/opcions.ec\/portal\/wp-content\/uploads\/2021\/07\/dyn3-300x174.png 300w, https:\/\/opcions.ec\/portal\/wp-content\/uploads\/2021\/07\/dyn3-768x446.png 768w\" sizes=\"(max-width: 1013px) 100vw, 1013px\" \/><\/p>\n<p style=\"text-align: justify;\">\u00bfQueremos \u00fanicamente que se sancionen a los corruptos o trabajar por una sociedad que frene a tiempo cualquier acto ilegal que implique el uso de recursos p\u00fablicos para beneficios particulares? Esto tambi\u00e9n implica pol\u00edticas claras para la protecci\u00f3n de los denunciantes al interior de las instituciones p\u00fablicas.<\/p>\n<blockquote>\n<p style=\"text-align: justify;\">La concepci\u00f3n de <em>Quito Honesto<\/em> -creado durante la Alcald\u00eda de Paco Moncayo- es imprescindible y no debe desaparecer, incluso, cada Gobierno Aut\u00f3nomo Descentralizado deber\u00eda tener esta estructura similar para combatir frontalmente la corrupci\u00f3n.<\/p>\n<\/blockquote>\n<p style=\"text-align: justify;\">Sin embargo, debe repensarse su conformaci\u00f3n y financiamiento desde las nuevas realidades y como una lecci\u00f3n aprendida luego de los hechos acontecidos en la capital. Me hubiese gustado escuchar en la sesi\u00f3n del pasado 2 de junio del 2021 a sus <a href=\"http:\/\/www.quitohonesto.gob.ec\/index.php\/comisionados\">Comisionados<\/a> en Pleno hablar sobre estos temas, con elementos que aportaran a la toma de decisiones del Concejo Metropolitano, a prop\u00f3sito del proceso de remoci\u00f3n del ex Alcalde Jorge Yunda.<\/p>\n<p style=\"text-align: justify;\">Ser la entidad Municipal de referencia en la prevenci\u00f3n, identificaci\u00f3n, control e investigaci\u00f3n de presuntos actos de corrupci\u00f3n, es la visi\u00f3n de <em>Quito Honesto<\/em>; pero, todo el proceso de remoci\u00f3n del entonces alcalde de la capital tambi\u00e9n dej\u00f3 algunas ense\u00f1anzas en este dif\u00edcil camino: que al final del d\u00eda la sociedad civil constituye la principal actor\u00eda ciudadana para desmontar la trama de corrupci\u00f3n.<\/p>\n<p style=\"text-align: justify;\"><strong>Referencias bibliogr\u00e1ficas: <\/strong><\/p>\n<ul style=\"text-align: justify;\">\n<li>C\u00f3digo Municipal para el Distrito Metropolitano de Quito (2019). T\u00edtulo VI. La Comisi\u00f3n Metropolitana de Lucha contra la Corrupci\u00f3n. Ordenanza Municipal 1. Registro Oficial Edici\u00f3n Especial 902 de 07-may.-2019. Ultima modificaci\u00f3n: 21-may.-2019.<\/li>\n<li>El Tel\u00e9grafo (2020) \u201cQuien va al servicio p\u00fablico debe servir al ciudadano\u201d. Dos exalcaldes de Quito analizan el fen\u00f3meno de la corrupci\u00f3n en el Municipio capitalino, donde se han descubierto m\u00faltiples irregularidades en contratos durante la pandemia. Disponible en la URL: <a href=\"https:\/\/www.eltelegrafo.com.ec\/noticias\/judicial\/12\/exalcaldes-municipio-quito\">https:\/\/www.eltelegrafo.com.ec\/noticias\/judicial\/12\/exalcaldes-municipio-quito<\/a><u>, <\/u>visitada el 19 de julio de 2021.<\/li>\n<li>La Hora (2008) Quito Honesto rindi\u00f3 cuentas. Disponible en la URL: <a href=\"https:\/\/lahora.com.ec\/noticia\/723976\/quito-honesto-rindic3b3-cuentas\">https:\/\/lahora.com.ec\/noticia\/723976\/quito-honesto-rindic3b3-cuentas<\/a>, visitada el 20 de julio de 2021.<\/li>\n<li>Plataformas oficiales de la Comisi\u00f3n Nacional Anticorrupci\u00f3n.<\/li>\n<li>Portal institucional de la Comisi\u00f3n Metropolitana de Lucha contra la Corrupci\u00f3n (Quito Honesto): <a href=\"http:\/\/www.quitohonesto.gob.ec\">quitohonesto.gob.ec<\/a><\/li>\n<\/ul>\n","protected":false},"excerpt":{"rendered":"<p>Dayana Le\u00f3n Franco El Tribunal Contencioso Electoral ratific\u00f3, el jueves 1 de julio de 2021, la decisi\u00f3n del Concejo Metropolitano de Quito sobre la remoci\u00f3n de Jorge Yunda como alcalde de la capital y cuya defensa realiz\u00f3 la solicitud de un recurso de aclaraci\u00f3n o ampliaci\u00f3n, pero esto no implic\u00f3<\/p>\n","protected":false},"author":3,"featured_media":6056,"comment_status":"open","ping_status":"open","sticky":false,"template":"","format":"standard","meta":[],"categories":[1],"tags":[],"yoast_head":"<!-- This site is optimized with the Yoast SEO plugin v14.3 - https:\/\/yoast.com\/wordpress\/plugins\/seo\/ -->\n<title>La necesaria reestructuraci\u00f3n de Quito Honesto - Opci&oacute;n S<\/title>\n<meta name=\"robots\" content=\"index, follow\" \/>\n<meta name=\"googlebot\" content=\"index, follow, max-snippet:-1, max-image-preview:large, max-video-preview:-1\" \/>\n<meta name=\"bingbot\" content=\"index, follow, max-snippet:-1, max-image-preview:large, max-video-preview:-1\" \/>\n<link rel=\"canonical\" href=\"https:\/\/opcions.ec\/portal\/2021\/07\/20\/la-necesaria-reestructuracion-de-quito-honesto\/\" \/>\n<meta property=\"og:locale\" content=\"es_ES\" \/>\n<meta property=\"og:type\" content=\"article\" \/>\n<meta property=\"og:title\" content=\"La necesaria reestructuraci\u00f3n de Quito Honesto - Opci&oacute;n S\" \/>\n<meta property=\"og:description\" content=\"Dayana Le\u00f3n Franco El Tribunal Contencioso Electoral ratific\u00f3, el jueves 1 de julio de 2021, la decisi\u00f3n del Concejo Metropolitano de Quito sobre la remoci\u00f3n de Jorge Yunda como alcalde de la capital y cuya defensa realiz\u00f3 la solicitud de un recurso de aclaraci\u00f3n o ampliaci\u00f3n, pero esto no implic\u00f3\" \/>\n<meta property=\"og:url\" content=\"https:\/\/opcions.ec\/portal\/2021\/07\/20\/la-necesaria-reestructuracion-de-quito-honesto\/\" \/>\n<meta property=\"og:site_name\" content=\"Opci&oacute;n S\" \/>\n<meta property=\"article:published_time\" content=\"2021-07-20T16:25:29+00:00\" \/>\n<meta property=\"article:modified_time\" content=\"2021-07-20T16:51:15+00:00\" \/>\n<meta property=\"og:image\" content=\"https:\/\/opcions.ec\/portal\/wp-content\/uploads\/2021\/07\/dyn4.jpg\" \/>\n\t<meta property=\"og:image:width\" content=\"512\" \/>\n\t<meta property=\"og:image:height\" content=\"285\" \/>\n<meta name=\"twitter:card\" content=\"summary_large_image\" \/>\n<script type=\"application\/ld+json\" class=\"yoast-schema-graph\">{\"@context\":\"https:\/\/schema.org\",\"@graph\":[{\"@type\":\"WebSite\",\"@id\":\"https:\/\/opcions.ec\/portal\/#website\",\"url\":\"https:\/\/opcions.ec\/portal\/\",\"name\":\"Opci&oacute;n S\",\"description\":\"\",\"potentialAction\":[{\"@type\":\"SearchAction\",\"target\":\"https:\/\/opcions.ec\/portal\/?s={search_term_string}\",\"query-input\":\"required name=search_term_string\"}],\"inLanguage\":\"es\"},{\"@type\":\"ImageObject\",\"@id\":\"https:\/\/opcions.ec\/portal\/2021\/07\/20\/la-necesaria-reestructuracion-de-quito-honesto\/#primaryimage\",\"inLanguage\":\"es\",\"url\":\"https:\/\/opcions.ec\/portal\/wp-content\/uploads\/2021\/07\/dyn4.jpg\",\"width\":512,\"height\":285},{\"@type\":\"WebPage\",\"@id\":\"https:\/\/opcions.ec\/portal\/2021\/07\/20\/la-necesaria-reestructuracion-de-quito-honesto\/#webpage\",\"url\":\"https:\/\/opcions.ec\/portal\/2021\/07\/20\/la-necesaria-reestructuracion-de-quito-honesto\/\",\"name\":\"La necesaria reestructuraci\\u00f3n de Quito Honesto - Opci&oacute;n S\",\"isPartOf\":{\"@id\":\"https:\/\/opcions.ec\/portal\/#website\"},\"primaryImageOfPage\":{\"@id\":\"https:\/\/opcions.ec\/portal\/2021\/07\/20\/la-necesaria-reestructuracion-de-quito-honesto\/#primaryimage\"},\"datePublished\":\"2021-07-20T16:25:29+00:00\",\"dateModified\":\"2021-07-20T16:51:15+00:00\",\"author\":{\"@id\":\"https:\/\/opcions.ec\/portal\/#\/schema\/person\/90f7bb3085e908fb37267da162fbd117\"},\"breadcrumb\":{\"@id\":\"https:\/\/opcions.ec\/portal\/2021\/07\/20\/la-necesaria-reestructuracion-de-quito-honesto\/#breadcrumb\"},\"inLanguage\":\"es\",\"potentialAction\":[{\"@type\":\"ReadAction\",\"target\":[\"https:\/\/opcions.ec\/portal\/2021\/07\/20\/la-necesaria-reestructuracion-de-quito-honesto\/\"]}]},{\"@type\":\"BreadcrumbList\",\"@id\":\"https:\/\/opcions.ec\/portal\/2021\/07\/20\/la-necesaria-reestructuracion-de-quito-honesto\/#breadcrumb\",\"itemListElement\":[{\"@type\":\"ListItem\",\"position\":1,\"item\":{\"@type\":\"WebPage\",\"@id\":\"https:\/\/opcions.ec\/portal\/\",\"url\":\"https:\/\/opcions.ec\/portal\/\",\"name\":\"Portada\"}},{\"@type\":\"ListItem\",\"position\":2,\"item\":{\"@type\":\"WebPage\",\"@id\":\"https:\/\/opcions.ec\/portal\/2021\/07\/20\/la-necesaria-reestructuracion-de-quito-honesto\/\",\"url\":\"https:\/\/opcions.ec\/portal\/2021\/07\/20\/la-necesaria-reestructuracion-de-quito-honesto\/\",\"name\":\"La necesaria reestructuraci\\u00f3n de Quito Honesto\"}}]},{\"@type\":[\"Person\"],\"@id\":\"https:\/\/opcions.ec\/portal\/#\/schema\/person\/90f7bb3085e908fb37267da162fbd117\",\"name\":\"Admin BC\",\"image\":{\"@type\":\"ImageObject\",\"@id\":\"https:\/\/opcions.ec\/portal\/#personlogo\",\"inLanguage\":\"es\",\"url\":\"https:\/\/secure.gravatar.com\/avatar\/ccd15cdf8f33b5c0ae18a03cf13f6bb2?s=96&d=mm&r=g\",\"caption\":\"Admin BC\"}}]}<\/script>\n<!-- \/ Yoast SEO plugin. -->","_links":{"self":[{"href":"https:\/\/opcions.ec\/portal\/wp-json\/wp\/v2\/posts\/6047"}],"collection":[{"href":"https:\/\/opcions.ec\/portal\/wp-json\/wp\/v2\/posts"}],"about":[{"href":"https:\/\/opcions.ec\/portal\/wp-json\/wp\/v2\/types\/post"}],"author":[{"embeddable":true,"href":"https:\/\/opcions.ec\/portal\/wp-json\/wp\/v2\/users\/3"}],"replies":[{"embeddable":true,"href":"https:\/\/opcions.ec\/portal\/wp-json\/wp\/v2\/comments?post=6047"}],"version-history":[{"count":4,"href":"https:\/\/opcions.ec\/portal\/wp-json\/wp\/v2\/posts\/6047\/revisions"}],"predecessor-version":[{"id":6055,"href":"https:\/\/opcions.ec\/portal\/wp-json\/wp\/v2\/posts\/6047\/revisions\/6055"}],"wp:featuredmedia":[{"embeddable":true,"href":"https:\/\/opcions.ec\/portal\/wp-json\/wp\/v2\/media\/6056"}],"wp:attachment":[{"href":"https:\/\/opcions.ec\/portal\/wp-json\/wp\/v2\/media?parent=6047"}],"wp:term":[{"taxonomy":"category","embeddable":true,"href":"https:\/\/opcions.ec\/portal\/wp-json\/wp\/v2\/categories?post=6047"},{"taxonomy":"post_tag","embeddable":true,"href":"https:\/\/opcions.ec\/portal\/wp-json\/wp\/v2\/tags?post=6047"}],"curies":[{"name":"wp","href":"https:\/\/api.w.org\/{rel}","templated":true}]}}