{"id":6010,"date":"2021-07-16T12:35:00","date_gmt":"2021-07-16T12:35:00","guid":{"rendered":"https:\/\/opcions.ec\/portal\/?p=6010"},"modified":"2021-08-01T01:52:22","modified_gmt":"2021-08-01T01:52:22","slug":"se-reactiva-el-viejo-sueno-americano-de-apoderarse-de-cuba","status":"publish","type":"post","link":"https:\/\/opcions.ec\/portal\/2021\/07\/16\/se-reactiva-el-viejo-sueno-americano-de-apoderarse-de-cuba\/","title":{"rendered":"\u00bfSe reactiva el viejo sue\u00f1o americano de apoderarse de Cuba?"},"content":{"rendered":"<h5 class=\"molongui-font-size-22-px\n\t        molongui-text-align-left                        molongui-text-case-none\" style=\"text-align: right;\"><strong>Manuel Salgado<\/strong><\/h5>\n<p style=\"text-align: justify;\">No deber\u00eda haberse armado un esc\u00e1ndalo publicitario por el calentamiento de las calles en Cuba pues el mundo vive, sin excepci\u00f3n, una crisis sin precedentes en la historia, en la que ahora se suman a los factores econ\u00f3micos los derivados de la pandemia del coronavirus. El Chile mod\u00e9lico de los neoliberales soport\u00f3 durante varios meses un estallido social y la democracia autoritaria en Colombia no ha disipado la profundidad de las movilizaciones populares. En tales circunstancias las movilizaciones ciudadanas registradas en Cuba, el domingo 11 de Julio, no hacen otra cosa que demostrar el descontento que prevalece en algunos sectores sociales como resultado de los efectos combinados de una larga crisis econ\u00f3mica a la que ahora se suman los impactos de la crisis sanitaria.<\/p>\n<p style=\"text-align: justify;\">Al presidente Miguel Diaz Canel le ha correspondido enfrentar una circunstancia hist\u00f3rica compleja, admitida en los informes de la CEPAL del 2020, \u00a0en la que se interrelacionan los efectos acumulados del endurecimiento del bloqueo econ\u00f3mico, comercial y financiero impuesto por Donald Trump, que adopt\u00f3 m\u00e1s de 240 medidas adicionales contra Cuba el 2019, que afectan el suministro de petr\u00f3leo, la llegada de turistas y el env\u00edo de remesas; agr\u00e9guese la \u00a0prolongaci\u00f3n de esas pol\u00edticas republicanas por el gobierno de Joe Biden, que no solo implica la paralizaci\u00f3n del aparato econ\u00f3mico sino tambi\u00e9n enfrentar los enormes gastos en medicamentos y otros equipos necesarios a los que Cuba no tiene f\u00e1cil acceso y, tercero, los efectos de la din\u00e1mica pol\u00edtica regional que le llevaron a Cuba a perder importantes aliados pol\u00edticos en la propia Am\u00e9rica Latina debido al giro conservador operado en los \u00faltimos procesos electorales.<\/p>\n<p style=\"text-align: justify;\"><strong>Joe Biden se aleja de la diplomacia de Obama.<\/strong><\/p>\n<p style=\"text-align: justify;\">La presencia en la Casa Blanca del dem\u00f3crata Joe Biden, llev\u00f3 a varios analistas internacionales a suponer que su pol\u00edtica de vecindad con Cuba dar\u00eda continuidad a la diplomacia de la distenci\u00f3n, iniciada el 17 de diciembre del 2014, por el expresidente Barack Obama y que llev\u00f3 al restablecimiento de las relaciones diplom\u00e1ticas entre los dos pa\u00edses el 20 de julio del 2015, luego de una ruptura que hab\u00eda durado m\u00e1s de medio siglo.<\/p>\n<blockquote>\n<p style=\"text-align: justify;\">La posici\u00f3n de Obama significaba una muestra de sensibilidad frente a las consecutivas demandas de la comunidad mundial que, en el seno de la Asamblea General de las Naciones Unidas, ha condenado el bloqueo contra Cuba en 29 ocasiones consecutivas.<\/p>\n<\/blockquote>\n<p style=\"text-align: justify;\">La opini\u00f3n p\u00fablica internacional recibi\u00f3 con entusiasmo esa postura que implicaba un cambio en el car\u00e1cter de las relaciones hemisf\u00e9ricas, pero, a\u00fan entonces, era dif\u00edcil saber si el presidente Obama, en los dos a\u00f1os que le quedaban de administraci\u00f3n, podr\u00eda desmontar todo el andamiaje jur\u00eddico que debe pasar por el Congreso, en el que los republicanos ten\u00edan una influencia considerable. En efecto, se restablecieron las relaciones, Obama y su familia visitaron Cuba, pero el principal problema: el bloqueo econ\u00f3mico, comercial y financiero destinado a rendir por hambre al pueblo cubano y liquidar su revoluci\u00f3n qued\u00f3 intacto. Peor a\u00fan, luego se hizo del poder esa genuina reencarnaci\u00f3n de \u201cel maligno\u201d, Donald Trump, que adopt\u00f3 m\u00e1s de 240 medidas adicionales para profundizar el bloqueo.<\/p>\n<p style=\"text-align: justify;\">\u201c<strong>Nuestro destino es poseer Cuba\u201d.<\/strong><\/p>\n<p style=\"text-align: justify;\">S\u00f3lo quienes padecen de una lamentable ignorancia pueden afirmar que a los Estados Unidos de Am\u00e9rica le interesa implantar la democracia, la libertad y el progreso en Cuba. La historia demuestra que el inter\u00e9s americano por apoderarse de Cuba no data de los \u00faltimos 62 a\u00f1os. El senador Stephen Douglas, que pas\u00f3 a la historia con sus debates con Abraham Lincoln, habr\u00eda se\u00f1alado: <em>\u201cNuestro destino es poseer Cuba y es una locura discutir esta cuesti\u00f3n\u201d<\/em>. A\u00f1os m\u00e1s tarde, una comisi\u00f3n gubernamental formada por los embajadores Pierre Saul\u00e9, James Buchanam y Jhon Mason redactaron el \u201cmanifiesto de Ostente\u201d en el que proclamaban <em>\u201cque los Estados Unidos deb\u00edan comprar Cuba\u201d<\/em> y, <em>\u201cSi Espa\u00f1a se negaba a vender la Isla, los Estados Unidos ten\u00edan que apoderarse de ella por la fuerza\u201d.<\/em> Expresaban de este modo un inter\u00e9s particular de los esclavistas del sur de la Uni\u00f3n, pero tambi\u00e9n de algunos jefes militares del norte. Estos intereses eran coincidentes adem\u00e1s con los de un sector de la burgues\u00eda cubana que era partidaria de la anexi\u00f3n a los Estados Unidos. Frente a ellos, con una fuerza creciente estaban los sectores nacionalistas y patri\u00f3ticos, dirigidos por Jos\u00e9 Mart\u00ed, quien advirti\u00f3 el peligro que significaba para Cuba y nuestra Am\u00e9rica el expansionismo norteamericano. Tres a\u00f1os despu\u00e9s de la muerte en Combate de Mart\u00ed, el 15 de febrero de 1898, se produjo la explosi\u00f3n del Maine en el Puerto de La Habana, en el que perecieron 270 de sus 300 tripulantes, fue la provocaci\u00f3n perfecta para el inicio de la guerra americana contra Espa\u00f1a. Las tropas americanas desembarcaron en Cuba entre el 20 y el 25 de junio de 1898. Los 200 mil soldados espa\u00f1oles no presentaron la resistencia que se pod\u00eda esperar. El 30 de julio del presidente Mckinley dict\u00f3 las condiciones: evacuaci\u00f3n inmediata y abandono definitivo de Cuba, cesi\u00f3n a los Estados Unidos de Puerto Rico, as\u00ed como de la isla de Guam en el Pac\u00edfico, y por \u00faltimo la ocupaci\u00f3n de la ciudad y el puerto de Manila en Filipinas.<\/p>\n<p style=\"text-align: justify;\"><strong>La ocupaci\u00f3n militar de Cuba y la Enmienda Plat.<\/strong><\/p>\n<p style=\"text-align: justify;\">La capitulaci\u00f3n militar de Espa\u00f1a dio paso a la ocupaci\u00f3n militar de Cuba que se prolong\u00f3 hasta 1902. Durante esa fase, en 1901, se realiz\u00f3 en Cuba una Asamblea Constituyente que dict\u00f3 la Ley fundamental, pero las condiciones imperantes llevaron a incorporar en el texto una enmienda, votada por el Senado americano, a propuesta del senador Orville H. Plat que dispon\u00eda: \u201cEl gobierno de Cuba concede a Estados Unidos el derecho de intervenir para garantizar la independencia y para ayudar a todo gobierno a proteger las vidas, la propiedad y la libertad individual\u201d. Esta Enmienda, que estuvo vigente hasta mayo de 1934, permiti\u00f3 la intervenci\u00f3n militar del Imperio y el despojo, vigente hasta hoy, de una franja de territorio cubano para implantar la Base de Guant\u00e1namo y la apropiaci\u00f3n de los recursos econ\u00f3micos fundamentales del pa\u00eds.<\/p>\n<p style=\"text-align: justify;\"><strong>Independencia nacional y socialismo en Cuba.<\/strong><\/p>\n<p style=\"text-align: justify;\"><img loading=\"lazy\" class=\"aligncenter size-full wp-image-6012\" src=\"https:\/\/opcions.ec\/portal\/wp-content\/uploads\/2021\/07\/mst2.jpg\" alt=\"\" width=\"980\" height=\"600\" srcset=\"https:\/\/opcions.ec\/portal\/wp-content\/uploads\/2021\/07\/mst2.jpg 980w, https:\/\/opcions.ec\/portal\/wp-content\/uploads\/2021\/07\/mst2-300x184.jpg 300w, https:\/\/opcions.ec\/portal\/wp-content\/uploads\/2021\/07\/mst2-768x470.jpg 768w\" sizes=\"(max-width: 980px) 100vw, 980px\" \/><\/p>\n<p style=\"text-align: justify;\">Las fuerzas nacionalistas y patri\u00f3ticas cubanas nunca dejaron de luchar contra la gran potencia colonial del norte y el m\u00e9rito hist\u00f3rico de la llamada \u201cGeneraci\u00f3n del Centenario\u201d, encabezada por Fidel Castro, es el de haber logrado por vez primera la independencia nacional, en una gesta comparable a la que cumplieron en los pa\u00edses andinos Sim\u00f3n Bol\u00edvar y Antonio Jos\u00e9 de Sucre, pero adem\u00e1s, el pueblo cubano fue capaz de derrotar la invasi\u00f3n militar organizada por los Estados Unidos en Playa Gir\u00f3n, en abril de 1961, para convertirse en el primer territorio libre de Am\u00e9rica y proclamar el car\u00e1cter socialista de su revoluci\u00f3n.<\/p>\n<p style=\"text-align: justify;\">El 6 de julio de 1960, apenas un a\u00f1o y medio despu\u00e9s del triunfo, los Estados Unidos imponen sanciones econ\u00f3micas a Cuba que se profundizan desde el 7 de febrero de 1962. Se trata del bloqueo econ\u00f3mico, comercial y financiero m\u00e1s largo de la historia de la humanidad, impuesto a Cuba como una pol\u00edtica genocida que busca rendir al pueblo por hambre para derrocar a su gobierno.<\/p>\n<blockquote>\n<p style=\"text-align: justify;\">Estimaciones de acad\u00e9micos se\u00f1alan que las p\u00e9rdidas causadas a Cuba por el bloqueo durante 60 a\u00f1os superan los 140.000 millones de d\u00f3lares.<\/p>\n<\/blockquote>\n<p style=\"text-align: justify;\">Cuba en sus 62 a\u00f1os de revoluci\u00f3n ha escrito varias p\u00e1ginas de gloria que le han ganado la admiraci\u00f3n y el cari\u00f1o de la humanidad irredenta: elimin\u00f3 el analfabetismo y tiene uno de los niveles educativos m\u00e1s altos del mundo; tiene uno de los sistemas de salubridad m\u00e1s eficientes del planeta; es el \u00fanico pa\u00eds de Am\u00e9rica Latina que ha sido capaz de desarrollar vacunas para enfrentar al Covid 19; brigadas de m\u00e9dicos cubanos han colaborado en 70 pa\u00edses del mundo subdesarrollado; sus deportistas, durante dos d\u00e9cadas, transformaron a Cuba en la cuarta potencia deportiva en los Juegos Ol\u00edmpicos; sus trabajadores durante dos d\u00e9cadas lograron niveles de crecimiento econ\u00f3mico que elevaron los niveles de vida.<\/p>\n<p style=\"text-align: justify;\"><strong>El doble bloqueo contra Cuba.<\/strong><\/p>\n<p style=\"text-align: justify;\">Pero Cuba es un archipi\u00e9lago de 110.000 km2, con unos 12 millones de habitantes, ubicados a 90 millas del mayor Imperio econ\u00f3mico y militar de la historia y due\u00f1a de limitados recursos materiales. Un pa\u00eds peque\u00f1o y pobre que ha soportado con estoicismo un doble bloqueo, primero el impuesto por los Estados Unidos y, segundo, el que signific\u00f3 la implosi\u00f3n del campo socialista. Como dec\u00eda Fidel: \u201cCuba sufri\u00f3 un golpe anonadante cuando, de un d\u00eda para otro, se derrumb\u00f3 la gran potencia. Cuba se qued\u00f3 sola, solita, \u201cse perdieron todos los mercados y dejamos de recibir v\u00edveres, combustibles, hasta la madera con que darles cristiana sepultura a nuestros muertos,\u201d \u201clos mercados y fuentes de suministros fundamentales desaparecieron abruptamente. El consumo de calor\u00edas y prote\u00ednas se redujo a la mitad\u201d. Como era previsible los Estados Unidos arreciaron el bloqueo con las leyes Torricelli y Helms Burton para dar el golpe de gracia al socialismo cubano. Todo el mundo cre\u00eda que la ca\u00edda de Cuba era inminente e inevitable, pero Cuba resisti\u00f3 y resiste, aunque en medio de dificultades evidentes.<\/p>\n<p style=\"text-align: justify;\"><img loading=\"lazy\" class=\"aligncenter size-full wp-image-6013\" src=\"https:\/\/opcions.ec\/portal\/wp-content\/uploads\/2021\/07\/mst3.jpg\" alt=\"\" width=\"1024\" height=\"576\" srcset=\"https:\/\/opcions.ec\/portal\/wp-content\/uploads\/2021\/07\/mst3.jpg 1024w, https:\/\/opcions.ec\/portal\/wp-content\/uploads\/2021\/07\/mst3-300x169.jpg 300w, https:\/\/opcions.ec\/portal\/wp-content\/uploads\/2021\/07\/mst3-768x432.jpg 768w\" sizes=\"(max-width: 1024px) 100vw, 1024px\" \/><\/p>\n<p style=\"text-align: justify;\">La reconfiguraci\u00f3n del poder mundial, el fracaso del neoliberalismo y el surgimiento de los llamados gobiernos progresistas en Am\u00e9rica Latina permitieron a Cuba salvar sus conquistas hist\u00f3ricas apoy\u00e1ndose en las exportaciones de niquel, tabaco, az\u00facar, ron, acero y crust\u00e1ceos, en la creciente industria del turismo, en la venta de servicios profesionales m\u00e9dicos, docentes y de entrenadores deportivos, en las remesas de los migrantes. Pero las estad\u00edsticas demuestran un descenso en la producci\u00f3n de alimentos b\u00e1sicos, lo que explica la importaci\u00f3n de carnes, trigo, ma\u00edz, leche, soya y otros productos alimenticios; tambi\u00e9n se advierten limitaciones y carencias en esferas como la vivienda, el alcantarillado, la transportaci\u00f3n p\u00fablica, el servicio el\u00e9ctrico, a los que se suman impactos negativos en la atenci\u00f3n m\u00e9dica y la ense\u00f1anza. Sus principales socios comerciales son China, Espa\u00f1a, Alemania, Hong Kong, Portugal, Chipre, Suiza, B\u00e9lgica, Francia y Brasil que son el destino de sus exportaciones.<\/p>\n<blockquote>\n<p style=\"text-align: justify;\">Ecuador tiene un modesto intercambio comercial con Cuba. Exportamos a Cuba grasas y aceites vegetales, sardinas y tableros de madera, mientras le compramos a Cuba, medicinas, gallos y ron.<\/p>\n<\/blockquote>\n<p style=\"text-align: justify;\"><strong>Cuba es una creaci\u00f3n colectiva.<\/strong><\/p>\n<p style=\"text-align: justify;\">La supervivencia de Cuba y su enorme contribuci\u00f3n filos\u00f3fica y \u00e9tica al proceso de emancipaci\u00f3n de la humanidad son hechos que ning\u00fan ser humano honesto puede dejar de reconocer. Son hijos de Cuba el desarrollo de una creciente conciencia latinoamericana y la cuasi derrota del panamericanismo y la OEA. Y ning\u00fan otro pueblo hizo tanto por el derrumbe del sistema colonial y el racismo en el \u00c1frica.<\/p>\n<p style=\"text-align: justify;\">El propio Fidel sab\u00eda que hacer una Revoluci\u00f3n en Cuba era una tarea bien dif\u00edcil, pero que fue posible por hero\u00edsmo colectivo de su pueblo y el sacrificio de muchas personas, a lo largo de muchos a\u00f1os, en muchas partes del mundo.<\/p>\n<p style=\"text-align: justify;\">La suma de factores mencionados, sumados a los impactos de la pandemia, han determinado que el poderoso Imperio, cuando se cumple un a\u00f1o y medio de la pandemia, arrecien la persecuci\u00f3n financiera, econ\u00f3mica, comercial y energ\u00e9tica contra Cuba, con el objeto de provocar una convulsi\u00f3n social interna para convocar \u201cmisiones humanitarias\u201d que se traduzcan en invasiones e injerencias militares, como lo hicieron en Hait\u00ed en a\u00f1os pasados.<\/p>\n<blockquote>\n<p style=\"text-align: justify;\">Pero el destino de Cuba est\u00e1 en manos de su pueblo y su gobierno, ellos deben hacer los cambios y rectificaciones que sean necesarias en su sistema econ\u00f3mico, que parece ser la materia pendiente.<\/p>\n<\/blockquote>\n<p style=\"text-align: justify;\">Pero es una necedad, a la luz de la historia lejana y m\u00e1s reciente, esperar que las \u00e9lites de la gran potencia del norte atiendan el clamor mundial y resuelvan el cese del criminal bloqueo. En tales circunstancias el pueblo del Ecuador deber\u00eda ser el epicentro de una movilizaci\u00f3n latinoamericana y global de solidaridad con Cuba, que parta de su derecho a la soberan\u00eda y la autodeterminaci\u00f3n, y que rechace de modo frontal cualquier intento de intervenci\u00f3n militar imperialista.<\/p>\n<p style=\"text-align: justify;\"><a href=\"#_ftnref1\" name=\"_ftn1\"><\/a><\/p>\n","protected":false},"excerpt":{"rendered":"<p>Manuel Salgado No deber\u00eda haberse armado un esc\u00e1ndalo publicitario por el calentamiento de las calles en Cuba pues el mundo vive, sin excepci\u00f3n, una crisis sin precedentes en la historia, en la que ahora se suman a los factores econ\u00f3micos los derivados de la pandemia del coronavirus. El Chile mod\u00e9lico<\/p>\n","protected":false},"author":3,"featured_media":6011,"comment_status":"open","ping_status":"open","sticky":false,"template":"","format":"standard","meta":[],"categories":[1],"tags":[],"yoast_head":"<!-- This site is optimized with the Yoast SEO plugin v14.3 - https:\/\/yoast.com\/wordpress\/plugins\/seo\/ -->\n<title>\u00bfSe reactiva el viejo sue\u00f1o americano de apoderarse de Cuba? - Opci&oacute;n S<\/title>\n<meta name=\"robots\" content=\"index, follow\" \/>\n<meta name=\"googlebot\" content=\"index, follow, max-snippet:-1, max-image-preview:large, max-video-preview:-1\" \/>\n<meta name=\"bingbot\" content=\"index, follow, max-snippet:-1, max-image-preview:large, max-video-preview:-1\" \/>\n<link rel=\"canonical\" href=\"https:\/\/opcions.ec\/portal\/2021\/07\/16\/se-reactiva-el-viejo-sueno-americano-de-apoderarse-de-cuba\/\" \/>\n<meta property=\"og:locale\" content=\"es_ES\" \/>\n<meta property=\"og:type\" content=\"article\" \/>\n<meta property=\"og:title\" content=\"\u00bfSe reactiva el viejo sue\u00f1o americano de apoderarse de Cuba? - Opci&oacute;n S\" \/>\n<meta property=\"og:description\" content=\"Manuel Salgado No deber\u00eda haberse armado un esc\u00e1ndalo publicitario por el calentamiento de las calles en Cuba pues el mundo vive, sin excepci\u00f3n, una crisis sin precedentes en la historia, en la que ahora se suman a los factores econ\u00f3micos los derivados de la pandemia del coronavirus. El Chile mod\u00e9lico\" \/>\n<meta property=\"og:url\" content=\"https:\/\/opcions.ec\/portal\/2021\/07\/16\/se-reactiva-el-viejo-sueno-americano-de-apoderarse-de-cuba\/\" \/>\n<meta property=\"og:site_name\" content=\"Opci&oacute;n S\" \/>\n<meta property=\"article:published_time\" content=\"2021-07-16T12:35:00+00:00\" \/>\n<meta property=\"article:modified_time\" content=\"2021-08-01T01:52:22+00:00\" \/>\n<meta property=\"og:image\" content=\"https:\/\/opcions.ec\/portal\/wp-content\/uploads\/2021\/07\/mst1.jpg\" \/>\n\t<meta property=\"og:image:width\" content=\"700\" \/>\n\t<meta property=\"og:image:height\" content=\"394\" \/>\n<meta name=\"twitter:card\" content=\"summary_large_image\" \/>\n<script type=\"application\/ld+json\" class=\"yoast-schema-graph\">{\"@context\":\"https:\/\/schema.org\",\"@graph\":[{\"@type\":\"WebSite\",\"@id\":\"https:\/\/opcions.ec\/portal\/#website\",\"url\":\"https:\/\/opcions.ec\/portal\/\",\"name\":\"Opci&oacute;n S\",\"description\":\"\",\"potentialAction\":[{\"@type\":\"SearchAction\",\"target\":\"https:\/\/opcions.ec\/portal\/?s={search_term_string}\",\"query-input\":\"required name=search_term_string\"}],\"inLanguage\":\"es\"},{\"@type\":\"ImageObject\",\"@id\":\"https:\/\/opcions.ec\/portal\/2021\/07\/16\/se-reactiva-el-viejo-sueno-americano-de-apoderarse-de-cuba\/#primaryimage\",\"inLanguage\":\"es\",\"url\":\"https:\/\/opcions.ec\/portal\/wp-content\/uploads\/2021\/07\/mst1.jpg\",\"width\":700,\"height\":394},{\"@type\":\"WebPage\",\"@id\":\"https:\/\/opcions.ec\/portal\/2021\/07\/16\/se-reactiva-el-viejo-sueno-americano-de-apoderarse-de-cuba\/#webpage\",\"url\":\"https:\/\/opcions.ec\/portal\/2021\/07\/16\/se-reactiva-el-viejo-sueno-americano-de-apoderarse-de-cuba\/\",\"name\":\"\\u00bfSe reactiva el viejo sue\\u00f1o americano de apoderarse de Cuba? - Opci&oacute;n S\",\"isPartOf\":{\"@id\":\"https:\/\/opcions.ec\/portal\/#website\"},\"primaryImageOfPage\":{\"@id\":\"https:\/\/opcions.ec\/portal\/2021\/07\/16\/se-reactiva-el-viejo-sueno-americano-de-apoderarse-de-cuba\/#primaryimage\"},\"datePublished\":\"2021-07-16T12:35:00+00:00\",\"dateModified\":\"2021-08-01T01:52:22+00:00\",\"author\":{\"@id\":\"https:\/\/opcions.ec\/portal\/#\/schema\/person\/90f7bb3085e908fb37267da162fbd117\"},\"breadcrumb\":{\"@id\":\"https:\/\/opcions.ec\/portal\/2021\/07\/16\/se-reactiva-el-viejo-sueno-americano-de-apoderarse-de-cuba\/#breadcrumb\"},\"inLanguage\":\"es\",\"potentialAction\":[{\"@type\":\"ReadAction\",\"target\":[\"https:\/\/opcions.ec\/portal\/2021\/07\/16\/se-reactiva-el-viejo-sueno-americano-de-apoderarse-de-cuba\/\"]}]},{\"@type\":\"BreadcrumbList\",\"@id\":\"https:\/\/opcions.ec\/portal\/2021\/07\/16\/se-reactiva-el-viejo-sueno-americano-de-apoderarse-de-cuba\/#breadcrumb\",\"itemListElement\":[{\"@type\":\"ListItem\",\"position\":1,\"item\":{\"@type\":\"WebPage\",\"@id\":\"https:\/\/opcions.ec\/portal\/\",\"url\":\"https:\/\/opcions.ec\/portal\/\",\"name\":\"Portada\"}},{\"@type\":\"ListItem\",\"position\":2,\"item\":{\"@type\":\"WebPage\",\"@id\":\"https:\/\/opcions.ec\/portal\/2021\/07\/16\/se-reactiva-el-viejo-sueno-americano-de-apoderarse-de-cuba\/\",\"url\":\"https:\/\/opcions.ec\/portal\/2021\/07\/16\/se-reactiva-el-viejo-sueno-americano-de-apoderarse-de-cuba\/\",\"name\":\"\\u00bfSe reactiva el viejo sue\\u00f1o americano de apoderarse de Cuba?\"}}]},{\"@type\":[\"Person\"],\"@id\":\"https:\/\/opcions.ec\/portal\/#\/schema\/person\/90f7bb3085e908fb37267da162fbd117\",\"name\":\"Admin BC\",\"image\":{\"@type\":\"ImageObject\",\"@id\":\"https:\/\/opcions.ec\/portal\/#personlogo\",\"inLanguage\":\"es\",\"url\":\"https:\/\/secure.gravatar.com\/avatar\/ccd15cdf8f33b5c0ae18a03cf13f6bb2?s=96&d=mm&r=g\",\"caption\":\"Admin BC\"}}]}<\/script>\n<!-- \/ Yoast SEO plugin. -->","_links":{"self":[{"href":"https:\/\/opcions.ec\/portal\/wp-json\/wp\/v2\/posts\/6010"}],"collection":[{"href":"https:\/\/opcions.ec\/portal\/wp-json\/wp\/v2\/posts"}],"about":[{"href":"https:\/\/opcions.ec\/portal\/wp-json\/wp\/v2\/types\/post"}],"author":[{"embeddable":true,"href":"https:\/\/opcions.ec\/portal\/wp-json\/wp\/v2\/users\/3"}],"replies":[{"embeddable":true,"href":"https:\/\/opcions.ec\/portal\/wp-json\/wp\/v2\/comments?post=6010"}],"version-history":[{"count":8,"href":"https:\/\/opcions.ec\/portal\/wp-json\/wp\/v2\/posts\/6010\/revisions"}],"predecessor-version":[{"id":6066,"href":"https:\/\/opcions.ec\/portal\/wp-json\/wp\/v2\/posts\/6010\/revisions\/6066"}],"wp:featuredmedia":[{"embeddable":true,"href":"https:\/\/opcions.ec\/portal\/wp-json\/wp\/v2\/media\/6011"}],"wp:attachment":[{"href":"https:\/\/opcions.ec\/portal\/wp-json\/wp\/v2\/media?parent=6010"}],"wp:term":[{"taxonomy":"category","embeddable":true,"href":"https:\/\/opcions.ec\/portal\/wp-json\/wp\/v2\/categories?post=6010"},{"taxonomy":"post_tag","embeddable":true,"href":"https:\/\/opcions.ec\/portal\/wp-json\/wp\/v2\/tags?post=6010"}],"curies":[{"name":"wp","href":"https:\/\/api.w.org\/{rel}","templated":true}]}}