{"id":6007,"date":"2021-07-13T23:11:07","date_gmt":"2021-07-13T23:11:07","guid":{"rendered":"https:\/\/opcions.ec\/portal\/?p=6007"},"modified":"2021-07-14T14:45:43","modified_gmt":"2021-07-14T14:45:43","slug":"union-nacional-de-educadores-en-huelga-de-hambre","status":"publish","type":"post","link":"https:\/\/opcions.ec\/portal\/2021\/07\/13\/union-nacional-de-educadores-en-huelga-de-hambre\/","title":{"rendered":"Uni\u00f3n Nacional de Educadores en huelga de hambre"},"content":{"rendered":"<p><span style=\"font-size: inherit; text-align: justify;\">Desde este lunes 12 de julio, la Uni\u00f3n Nacional de Educadores (UNE), se encuentra en huelga de hambre, como una medida para exigir que el Estado ratifique la Ley de Educaci\u00f3n Intercultural Biling\u00fce y que se incrementen los recursos para la educaci\u00f3n de nuestro pa\u00eds.<\/span><\/p>\n<p style=\"text-align: justify;\">Los maestros se encuentran apostados en las afueras de la Asamblea Nacional en Quito y se ha replicado esta medida en otras ciudades del pa\u00eds como Guayaquil, Cuenca y Portoviejo. Se conoce que la huelga de hambre tiene el car\u00e1cter de indefinido.<\/p>\n<p style=\"text-align: justify;\">Organizaciones como la Federaci\u00f3n de Estudiantes Universitarios, agrupaciones de comerciantes minoristas, de mujeres, entre otros sectores, han mostrado su respaldo a las acciones emprendidas por la UNE, para rechazar la pretensi\u00f3n del Gobierno de declarar inconstitucional esta normativa.<\/p>\n<p style=\"text-align: justify;\">Al respecto el Partido Socialista Ecuatoriano, a trav\u00e9s de sus cuentas oficiales, expresaron su solidaridad con el Magisterio Nacional, haciendo \u00e9nfasis en que la reforma educativa posibilita asegurar un sistema p\u00fablico de calidad y condiciones laborales dignas para los docentes y trabajadores de la educaci\u00f3n.<\/p>\n<p style=\"text-align: justify;\">La Uni\u00f3n Nacional de Educadores ha sido enf\u00e1tica en manifestar que el pa\u00eds necesita invertir en el sistema educativo, impulsar profundos cambios en lo pedag\u00f3gico, social, cultural y sobre todo que existan instrumentos que garanticen el derecho a la educaci\u00f3n y a la vida.<\/p>\n","protected":false},"excerpt":{"rendered":"<p>Desde este lunes 12 de julio, la Uni\u00f3n Nacional de Educadores (UNE), se encuentra en huelga de hambre, como una medida para exigir que el Estado ratifique la Ley de Educaci\u00f3n Intercultural Biling\u00fce y que se incrementen los recursos para la educaci\u00f3n de nuestro pa\u00eds. Los maestros se encuentran apostados<\/p>\n","protected":false},"author":3,"featured_media":6009,"comment_status":"open","ping_status":"open","sticky":false,"template":"","format":"standard","meta":[],"categories":[1],"tags":[],"yoast_head":"<!-- This site is optimized with the Yoast SEO plugin v14.3 - https:\/\/yoast.com\/wordpress\/plugins\/seo\/ -->\n<title>Uni\u00f3n Nacional de Educadores en huelga de hambre - Opci&oacute;n S<\/title>\n<meta name=\"robots\" content=\"index, follow\" \/>\n<meta name=\"googlebot\" content=\"index, follow, max-snippet:-1, max-image-preview:large, max-video-preview:-1\" \/>\n<meta name=\"bingbot\" content=\"index, follow, max-snippet:-1, max-image-preview:large, max-video-preview:-1\" \/>\n<link rel=\"canonical\" href=\"https:\/\/opcions.ec\/portal\/2021\/07\/13\/union-nacional-de-educadores-en-huelga-de-hambre\/\" \/>\n<meta property=\"og:locale\" content=\"es_ES\" \/>\n<meta property=\"og:type\" content=\"article\" \/>\n<meta property=\"og:title\" content=\"Uni\u00f3n Nacional de Educadores en huelga de hambre - Opci&oacute;n S\" \/>\n<meta property=\"og:description\" content=\"Desde este lunes 12 de julio, la Uni\u00f3n Nacional de Educadores (UNE), se encuentra en huelga de hambre, como una medida para exigir que el Estado ratifique la Ley de Educaci\u00f3n Intercultural Biling\u00fce y que se incrementen los recursos para la educaci\u00f3n de nuestro pa\u00eds. Los maestros se encuentran apostados\" \/>\n<meta property=\"og:url\" content=\"https:\/\/opcions.ec\/portal\/2021\/07\/13\/union-nacional-de-educadores-en-huelga-de-hambre\/\" \/>\n<meta property=\"og:site_name\" content=\"Opci&oacute;n S\" \/>\n<meta property=\"article:published_time\" content=\"2021-07-13T23:11:07+00:00\" \/>\n<meta property=\"article:modified_time\" content=\"2021-07-14T14:45:43+00:00\" \/>\n<meta property=\"og:image\" content=\"https:\/\/opcions.ec\/portal\/wp-content\/uploads\/2021\/07\/une_huelga_hambre.jpg\" \/>\n\t<meta property=\"og:image:width\" content=\"1200\" \/>\n\t<meta property=\"og:image:height\" content=\"633\" \/>\n<meta name=\"twitter:card\" content=\"summary_large_image\" \/>\n<script type=\"application\/ld+json\" class=\"yoast-schema-graph\">{\"@context\":\"https:\/\/schema.org\",\"@graph\":[{\"@type\":\"WebSite\",\"@id\":\"https:\/\/opcions.ec\/portal\/#website\",\"url\":\"https:\/\/opcions.ec\/portal\/\",\"name\":\"Opci&oacute;n S\",\"description\":\"\",\"potentialAction\":[{\"@type\":\"SearchAction\",\"target\":\"https:\/\/opcions.ec\/portal\/?s={search_term_string}\",\"query-input\":\"required name=search_term_string\"}],\"inLanguage\":\"es\"},{\"@type\":\"ImageObject\",\"@id\":\"https:\/\/opcions.ec\/portal\/2021\/07\/13\/union-nacional-de-educadores-en-huelga-de-hambre\/#primaryimage\",\"inLanguage\":\"es\",\"url\":\"https:\/\/opcions.ec\/portal\/wp-content\/uploads\/2021\/07\/une_huelga_hambre.jpg\",\"width\":1200,\"height\":633},{\"@type\":\"WebPage\",\"@id\":\"https:\/\/opcions.ec\/portal\/2021\/07\/13\/union-nacional-de-educadores-en-huelga-de-hambre\/#webpage\",\"url\":\"https:\/\/opcions.ec\/portal\/2021\/07\/13\/union-nacional-de-educadores-en-huelga-de-hambre\/\",\"name\":\"Uni\\u00f3n Nacional de Educadores en huelga de hambre - Opci&oacute;n S\",\"isPartOf\":{\"@id\":\"https:\/\/opcions.ec\/portal\/#website\"},\"primaryImageOfPage\":{\"@id\":\"https:\/\/opcions.ec\/portal\/2021\/07\/13\/union-nacional-de-educadores-en-huelga-de-hambre\/#primaryimage\"},\"datePublished\":\"2021-07-13T23:11:07+00:00\",\"dateModified\":\"2021-07-14T14:45:43+00:00\",\"author\":{\"@id\":\"https:\/\/opcions.ec\/portal\/#\/schema\/person\/90f7bb3085e908fb37267da162fbd117\"},\"breadcrumb\":{\"@id\":\"https:\/\/opcions.ec\/portal\/2021\/07\/13\/union-nacional-de-educadores-en-huelga-de-hambre\/#breadcrumb\"},\"inLanguage\":\"es\",\"potentialAction\":[{\"@type\":\"ReadAction\",\"target\":[\"https:\/\/opcions.ec\/portal\/2021\/07\/13\/union-nacional-de-educadores-en-huelga-de-hambre\/\"]}]},{\"@type\":\"BreadcrumbList\",\"@id\":\"https:\/\/opcions.ec\/portal\/2021\/07\/13\/union-nacional-de-educadores-en-huelga-de-hambre\/#breadcrumb\",\"itemListElement\":[{\"@type\":\"ListItem\",\"position\":1,\"item\":{\"@type\":\"WebPage\",\"@id\":\"https:\/\/opcions.ec\/portal\/\",\"url\":\"https:\/\/opcions.ec\/portal\/\",\"name\":\"Portada\"}},{\"@type\":\"ListItem\",\"position\":2,\"item\":{\"@type\":\"WebPage\",\"@id\":\"https:\/\/opcions.ec\/portal\/2021\/07\/13\/union-nacional-de-educadores-en-huelga-de-hambre\/\",\"url\":\"https:\/\/opcions.ec\/portal\/2021\/07\/13\/union-nacional-de-educadores-en-huelga-de-hambre\/\",\"name\":\"Uni\\u00f3n Nacional de Educadores en huelga de hambre\"}}]},{\"@type\":[\"Person\"],\"@id\":\"https:\/\/opcions.ec\/portal\/#\/schema\/person\/90f7bb3085e908fb37267da162fbd117\",\"name\":\"Admin BC\",\"image\":{\"@type\":\"ImageObject\",\"@id\":\"https:\/\/opcions.ec\/portal\/#personlogo\",\"inLanguage\":\"es\",\"url\":\"https:\/\/secure.gravatar.com\/avatar\/ccd15cdf8f33b5c0ae18a03cf13f6bb2?s=96&d=mm&r=g\",\"caption\":\"Admin BC\"}}]}<\/script>\n<!-- \/ Yoast SEO plugin. -->","_links":{"self":[{"href":"https:\/\/opcions.ec\/portal\/wp-json\/wp\/v2\/posts\/6007"}],"collection":[{"href":"https:\/\/opcions.ec\/portal\/wp-json\/wp\/v2\/posts"}],"about":[{"href":"https:\/\/opcions.ec\/portal\/wp-json\/wp\/v2\/types\/post"}],"author":[{"embeddable":true,"href":"https:\/\/opcions.ec\/portal\/wp-json\/wp\/v2\/users\/3"}],"replies":[{"embeddable":true,"href":"https:\/\/opcions.ec\/portal\/wp-json\/wp\/v2\/comments?post=6007"}],"version-history":[{"count":1,"href":"https:\/\/opcions.ec\/portal\/wp-json\/wp\/v2\/posts\/6007\/revisions"}],"predecessor-version":[{"id":6008,"href":"https:\/\/opcions.ec\/portal\/wp-json\/wp\/v2\/posts\/6007\/revisions\/6008"}],"wp:featuredmedia":[{"embeddable":true,"href":"https:\/\/opcions.ec\/portal\/wp-json\/wp\/v2\/media\/6009"}],"wp:attachment":[{"href":"https:\/\/opcions.ec\/portal\/wp-json\/wp\/v2\/media?parent=6007"}],"wp:term":[{"taxonomy":"category","embeddable":true,"href":"https:\/\/opcions.ec\/portal\/wp-json\/wp\/v2\/categories?post=6007"},{"taxonomy":"post_tag","embeddable":true,"href":"https:\/\/opcions.ec\/portal\/wp-json\/wp\/v2\/tags?post=6007"}],"curies":[{"name":"wp","href":"https:\/\/api.w.org\/{rel}","templated":true}]}}