{"id":5679,"date":"2021-03-08T00:45:18","date_gmt":"2021-03-08T00:45:18","guid":{"rendered":"https:\/\/opcions.ec\/portal\/?p=5679"},"modified":"2021-03-08T00:45:19","modified_gmt":"2021-03-08T00:45:19","slug":"por-constituyentes-en-chile-desde-los-movimientos-sociales","status":"publish","type":"post","link":"https:\/\/opcions.ec\/portal\/2021\/03\/08\/por-constituyentes-en-chile-desde-los-movimientos-sociales\/","title":{"rendered":"Por constituyentes en Chile desde los movimientos sociales"},"content":{"rendered":"<p style=\"text-align: right;\"><strong>Andr\u00e9s Kogan Valderrama<\/strong><\/p>\n<p style=\"text-align: justify;\">A prop\u00f3sito del inicio de la campa\u00f1a electoral para la elecci\u00f3n de constituyentes el pr\u00f3ximo 11 de abril, luego de m\u00e1s de 200 a\u00f1os de historia de constituciones antidemocr\u00e1ticas, la discusi\u00f3n sobre quienes debieran ser las personas m\u00e1s indicadas para ser parte de la convenci\u00f3n constitucional se hace fundamental.<\/p>\n<p style=\"text-align: justify;\">Si bien la conformaci\u00f3n de esta convenci\u00f3n constitucional ser\u00e1 de car\u00e1cter paritaria y tendr\u00e1 esca\u00f1os reservados para los pueblos ind\u00edgenas, deja muchas dudas con respecto a las posibilidades reales de que candidatas\/os independientes de partidos pol\u00edticos, que son parte de movimientos y organizaciones sociales, puedan ser elegidas, considerando la enorme cantidad de listas existentes, que alcanzan a m\u00e1s de 70.<\/p>\n<p style=\"text-align: justify;\">De ah\u00ed que el desaf\u00edo de escribir una constituci\u00f3n, en la cual sean parte personas provenientes de movimientos sociales, se vuelve una dificultad, considerando que los partidos pol\u00edticos tradicionales usar\u00e1n toda su maquinaria electoral en los distritos que est\u00e1n presentes (alcaldes, concejales, diputados, senadores), siendo adem\u00e1s beneficiados a trav\u00e9s de la franja electoral televisiva, la cual dejar\u00e1 fuera a muchas candidaturas independientes.<\/p>\n<p style=\"text-align: justify;\">El riesgo, por tanto, de que la convenci\u00f3n constitucional sea conformada por la misma clase pol\u00edtica de los \u00faltimos 30 a\u00f1os, y que las demandas de los movimientos sociales (impulsadas fuertemente durante la revuelta de octubre del 2019), no est\u00e9n presentes en aquel \u00f3rgano, es algo esperable. Sobre todo, considerando que la derecha chilena va m\u00e1s unida que nunca en esta elecci\u00f3n (neoliberal y neofascista), y que, para aprobar los art\u00edculos futuros de la constituci\u00f3n, se necesitar\u00e1n los 2\/3 de los votos.<\/p>\n<blockquote>\n<p style=\"text-align: justify;\">De todas formas, la necesidad de darle visibilidad a listas y candidatas\/os alternativos y cr\u00edticos a los poderes existentes, provenientes de los movimientos sociales de los \u00faltimos 20 a\u00f1os en Chile, se vuelve muy necesario en estos momentos, dentro de un pa\u00eds con tan altos niveles de concentraci\u00f3n en los medios de informaci\u00f3n.<\/p>\n<\/blockquote>\n<p style=\"text-align: justify;\">Las candidaturas cr\u00edticas son muchas para nombrarlas todas, pero en lo que respecta a listas comprometidas con construir un pa\u00eds feminista, socioambiental y plurinacional, es\u00a0 muy interesante lo que est\u00e1n haciendo por ejemplo \u201cLa Lista del Pueblo\u201d, \u201cMovimientos sociales: unidad de independientes\u201d y \u201cVoces Constituyentes\u201d, las cuales est\u00e1n fuertemente arraigadas territorialmente.<\/p>\n<p style=\"text-align: justify;\">Me parece que nombres provenientes de organizaciones como el Movimiento por el Agua\u00a0 y los Territorios (Francisca Fern\u00e1ndez Droguett, Lucio Cuenca y Camila Z\u00e1rate), la Coordinadora Feminista 8M (Natalia Corrales, Karina Nohales y Alondra Carrillo) se deben apoyar si se quieren transformaciones importantes. Lo mismo con candidaturas que son referentes del pueblo mapuche, como lo son Elisa Loncon, Natividad Llanquilleo y la machi Francisca Linconao.<\/p>\n<figure id=\"attachment_5680\" aria-describedby=\"caption-attachment-5680\" style=\"width: 567px\" class=\"wp-caption aligncenter\"><img loading=\"lazy\" class=\"wp-image-5680 size-full\" src=\"https:\/\/opcions.ec\/portal\/wp-content\/uploads\/2021\/03\/ako2.jpg\" alt=\"\" width=\"567\" height=\"244\" srcset=\"https:\/\/opcions.ec\/portal\/wp-content\/uploads\/2021\/03\/ako2.jpg 567w, https:\/\/opcions.ec\/portal\/wp-content\/uploads\/2021\/03\/ako2-300x129.jpg 300w\" sizes=\"(max-width: 567px) 100vw, 567px\" \/><figcaption id=\"caption-attachment-5680\" class=\"wp-caption-text\">Fuente: Emancipa<\/figcaption><\/figure>\n<p style=\"text-align: justify;\">Todas esas candidaturas han mostrado una tremenda historia de lucha pol\u00edtica en sus organizaciones y territorios todos estos a\u00f1os, las cuales han buscado incesantemente la descolonizaci\u00f3n, despatriarcalizaci\u00f3n y desmercantilizaci\u00f3n, dentro de un pa\u00eds que se vendi\u00f3 al mundo como un modelo de vida a seguir, mientras era sostenido por una matriz productiva privada y extractiva dominada por hombres de sectores altos, profundizando as\u00ed el racismo, clasismo y machismo imperante.<\/p>\n<blockquote>\n<p style=\"text-align: justify;\">Por suerte, gracias a la revuelta del 2019, ese imaginario del Chile exitoso y emprendedor se est\u00e1 derrumbando por fin, m\u00e1s all\u00e1 de que la derecha pinochetista siga creyendo lo contrario y que parte de la izquierda quiera hacerle meras reformas cosm\u00e9ticas al neoliberalismo, como las realizadas entre 1990- 2009.<\/p>\n<\/blockquote>\n<p style=\"text-align: justify;\">Por eso, si bien esta elecci\u00f3n de constituyentes es un paso para democratizar el pa\u00eds, no es lo m\u00e1s importante, c\u00f3mo creer\u00e1n los grandes medios concentrados. Planteo esto, ya que independiente de quien sea elegida\/o para redactar la nueva constituci\u00f3n el pr\u00f3ximo 11 de abril, quienes debieran instalar realmente los temas son los cabildos locales autoconvocados, conformados por las mismas comunidades, por intermedio de asambleas vecinales.<\/p>\n<p style=\"text-align: justify;\">Por lo mismo, es fundamental que para construir este nuevo proyecto de vida colectivo del pa\u00eds, la nueva convenci\u00f3n constitucional no deba ser una mera c\u00e1mara representativa m\u00e1s, como las del congreso, en donde sus integrantes se mandan solos, sino que est\u00e9n obligados a relacionarse activamente con comunidades movilizadas y organizadas, a trav\u00e9s de mecanismos de participaci\u00f3n vinculante.<\/p>\n<p style=\"text-align: justify;\">En definitiva, la democracia en Chile no solo tiene que ser representativa, sino tambi\u00e9n participativa, comunitaria, descentralizada y sin caudillos, aunque nos hayan mal acostumbrado a creer lo contrario por d\u00e9cadas las elites, en un pa\u00eds que esta vez tiene por primera vez en su historia la posibilidad de construir su propio destino.<\/p>\n","protected":false},"excerpt":{"rendered":"<p>Andr\u00e9s Kogan Valderrama A prop\u00f3sito del inicio de la campa\u00f1a electoral para la elecci\u00f3n de constituyentes el pr\u00f3ximo 11 de abril, luego de m\u00e1s de 200 a\u00f1os de historia de constituciones antidemocr\u00e1ticas, la discusi\u00f3n sobre quienes debieran ser las personas m\u00e1s indicadas para ser parte de la convenci\u00f3n constitucional se<\/p>\n","protected":false},"author":116,"featured_media":5681,"comment_status":"open","ping_status":"open","sticky":false,"template":"","format":"standard","meta":[],"categories":[1],"tags":[],"yoast_head":"<!-- This site is optimized with the Yoast SEO plugin v14.3 - https:\/\/yoast.com\/wordpress\/plugins\/seo\/ -->\n<title>Por constituyentes en Chile desde los movimientos sociales - Opci&oacute;n S<\/title>\n<meta name=\"robots\" content=\"index, follow\" \/>\n<meta name=\"googlebot\" content=\"index, follow, max-snippet:-1, max-image-preview:large, max-video-preview:-1\" \/>\n<meta name=\"bingbot\" content=\"index, follow, max-snippet:-1, max-image-preview:large, max-video-preview:-1\" \/>\n<link rel=\"canonical\" href=\"https:\/\/opcions.ec\/portal\/2021\/03\/08\/por-constituyentes-en-chile-desde-los-movimientos-sociales\/\" \/>\n<meta property=\"og:locale\" content=\"es_ES\" \/>\n<meta property=\"og:type\" content=\"article\" \/>\n<meta property=\"og:title\" content=\"Por constituyentes en Chile desde los movimientos sociales - Opci&oacute;n S\" \/>\n<meta property=\"og:description\" content=\"Andr\u00e9s Kogan Valderrama A prop\u00f3sito del inicio de la campa\u00f1a electoral para la elecci\u00f3n de constituyentes el pr\u00f3ximo 11 de abril, luego de m\u00e1s de 200 a\u00f1os de historia de constituciones antidemocr\u00e1ticas, la discusi\u00f3n sobre quienes debieran ser las personas m\u00e1s indicadas para ser parte de la convenci\u00f3n constitucional se\" \/>\n<meta property=\"og:url\" content=\"https:\/\/opcions.ec\/portal\/2021\/03\/08\/por-constituyentes-en-chile-desde-los-movimientos-sociales\/\" \/>\n<meta property=\"og:site_name\" content=\"Opci&oacute;n S\" \/>\n<meta property=\"article:published_time\" content=\"2021-03-08T00:45:18+00:00\" \/>\n<meta property=\"article:modified_time\" content=\"2021-03-08T00:45:19+00:00\" \/>\n<meta property=\"og:image\" content=\"https:\/\/opcions.ec\/portal\/wp-content\/uploads\/2021\/03\/AKO1.jpg\" \/>\n\t<meta property=\"og:image:width\" content=\"567\" \/>\n\t<meta property=\"og:image:height\" content=\"340\" \/>\n<meta name=\"twitter:card\" content=\"summary_large_image\" \/>\n<script type=\"application\/ld+json\" class=\"yoast-schema-graph\">{\"@context\":\"https:\/\/schema.org\",\"@graph\":[{\"@type\":\"WebSite\",\"@id\":\"https:\/\/opcions.ec\/portal\/#website\",\"url\":\"https:\/\/opcions.ec\/portal\/\",\"name\":\"Opci&oacute;n S\",\"description\":\"\",\"potentialAction\":[{\"@type\":\"SearchAction\",\"target\":\"https:\/\/opcions.ec\/portal\/?s={search_term_string}\",\"query-input\":\"required name=search_term_string\"}],\"inLanguage\":\"es\"},{\"@type\":\"ImageObject\",\"@id\":\"https:\/\/opcions.ec\/portal\/2021\/03\/08\/por-constituyentes-en-chile-desde-los-movimientos-sociales\/#primaryimage\",\"inLanguage\":\"es\",\"url\":\"https:\/\/opcions.ec\/portal\/wp-content\/uploads\/2021\/03\/AKO1.jpg\",\"width\":567,\"height\":340,\"caption\":\"Fuente: CELAG\"},{\"@type\":\"WebPage\",\"@id\":\"https:\/\/opcions.ec\/portal\/2021\/03\/08\/por-constituyentes-en-chile-desde-los-movimientos-sociales\/#webpage\",\"url\":\"https:\/\/opcions.ec\/portal\/2021\/03\/08\/por-constituyentes-en-chile-desde-los-movimientos-sociales\/\",\"name\":\"Por constituyentes en Chile desde los movimientos sociales - Opci&oacute;n S\",\"isPartOf\":{\"@id\":\"https:\/\/opcions.ec\/portal\/#website\"},\"primaryImageOfPage\":{\"@id\":\"https:\/\/opcions.ec\/portal\/2021\/03\/08\/por-constituyentes-en-chile-desde-los-movimientos-sociales\/#primaryimage\"},\"datePublished\":\"2021-03-08T00:45:18+00:00\",\"dateModified\":\"2021-03-08T00:45:19+00:00\",\"author\":{\"@id\":\"https:\/\/opcions.ec\/portal\/#\/schema\/person\/86fe8f06a73988ae082ce43211606769\"},\"breadcrumb\":{\"@id\":\"https:\/\/opcions.ec\/portal\/2021\/03\/08\/por-constituyentes-en-chile-desde-los-movimientos-sociales\/#breadcrumb\"},\"inLanguage\":\"es\",\"potentialAction\":[{\"@type\":\"ReadAction\",\"target\":[\"https:\/\/opcions.ec\/portal\/2021\/03\/08\/por-constituyentes-en-chile-desde-los-movimientos-sociales\/\"]}]},{\"@type\":\"BreadcrumbList\",\"@id\":\"https:\/\/opcions.ec\/portal\/2021\/03\/08\/por-constituyentes-en-chile-desde-los-movimientos-sociales\/#breadcrumb\",\"itemListElement\":[{\"@type\":\"ListItem\",\"position\":1,\"item\":{\"@type\":\"WebPage\",\"@id\":\"https:\/\/opcions.ec\/portal\/\",\"url\":\"https:\/\/opcions.ec\/portal\/\",\"name\":\"Portada\"}},{\"@type\":\"ListItem\",\"position\":2,\"item\":{\"@type\":\"WebPage\",\"@id\":\"https:\/\/opcions.ec\/portal\/2021\/03\/08\/por-constituyentes-en-chile-desde-los-movimientos-sociales\/\",\"url\":\"https:\/\/opcions.ec\/portal\/2021\/03\/08\/por-constituyentes-en-chile-desde-los-movimientos-sociales\/\",\"name\":\"Por constituyentes en Chile desde los movimientos sociales\"}}]},{\"@type\":[\"Person\"],\"@id\":\"https:\/\/opcions.ec\/portal\/#\/schema\/person\/86fe8f06a73988ae082ce43211606769\",\"name\":\"Andr\\u00e9s Kogan Valderrama\",\"image\":{\"@type\":\"ImageObject\",\"@id\":\"https:\/\/opcions.ec\/portal\/#personlogo\",\"inLanguage\":\"es\",\"url\":\"https:\/\/opcions.ec\/portal\/wp-content\/uploads\/2021\/02\/Foto-Andres1.jpg\",\"caption\":\"Andr\\u00e9s Kogan Valderrama\"},\"description\":\"Soci\\u00f3logo de la Universidad Central de Chile Diplomado en Educaci\\u00f3n para el Desarrollo Sustentable Mag\\u00edster en Comunicaci\\u00f3n y Cultura Contempor\\u00e1nea Doctorando en Estudios Sociales de Am\\u00e9rica Latina Integrante de Comit\\u00e9 Cient\\u00edfico de Revista Iberoam\\u00e9rica Social Miembro del Movimiento al Buen Vivir Global https:\/\/buenvivir.global\/ Director del Observatorio Plurinacional de Aguas www.oplas.org\"}]}<\/script>\n<!-- \/ Yoast SEO plugin. -->","_links":{"self":[{"href":"https:\/\/opcions.ec\/portal\/wp-json\/wp\/v2\/posts\/5679"}],"collection":[{"href":"https:\/\/opcions.ec\/portal\/wp-json\/wp\/v2\/posts"}],"about":[{"href":"https:\/\/opcions.ec\/portal\/wp-json\/wp\/v2\/types\/post"}],"author":[{"embeddable":true,"href":"https:\/\/opcions.ec\/portal\/wp-json\/wp\/v2\/users\/116"}],"replies":[{"embeddable":true,"href":"https:\/\/opcions.ec\/portal\/wp-json\/wp\/v2\/comments?post=5679"}],"version-history":[{"count":1,"href":"https:\/\/opcions.ec\/portal\/wp-json\/wp\/v2\/posts\/5679\/revisions"}],"predecessor-version":[{"id":5682,"href":"https:\/\/opcions.ec\/portal\/wp-json\/wp\/v2\/posts\/5679\/revisions\/5682"}],"wp:featuredmedia":[{"embeddable":true,"href":"https:\/\/opcions.ec\/portal\/wp-json\/wp\/v2\/media\/5681"}],"wp:attachment":[{"href":"https:\/\/opcions.ec\/portal\/wp-json\/wp\/v2\/media?parent=5679"}],"wp:term":[{"taxonomy":"category","embeddable":true,"href":"https:\/\/opcions.ec\/portal\/wp-json\/wp\/v2\/categories?post=5679"},{"taxonomy":"post_tag","embeddable":true,"href":"https:\/\/opcions.ec\/portal\/wp-json\/wp\/v2\/tags?post=5679"}],"curies":[{"name":"wp","href":"https:\/\/api.w.org\/{rel}","templated":true}]}}