{"id":4062,"date":"2019-11-28T02:51:50","date_gmt":"2019-11-28T02:51:50","guid":{"rendered":"https:\/\/opcions.ec\/portal\/?p=4062"},"modified":"2019-11-28T03:44:45","modified_gmt":"2019-11-28T03:44:45","slug":"y-la-educacion-intercultural-bilingue","status":"publish","type":"post","link":"https:\/\/opcions.ec\/portal\/2019\/11\/28\/y-la-educacion-intercultural-bilingue\/","title":{"rendered":"\u00bfY la Educaci\u00f3n Intercultural Biling\u00fce?"},"content":{"rendered":"<p style=\"text-align: right;\"><strong>Pacha Ter\u00e1n<\/strong><\/p>\n<p style=\"text-align: justify;\">Planteo que Ecuador pueda ser entendido en dos tiempos marcados: el primero corresponde a que buena parte las demandas sociales fueron plasmadas en la constituyente del 2008, entre ellas el car\u00e1cter plurinacional e intercultural del Estado. En el campo educativo se plante\u00f3 asignar el 6% del Producto Interno Bruto (PIB)<a href=\"#_ftn1\" name=\"_ftnref1\"><sup>[1]<\/sup><\/a>, se ratific\u00f3 la Educaci\u00f3n Intercultural Biling\u00fce (EIB) como un derecho hist\u00f3rico mediante los Arts. 57 numeral 14 y 347 (Constitucion de la Republica del Ecudor, 2008), entre otros logros importantes. En el segundo momento, posiblemente a partir del 2010, \u201cel gobierno se derechiz\u00f3 y dio inicio a la persecuci\u00f3n de las organizaciones populares con una pol\u00edtica que busc\u00f3 cooptarlas (en algunos casos descaradamente \u201ccomprarlas\u201d), cuando no era posible dividirlas y, si ello no funcionaba, criminalizar a los dirigentes\u201d (Isch, 2018).<\/p>\n<blockquote>\n<p style=\"text-align: justify;\">Esta nueva condici\u00f3n social facilit\u00f3 el cierre de instituciones educativas, especialmente de las ubicadas en zonas rurales y de las escuelas interculturales biling\u00fces, consideradas como obsoletas. A cambio se ofreci\u00f3 la construcci\u00f3n de mega obras de escuelas de milenio.<\/p>\n<\/blockquote>\n<p style=\"text-align: justify;\">Las escuelas cerradas se convirtieron as\u00ed en trinchera de lucha de las comunidades que exig\u00edan su reapertura, pero tambi\u00e9n en un instrumento \u00fatil para las ofertas de campa\u00f1a electoral. Durante la \u00faltima campa\u00f1a de elecciones nacionales, todos los candidatos presidenciales tuvieron como oferta reabrir las escuelas, cuestionando tambi\u00e9n la construcci\u00f3n de escuelas de milenio como un despilfarro del gobierno saliente.<\/p>\n<figure id=\"attachment_4064\" aria-describedby=\"caption-attachment-4064\" style=\"width: 678px\" class=\"wp-caption aligncenter\"><img loading=\"lazy\" class=\"size-full wp-image-4064\" src=\"https:\/\/opcions.ec\/portal\/wp-content\/uploads\/2019\/11\/pacha2.png\" alt=\"\" width=\"678\" height=\"381\" srcset=\"https:\/\/opcions.ec\/portal\/wp-content\/uploads\/2019\/11\/pacha2.png 678w, https:\/\/opcions.ec\/portal\/wp-content\/uploads\/2019\/11\/pacha2-300x169.png 300w, https:\/\/opcions.ec\/portal\/wp-content\/uploads\/2019\/11\/pacha2-260x146.png 260w, https:\/\/opcions.ec\/portal\/wp-content\/uploads\/2019\/11\/pacha2-50x28.png 50w, https:\/\/opcions.ec\/portal\/wp-content\/uploads\/2019\/11\/pacha2-133x75.png 133w\" sizes=\"(max-width: 678px) 100vw, 678px\" \/><figcaption id=\"caption-attachment-4064\" class=\"wp-caption-text\">Fuente: Diario Digital Manab\u00ed (31\/01\/2019). \u201cLen\u00edn Moreno anuncia reapertura de escuelas rurales\u201d.<\/figcaption><\/figure>\n<p style=\"text-align: justify;\">Presentar a las escuelas de milenio como elefantes blancos, le permiti\u00f3 a Lenin Moreno diferenciarse del gobierno de Correa, acerc\u00e1ndose al movimiento ind\u00edgena a trav\u00e9s del planteamiento de la reapertura de escuelas comunitarias. Para ser m\u00e1s cre\u00edble la propuesta posicion\u00f3 como ministro de educaci\u00f3n a Milton Luna, vinculado al sector de la educaci\u00f3n desde los a\u00f1os ochenta.<\/p>\n<p style=\"text-align: justify;\">En el \u00faltimo levantamiento nacional del mes de octubre, que oblig\u00f3 a sentarse a Lenin Moreno en una misma mesa de di\u00e1logo con el movimiento ind\u00edgena, la EIB y la reapertura de las escuelas fueron tomados como carta de presentaci\u00f3n ante el Ecuador en un intento fallido por mostrarse como un gobierno sensato y dialogante. No obstante, ahora se puede evidenciar lo contrario, es decir, una arremetida contra la dirigencia ind\u00edgena y una pretensi\u00f3n de reeditar el decreto 883 a pesar de las decenas de muertos, miles de heridos, desaparecidos y encarcelados que produjo.<\/p>\n<blockquote>\n<p style=\"text-align: justify;\">En este contexto, la \u201cinterculturalidad del siglo XXI\u201d es en la pr\u00e1ctica \u201cla interculturalidad de control social, que utiliza y refuncionaliza parte de las culturas de los pueblos para establecer refinadas formas de dominaci\u00f3n\u201d (Monta\u00f1ez, 2017).<\/p>\n<\/blockquote>\n<p style=\"text-align: justify;\">El ofrecimiento de devolver la EIB al movimiento indigena viene siendo anunciada por el presidente Moreno desde la campa\u00f1a electoral y todavia no ha devuelto la autonomia a la Direccion Nacional de Educaci\u00f3n Biling\u00fce (DINEIB). Ofreci\u00f3 reabrir las escuelas cerradas siempre y cuando la comunidad organizada realice la solicitud, cuando esta accion debe ser politica de Estado como forma de reparacion con la poblaci\u00f3n ecuatoriana.<\/p>\n<figure id=\"attachment_4063\" aria-describedby=\"caption-attachment-4063\" style=\"width: 859px\" class=\"wp-caption aligncenter\"><img loading=\"lazy\" class=\"size-full wp-image-4063\" src=\"https:\/\/opcions.ec\/portal\/wp-content\/uploads\/2019\/11\/pacha3.png\" alt=\"\" width=\"859\" height=\"433\" srcset=\"https:\/\/opcions.ec\/portal\/wp-content\/uploads\/2019\/11\/pacha3.png 859w, https:\/\/opcions.ec\/portal\/wp-content\/uploads\/2019\/11\/pacha3-300x151.png 300w, https:\/\/opcions.ec\/portal\/wp-content\/uploads\/2019\/11\/pacha3-768x387.png 768w, https:\/\/opcions.ec\/portal\/wp-content\/uploads\/2019\/11\/pacha3-260x131.png 260w, https:\/\/opcions.ec\/portal\/wp-content\/uploads\/2019\/11\/pacha3-50x25.png 50w, https:\/\/opcions.ec\/portal\/wp-content\/uploads\/2019\/11\/pacha3-150x75.png 150w\" sizes=\"(max-width: 859px) 100vw, 859px\" \/><figcaption id=\"caption-attachment-4063\" class=\"wp-caption-text\">Fuente: Contrato Social Por la Educaci\u00f3n. Documental \u201cSe nos fue la alegr\u00eda\u201d.<\/figcaption><\/figure>\n<p style=\"text-align: justify;\">A la fecha, no se tiene una cifra real del numero de establemientos educativos cerrados y\/o fusionados. El gobierno de Rafael Correa, a traves de su ministro de educacion Espinosa, plante\u00f3 el Plan de Reordenamiento de la Oferta Educativa, contemplando que de las \u201c19.023\u00a0instituciones educativas distribuidas de manera desordenada y sin criterios t\u00e9cnicos en el pa\u00eds, se deb\u00eda pasar a \u00a05.189\u00a0instituciones de calidad y con todos los servicios educativos requeridos para el 2017\u201d (El Universo, 2013).<\/p>\n<blockquote>\n<p style=\"text-align: justify;\">Sin embargo, el Archivo Maestro de Instituciones Educativas (AMIE) durante el a\u00f1o lectivo 2008 \u2013 2009, registr\u00f3 30.693 instituciones de educaci\u00f3n primaria y secundaria en el Ecuador.<\/p>\n<\/blockquote>\n<p style=\"text-align: justify;\">Para el a\u00f1o lectivo 2010-2011 se registr\u00f3 29 mil instituciones educativas entre hispanas y bilingues. Este numero de instituciones educativas, simplemente contradice las declaraciones del ex minsitro, permitiendo enteneder que el numero de instituciones educativas cerradas es realmente inimaginable.<\/p>\n<p style=\"text-align: justify;\">\u00bfD\u00f3nde y por qu\u00e9 se oculta informaci\u00f3n? El movimiento ind\u00edgena reclama el derecho a la educaci\u00f3n en su propio sistema, pero tambi\u00e9n el derecho universal a la educaci\u00f3n de toda la sociedad ecuatoriana. La tarea de recuperar una educaci\u00f3n de calidad, pero tambi\u00e9n de cercan\u00eda y calidez, corresponde a una sociedad unida y organizada.<\/p>\n<p style=\"text-align: justify;\"><strong>Referencia:<\/strong><\/p>\n<p style=\"text-align: justify;\"><a href=\"#_ftnref1\" name=\"_ftn1\"><sup>[1]<\/sup><\/a>La inversi\u00f3n social pas\u00f3 del 4,8% del PIB en el a\u00f1o 2006 al 8,1% en el 2009 y se esperaba que llegue a un 7,9% en el 2010. Adicionalmente, en 2006 la inversi\u00f3n social representaba 0.35 veces del servicio de la deuda externa, mientras que en 2009 pas\u00f3 a ser 2,63 veces m\u00e1s que el servicio de la deuda. (Ponce y Acosta, 2010).\u00a0 Tomado de (Isch, 2018)<\/p>\n","protected":false},"excerpt":{"rendered":"<p>Pacha Ter\u00e1n Planteo que Ecuador pueda ser entendido en dos tiempos marcados: el primero corresponde a que buena parte las demandas sociales fueron plasmadas en la constituyente del 2008, entre ellas el car\u00e1cter plurinacional e intercultural del Estado. En el campo educativo se plante\u00f3 asignar el 6% del Producto Interno<\/p>\n","protected":false},"author":73,"featured_media":4065,"comment_status":"open","ping_status":"open","sticky":false,"template":"","format":"standard","meta":[],"categories":[1],"tags":[],"yoast_head":"<!-- This site is optimized with the Yoast SEO plugin v14.3 - https:\/\/yoast.com\/wordpress\/plugins\/seo\/ -->\n<title>\u00bfY la Educaci\u00f3n Intercultural Biling\u00fce? - Opci&oacute;n S<\/title>\n<meta name=\"robots\" content=\"index, follow\" \/>\n<meta name=\"googlebot\" content=\"index, follow, max-snippet:-1, max-image-preview:large, max-video-preview:-1\" \/>\n<meta name=\"bingbot\" content=\"index, follow, max-snippet:-1, max-image-preview:large, max-video-preview:-1\" \/>\n<link rel=\"canonical\" href=\"https:\/\/opcions.ec\/portal\/2019\/11\/28\/y-la-educacion-intercultural-bilingue\/\" \/>\n<meta property=\"og:locale\" content=\"es_ES\" \/>\n<meta property=\"og:type\" content=\"article\" \/>\n<meta property=\"og:title\" content=\"\u00bfY la Educaci\u00f3n Intercultural Biling\u00fce? - Opci&oacute;n S\" \/>\n<meta property=\"og:description\" content=\"Pacha Ter\u00e1n Planteo que Ecuador pueda ser entendido en dos tiempos marcados: el primero corresponde a que buena parte las demandas sociales fueron plasmadas en la constituyente del 2008, entre ellas el car\u00e1cter plurinacional e intercultural del Estado. En el campo educativo se plante\u00f3 asignar el 6% del Producto Interno\" \/>\n<meta property=\"og:url\" content=\"https:\/\/opcions.ec\/portal\/2019\/11\/28\/y-la-educacion-intercultural-bilingue\/\" \/>\n<meta property=\"og:site_name\" content=\"Opci&oacute;n S\" \/>\n<meta property=\"article:published_time\" content=\"2019-11-28T02:51:50+00:00\" \/>\n<meta property=\"article:modified_time\" content=\"2019-11-28T03:44:45+00:00\" \/>\n<meta property=\"og:image\" content=\"https:\/\/opcions.ec\/portal\/wp-content\/uploads\/2019\/11\/pacha1.png\" \/>\n\t<meta property=\"og:image:width\" content=\"922\" \/>\n\t<meta property=\"og:image:height\" content=\"520\" \/>\n<meta name=\"twitter:card\" content=\"summary_large_image\" \/>\n<script type=\"application\/ld+json\" class=\"yoast-schema-graph\">{\"@context\":\"https:\/\/schema.org\",\"@graph\":[{\"@type\":\"WebSite\",\"@id\":\"https:\/\/opcions.ec\/portal\/#website\",\"url\":\"https:\/\/opcions.ec\/portal\/\",\"name\":\"Opci&oacute;n S\",\"description\":\"\",\"potentialAction\":[{\"@type\":\"SearchAction\",\"target\":\"https:\/\/opcions.ec\/portal\/?s={search_term_string}\",\"query-input\":\"required name=search_term_string\"}],\"inLanguage\":\"es\"},{\"@type\":\"ImageObject\",\"@id\":\"https:\/\/opcions.ec\/portal\/2019\/11\/28\/y-la-educacion-intercultural-bilingue\/#primaryimage\",\"inLanguage\":\"es\",\"url\":\"https:\/\/opcions.ec\/portal\/wp-content\/uploads\/2019\/11\/pacha1.png\",\"width\":922,\"height\":520},{\"@type\":\"WebPage\",\"@id\":\"https:\/\/opcions.ec\/portal\/2019\/11\/28\/y-la-educacion-intercultural-bilingue\/#webpage\",\"url\":\"https:\/\/opcions.ec\/portal\/2019\/11\/28\/y-la-educacion-intercultural-bilingue\/\",\"name\":\"\\u00bfY la Educaci\\u00f3n Intercultural Biling\\u00fce? - Opci&oacute;n S\",\"isPartOf\":{\"@id\":\"https:\/\/opcions.ec\/portal\/#website\"},\"primaryImageOfPage\":{\"@id\":\"https:\/\/opcions.ec\/portal\/2019\/11\/28\/y-la-educacion-intercultural-bilingue\/#primaryimage\"},\"datePublished\":\"2019-11-28T02:51:50+00:00\",\"dateModified\":\"2019-11-28T03:44:45+00:00\",\"author\":{\"@id\":\"https:\/\/opcions.ec\/portal\/#\/schema\/person\/2a244be2a5c8f71804dd7aa6bf399ba9\"},\"breadcrumb\":{\"@id\":\"https:\/\/opcions.ec\/portal\/2019\/11\/28\/y-la-educacion-intercultural-bilingue\/#breadcrumb\"},\"inLanguage\":\"es\",\"potentialAction\":[{\"@type\":\"ReadAction\",\"target\":[\"https:\/\/opcions.ec\/portal\/2019\/11\/28\/y-la-educacion-intercultural-bilingue\/\"]}]},{\"@type\":\"BreadcrumbList\",\"@id\":\"https:\/\/opcions.ec\/portal\/2019\/11\/28\/y-la-educacion-intercultural-bilingue\/#breadcrumb\",\"itemListElement\":[{\"@type\":\"ListItem\",\"position\":1,\"item\":{\"@type\":\"WebPage\",\"@id\":\"https:\/\/opcions.ec\/portal\/\",\"url\":\"https:\/\/opcions.ec\/portal\/\",\"name\":\"Portada\"}},{\"@type\":\"ListItem\",\"position\":2,\"item\":{\"@type\":\"WebPage\",\"@id\":\"https:\/\/opcions.ec\/portal\/2019\/11\/28\/y-la-educacion-intercultural-bilingue\/\",\"url\":\"https:\/\/opcions.ec\/portal\/2019\/11\/28\/y-la-educacion-intercultural-bilingue\/\",\"name\":\"\\u00bfY la Educaci\\u00f3n Intercultural Biling\\u00fce?\"}}]},{\"@type\":[\"Person\"],\"@id\":\"https:\/\/opcions.ec\/portal\/#\/schema\/person\/2a244be2a5c8f71804dd7aa6bf399ba9\",\"name\":\"Pacha Ter\\u00e1n\",\"image\":{\"@type\":\"ImageObject\",\"@id\":\"https:\/\/opcions.ec\/portal\/#personlogo\",\"inLanguage\":\"es\",\"url\":\"https:\/\/secure.gravatar.com\/avatar\/f6bfe24c995d2e4d8725a3de8f112d60?s=96&d=mm&r=g\",\"caption\":\"Pacha Ter\\u00e1n\"},\"description\":\"Dirigente nacional ind\\u00edgena perteneciente a la comunidad de Peguche. Ha coordinado la resistencia de las escuelas biling\\u00fces contra la \\\"hispanizaci\\u00f3n\\\". Sus estudios de pregrado los realiz\\u00f3 en gesti\\u00f3n y desarrollo local. Tiene un diplomado en g\\u00e9nero y desarrollo. Actualmente es maestrante en Gesti\\u00f3n Integrada de los Recursos Hidricos y el Riego en la Universidad Central del Ecuador.\"}]}<\/script>\n<!-- \/ Yoast SEO plugin. -->","_links":{"self":[{"href":"https:\/\/opcions.ec\/portal\/wp-json\/wp\/v2\/posts\/4062"}],"collection":[{"href":"https:\/\/opcions.ec\/portal\/wp-json\/wp\/v2\/posts"}],"about":[{"href":"https:\/\/opcions.ec\/portal\/wp-json\/wp\/v2\/types\/post"}],"author":[{"embeddable":true,"href":"https:\/\/opcions.ec\/portal\/wp-json\/wp\/v2\/users\/73"}],"replies":[{"embeddable":true,"href":"https:\/\/opcions.ec\/portal\/wp-json\/wp\/v2\/comments?post=4062"}],"version-history":[{"count":3,"href":"https:\/\/opcions.ec\/portal\/wp-json\/wp\/v2\/posts\/4062\/revisions"}],"predecessor-version":[{"id":4068,"href":"https:\/\/opcions.ec\/portal\/wp-json\/wp\/v2\/posts\/4062\/revisions\/4068"}],"wp:featuredmedia":[{"embeddable":true,"href":"https:\/\/opcions.ec\/portal\/wp-json\/wp\/v2\/media\/4065"}],"wp:attachment":[{"href":"https:\/\/opcions.ec\/portal\/wp-json\/wp\/v2\/media?parent=4062"}],"wp:term":[{"taxonomy":"category","embeddable":true,"href":"https:\/\/opcions.ec\/portal\/wp-json\/wp\/v2\/categories?post=4062"},{"taxonomy":"post_tag","embeddable":true,"href":"https:\/\/opcions.ec\/portal\/wp-json\/wp\/v2\/tags?post=4062"}],"curies":[{"name":"wp","href":"https:\/\/api.w.org\/{rel}","templated":true}]}}