{"id":4043,"date":"2019-11-20T21:41:11","date_gmt":"2019-11-20T21:41:11","guid":{"rendered":"https:\/\/opcions.ec\/portal\/?p=4043"},"modified":"2019-11-21T12:26:21","modified_gmt":"2019-11-21T12:26:21","slug":"toda-la-estructura-de-salud-publica-fue-asaltada-por-una-banda","status":"publish","type":"post","link":"https:\/\/opcions.ec\/portal\/2019\/11\/20\/toda-la-estructura-de-salud-publica-fue-asaltada-por-una-banda\/","title":{"rendered":"\u201cLa acci\u00f3n de la Comisi\u00f3n Anticorrupci\u00f3n en estos cuatro a\u00f1os, no le ha costado un solo centavo al pa\u00eds\u201d"},"content":{"rendered":"<p style=\"text-align: justify;\">La Comisi\u00f3n Nacional Anticorrupci\u00f3n cumple 4 a\u00f1os de aporte significativo en la lucha contra la corrupci\u00f3n y la impunidad. Opci\u00f3n S dialog\u00f3 con su coordinador nacional, Germ\u00e1n Rodas Chaves, quien hace una breve aproximaci\u00f3n a la trayectoria de esta organizaci\u00f3n, se\u00f1alando tambi\u00e9n los retos actuales y futuros.<\/p>\n<p style=\"text-align: justify;\"><strong>La CNA est\u00e1 cumpliendo 4 a\u00f1os de vida, \u00bfcu\u00e1l fue su origen y cu\u00e1les fueron sus motivaciones y objetivos iniciales?<\/strong><\/p>\n<p style=\"text-align: justify;\">La CNA fue instituida por Movimientos sociales organizados del pa\u00eds (trabajadores, ind\u00edgenas, gremios profesionales, UNE, FUT, peque\u00f1os comerciantes, estudiantes, sectores barriales, entre otros) debido a que ninguna Funci\u00f3n del Estado o los denominados Organismos de Control hab\u00edan asumido el compromiso de fiscalizar al r\u00e9gimen de Correa. Por el contrario, como hemos visto despu\u00e9s, fueron parte de la gavilla que asalt\u00f3 el pa\u00eds. El mejor ejemplo de lo que afirmo es todo lo que hemos conocido del pr\u00f3fugo Carlos Polit, que fungi\u00f3 de Contralor en ese periodo.<\/p>\n<p style=\"text-align: justify;\"><strong>\u00bfQui\u00e9nes son los actuales miembros de la CNA y como est\u00e1 organizada la CNA actualmente? \u00bfCu\u00e1l es su mecanismo de funcionamiento?<\/strong><\/p>\n<p style=\"text-align: justify;\">En la actualidad, as\u00ed mismo designados por los sectores sociales antes referidos, son miembros de la CNA: Isabel Robalino, Sim\u00f3n Espinosa, Alfredo Borja, Francisco Mu\u00f1oz, Diego del Castillo, Ver\u00f3nica Miranda, Enrique Galarza, Marco Antonio Rodr\u00edguez, Juan Cuvi, Ramiro Beltr\u00e1n, Germ\u00e1n Rodas y Patricio Albuja, quien relev\u00f3 a Jorge Rodr\u00edguez, el cual se mantiene cercano de las actividades de la CNA. La coordinaci\u00f3n, \u00a0me ha sido honrosamente encargada a m\u00ed. El secretario actual de la CNA es el abogado Jorge Rodr\u00edguez Quirola.<\/p>\n<blockquote>\n<p style=\"text-align: justify;\">Hemos logrado, fortalecer la existencia de 16 n\u00facleos o cap\u00edtulos de la CNA en igual n\u00famero de provincias.<\/p>\n<\/blockquote>\n<p style=\"text-align: justify;\">Adem\u00e1s, en este periodo hemos suscrito convenios que permiten afianzar nuestra gesti\u00f3n: con la Contralor\u00eda General del Estado, con el Consejo de la Judicatura, con el Municipio de Quito, con la Secretaria de Movilidad del Municipio Quite\u00f1o y con la C\u00e1mara de la peque\u00f1a y mediana empresa de Pichincha, CAPEIPI. Pr\u00f3ximamente firmaremos un convenio con el Colegio de Ingenieros de Pichincha.<\/p>\n<p style=\"text-align: justify;\"><img loading=\"lazy\" class=\"aligncenter size-full wp-image-4046\" src=\"https:\/\/opcions.ec\/portal\/wp-content\/uploads\/2019\/11\/g2.png\" alt=\"\" width=\"1280\" height=\"853\" srcset=\"https:\/\/opcions.ec\/portal\/wp-content\/uploads\/2019\/11\/g2.png 1280w, https:\/\/opcions.ec\/portal\/wp-content\/uploads\/2019\/11\/g2-300x200.png 300w, https:\/\/opcions.ec\/portal\/wp-content\/uploads\/2019\/11\/g2-768x512.png 768w, https:\/\/opcions.ec\/portal\/wp-content\/uploads\/2019\/11\/g2-1024x682.png 1024w, https:\/\/opcions.ec\/portal\/wp-content\/uploads\/2019\/11\/g2-219x146.png 219w, https:\/\/opcions.ec\/portal\/wp-content\/uploads\/2019\/11\/g2-50x33.png 50w, https:\/\/opcions.ec\/portal\/wp-content\/uploads\/2019\/11\/g2-113x75.png 113w\" sizes=\"(max-width: 1280px) 100vw, 1280px\" \/><\/p>\n<p style=\"text-align: justify;\"><strong>El trabajo de los integrantes de la CNA tiene el m\u00e9rito de ser <em>Ad-honorem<\/em>, \u00bfc\u00f3mo se financian las investigaciones y los gastos cotidianos de la Comisi\u00f3n? <\/strong><\/p>\n<p style=\"text-align: justify;\">El apoyo para el funcionamiento t\u00e9cnico de la CNA proviene de abogados, economistas, Ingenieros y otros profesionales con experticias diversas, quienes dan soporte a nuestro trabajo tambi\u00e9n de manera ad-honorem.\u00a0 Las investigaciones derivan del cruce de informaci\u00f3n de los diversos portales p\u00fablicos del Estado, de la recepci\u00f3n de denuncias, todas ellas sometidas a una rigurosa indagaci\u00f3n, por los propios miembros de la CNA.\u00a0 Toda esta actividad se financia con recursos propios. Al pa\u00eds no le cuesta un solo centavo nuestro quehacer. Incluso nuestras reuniones se realizan en locales que nos ceden sin costo y los trabajos de secretar\u00eda y de ayudantes, tambi\u00e9n es sin remuneraci\u00f3n.<\/p>\n<p style=\"text-align: justify;\"><strong>La impunidad es un terreno f\u00e9rtil para la corrupci\u00f3n \u00bfCu\u00e1les han sido los principales obst\u00e1culos que han tenido que afrontar en estos 4 a\u00f1os? \u00bfSe ha conseguido el anhelo de eliminar la impunidad? <\/strong><\/p>\n<p style=\"text-align: justify;\">El principal obst\u00e1culo es la existencia de un tramado legal \u201cconfeccionado a medida\u201d para que no puedan ser sancionados los corruptos. Pero a lo anterior tambi\u00e9n debe sumarse la presencia de una Justicia puesta a dedo, obviamente no son todos los casos, para encubrir y proteger la corrupci\u00f3n. A lo se\u00f1alado agr\u00e9guese que en la Fiscal\u00eda, en el periodo correista, botaron a la basura nuestras denuncias que hubo que reformularlas posteriormente.<\/p>\n<blockquote>\n<p style=\"text-align: justify;\">Est\u00e1n presentadas en Fiscal\u00eda 17 denuncias, hasta este momento, y varios pedidos a Contralor\u00eda para que intervenga en asuntos espec\u00edficos.<\/p>\n<\/blockquote>\n<p style=\"text-align: justify;\"><strong>\u00bfCu\u00e1l es el balance que hace la CNA sobre el proceso de reinstitucionalizaci\u00f3n del pa\u00eds? \u00bfAyud\u00f3 este proceso a tener instituciones de control m\u00e1s transparentes e independientes?<\/strong><\/p>\n<p style=\"text-align: justify;\">Contribuimos sustancialmente. Fuimos quienes planteamos la necesidad de establecer un proceso y un instrumento \u2013el Consejo de Participaci\u00f3n Ciudadana Transitorio- que evalu\u00e9 a las autoridades del correato por su complicidad con el asalto al pa\u00eds. Para llegar a este objetivo, recomendamos la necesidad de ir a una consulta y sugerimos varias de las preguntas del 4 de febrero del 2018. Posteriormente propusimos, junto a otros nombres, el de Julio Cesar Trujillo \u2013miembro de la CNA- como candidato al Consejo Transitorio de participaci\u00f3n ciudadana. Su presencia garantiz\u00f3 la reinstitucionalizaci\u00f3n del pa\u00eds.<\/p>\n<p><img loading=\"lazy\" class=\"aligncenter size-full wp-image-4045\" src=\"https:\/\/opcions.ec\/portal\/wp-content\/uploads\/2019\/11\/g3.jpg\" alt=\"\" width=\"600\" height=\"315\" srcset=\"https:\/\/opcions.ec\/portal\/wp-content\/uploads\/2019\/11\/g3.jpg 600w, https:\/\/opcions.ec\/portal\/wp-content\/uploads\/2019\/11\/g3-300x158.jpg 300w, https:\/\/opcions.ec\/portal\/wp-content\/uploads\/2019\/11\/g3-260x137.jpg 260w, https:\/\/opcions.ec\/portal\/wp-content\/uploads\/2019\/11\/g3-50x26.jpg 50w, https:\/\/opcions.ec\/portal\/wp-content\/uploads\/2019\/11\/g3-143x75.jpg 143w\" sizes=\"(max-width: 600px) 100vw, 600px\" \/><\/p>\n<p style=\"text-align: justify;\"><strong>\u00bfQu\u00e9 opini\u00f3n le merece el proceso de evaluaci\u00f3n de jueces de la Corte Nacional de Justicia?<\/strong><\/p>\n<p style=\"text-align: justify;\">Gracias a nuestro Convenio con\u00a0 la Judicatura sugerimos un listado de evaluadores, de la m\u00e1s amplia gama del pensamiento doctrinario y con innegable capacidad profesional y acad\u00e9mica, \u00a0y dicho proceso ha avanzado satisfactoriamente hasta hoy.\u00a0 Sin justicia, sin independencia de ella frente a los que ejercen el poder pol\u00edtico y econ\u00f3mico, no es posible afianzar un modelo democr\u00e1tico y justo. Lo que viene ahora, el remplazo de algunos de los Ministros de la Corte es fundamental. No hay posibilidad de equ\u00edvocos o de repetir la historia anterior en donde la Judicatura termin\u00f3 siendo brazo de apoyo para cumplir necesidades pol\u00edtico-electorales o para anular toda lucha contra la corrupci\u00f3n.<\/p>\n<p style=\"text-align: justify;\"><strong>Respecto a la coyuntura, \u00bfQu\u00e9 opina sobre la declaratoria de nulidad del proceso de enriquecimiento il\u00edcito que se sigue contra el ex ministro Iv\u00e1n Espinel, por parte del juez Jorge Mart\u00ednez?<\/strong><\/p>\n<blockquote>\n<p style=\"text-align: justify;\">Espinel es un c\u00ednico. Es un monumento a la corrupci\u00f3n. Su charlataner\u00eda escondi\u00f3 siempre su verdadera condici\u00f3n.<\/p>\n<\/blockquote>\n<p style=\"text-align: justify;\">Quien ha anulado ese proceso de enriquecimiento il\u00edcito es de la misma horma de Espinel. Debe la Judicatura actuar frente al comportamiento del Juez Mart\u00ednez y sancionarlo.<\/p>\n<p style=\"text-align: justify;\"><strong>El 25 de abril pasado la CNA present\u00f3 una denuncia sobre compras estatales a empresas fantasmas, \u00bfcu\u00e1l es el estado de esta investigaci\u00f3n? As\u00ed mismo \u00bfc\u00f3mo funcionaba la red de corrupci\u00f3n en la compra-venta de medicamentos e insumos m\u00e9dicos durante el gobierno anterior? \u00a0Y tambi\u00e9n, en que consiste la denuncia sobre la venta del Hotel Quito?<\/strong><\/p>\n<p style=\"text-align: justify;\">La denuncia sobre las empresas fantasmas se tramita en diversas provincias del pa\u00eds, puesto que estas seudo empresas han operado en varias ciudades del Ecuador. La Fiscal\u00eda viene actuando adecuadamente. Alli est\u00e1n involucradas no menos de cuatro mil personas. Es una red de mafiosos e inescrupulosos que fue descubierta a tiempo. Estas falsas empresas supuestamente entregaban determinados productos. Les pagaban por aquello. Hab\u00eda informes de los departamentos financieros de las entidades p\u00fablicas como si todo fuera perfecto. La realidad es otra: ni eran necesarios los productos, ni los entregaban, y los montos de los pagos se distribu\u00edan entre los complotados en hacer creer al pa\u00eds que todo era pulcro.<\/p>\n<p style=\"text-align: justify;\"><img loading=\"lazy\" class=\"aligncenter size-full wp-image-4044\" src=\"https:\/\/opcions.ec\/portal\/wp-content\/uploads\/2019\/11\/g4.jpg\" alt=\"\" width=\"610\" height=\"380\" srcset=\"https:\/\/opcions.ec\/portal\/wp-content\/uploads\/2019\/11\/g4.jpg 610w, https:\/\/opcions.ec\/portal\/wp-content\/uploads\/2019\/11\/g4-300x187.jpg 300w, https:\/\/opcions.ec\/portal\/wp-content\/uploads\/2019\/11\/g4-234x146.jpg 234w, https:\/\/opcions.ec\/portal\/wp-content\/uploads\/2019\/11\/g4-50x31.jpg 50w, https:\/\/opcions.ec\/portal\/wp-content\/uploads\/2019\/11\/g4-120x75.jpg 120w\" sizes=\"(max-width: 610px) 100vw, 610px\" \/><\/p>\n<p style=\"text-align: justify;\">Sobre los temas de la salud publica, en donde la adquisicion de medicamentos e insumos ha formado parte de la corruptela inaugurada en el correismo, estamos trabajando con denuncias entregadas a Fiscal\u00eda y a Contralor\u00eda que demuestran pagos con sobreprecio de las adquisiciones efectuadas a proveedores no facultados para que cumplan esta actividad. Un atraco a la salud del pueblo.<\/p>\n<p style=\"text-align: justify;\">En relaci\u00f3n al Hotel Quito: vendieron una propiedad del IESS y de sus afiliados, de manera precipitada a un precio subvalorado. Un edificio patrimonial de la cultura de Quito y de propiedad de los afiliados del IESS no puede estar en manos de viv\u00edsimos que se aprovecharon del asalto al IESS. La venta debe ser anulada y el Hotel debe revertirse a los afiliados del IESS.<\/p>\n<p style=\"text-align: justify;\"><strong>En relaci\u00f3n a los abusos y atracos de Odebrecht, la Procuradur\u00eda habla de una reparaci\u00f3n y la CNA ha sido convocada como \u201cContralor\u00eda Social\u201d para dar seguimiento a este proceso. \u00bfCu\u00e1l ser\u00e1 el rol de la CNA en concreto?<\/strong><\/p>\n<p style=\"text-align: justify;\">Precisamente hacer \u201ccontralor\u00eda social\u201d como usted lo infiere.<\/p>\n<blockquote>\n<p style=\"text-align: justify;\">La CNA est\u00e1 en este proceso para que la reparaci\u00f3n no se constituya en una negociaci\u00f3n, sino en corolario de un mecanismo mediante el cual se tome cuentas a Odebrecht no solo respecto de identificar los montos de las coimas y a quienes las entregaron, sino fundamentalmente para esclarecer los valores exactos de los sobreprecios de la obra p\u00fablica construida por esta empresa.<\/p>\n<\/blockquote>\n<p style=\"text-align: justify;\">La reparaci\u00f3n, en este orden de cosas, deber\u00e1 responder a un contexto integral,\u00a0 m\u00e1s all\u00e1 de las acciones legales pertinentes para sancionar a los corruptos y a los corruptores. No puede haber perd\u00f3n y olvido frente a esta realidad lacerante para el pa\u00eds.<\/p>\n<p style=\"text-align: justify;\"><strong>Finalmente, \u00bfhacia d\u00f3nde va la CNA hoy y cu\u00e1les son sus objetivos inmediatos?<\/strong><\/p>\n<p style=\"text-align: justify;\">Estamos trabajando para lograr tener cap\u00edtulos anticorrupci\u00f3n en todas las provincias para que atiendan los problemas locales y regionales. Aspiramos favorecer nuestra tarea mediante los convenios suscritos \u2013tambi\u00e9n se han replicado algunos acuerdos en provincias entre los cap\u00edtulos provinciales de la CNA con autoridades locales- y queremos\u00a0 articular campa\u00f1as nacionales para lograr que la educaci\u00f3n en valores sea un elemento fundamental en la formaci\u00f3n de nuestros j\u00f3venes y en todas las instancias educativas. Todo ello, junto a las denuncias de la corrupci\u00f3n como un compromiso central de nuestra gesti\u00f3n.<\/p>\n","protected":false},"excerpt":{"rendered":"<p>La Comisi\u00f3n Nacional Anticorrupci\u00f3n cumple 4 a\u00f1os de aporte significativo en la lucha contra la corrupci\u00f3n y la impunidad. Opci\u00f3n S dialog\u00f3 con su coordinador nacional, Germ\u00e1n Rodas Chaves, quien hace una breve aproximaci\u00f3n a la trayectoria de esta organizaci\u00f3n, se\u00f1alando tambi\u00e9n los retos actuales y futuros. La CNA est\u00e1<\/p>\n","protected":false},"author":8,"featured_media":4047,"comment_status":"open","ping_status":"open","sticky":false,"template":"","format":"standard","meta":[],"categories":[16],"tags":[],"yoast_head":"<!-- This site is optimized with the Yoast SEO plugin v14.3 - https:\/\/yoast.com\/wordpress\/plugins\/seo\/ -->\n<title>\u201cLa acci\u00f3n de la Comisi\u00f3n Anticorrupci\u00f3n en estos cuatro a\u00f1os, no le ha costado un solo centavo al pa\u00eds\u201d - Opci&oacute;n S<\/title>\n<meta name=\"robots\" content=\"index, follow\" \/>\n<meta name=\"googlebot\" content=\"index, follow, max-snippet:-1, max-image-preview:large, max-video-preview:-1\" \/>\n<meta name=\"bingbot\" content=\"index, follow, max-snippet:-1, max-image-preview:large, max-video-preview:-1\" \/>\n<link rel=\"canonical\" href=\"https:\/\/opcions.ec\/portal\/2019\/11\/20\/toda-la-estructura-de-salud-publica-fue-asaltada-por-una-banda\/\" \/>\n<meta property=\"og:locale\" content=\"es_ES\" \/>\n<meta property=\"og:type\" content=\"article\" \/>\n<meta property=\"og:title\" content=\"\u201cLa acci\u00f3n de la Comisi\u00f3n Anticorrupci\u00f3n en estos cuatro a\u00f1os, no le ha costado un solo centavo al pa\u00eds\u201d - Opci&oacute;n S\" \/>\n<meta property=\"og:description\" content=\"La Comisi\u00f3n Nacional Anticorrupci\u00f3n cumple 4 a\u00f1os de aporte significativo en la lucha contra la corrupci\u00f3n y la impunidad. Opci\u00f3n S dialog\u00f3 con su coordinador nacional, Germ\u00e1n Rodas Chaves, quien hace una breve aproximaci\u00f3n a la trayectoria de esta organizaci\u00f3n, se\u00f1alando tambi\u00e9n los retos actuales y futuros. La CNA est\u00e1\" \/>\n<meta property=\"og:url\" content=\"https:\/\/opcions.ec\/portal\/2019\/11\/20\/toda-la-estructura-de-salud-publica-fue-asaltada-por-una-banda\/\" \/>\n<meta property=\"og:site_name\" content=\"Opci&oacute;n S\" \/>\n<meta property=\"article:published_time\" content=\"2019-11-20T21:41:11+00:00\" \/>\n<meta property=\"article:modified_time\" content=\"2019-11-21T12:26:21+00:00\" \/>\n<meta property=\"og:image\" content=\"https:\/\/opcions.ec\/portal\/wp-content\/uploads\/2019\/11\/j1.jpg\" \/>\n\t<meta property=\"og:image:width\" content=\"612\" \/>\n\t<meta property=\"og:image:height\" content=\"340\" \/>\n<meta name=\"twitter:card\" content=\"summary_large_image\" \/>\n<script type=\"application\/ld+json\" class=\"yoast-schema-graph\">{\"@context\":\"https:\/\/schema.org\",\"@graph\":[{\"@type\":\"WebSite\",\"@id\":\"https:\/\/opcions.ec\/portal\/#website\",\"url\":\"https:\/\/opcions.ec\/portal\/\",\"name\":\"Opci&oacute;n S\",\"description\":\"\",\"potentialAction\":[{\"@type\":\"SearchAction\",\"target\":\"https:\/\/opcions.ec\/portal\/?s={search_term_string}\",\"query-input\":\"required name=search_term_string\"}],\"inLanguage\":\"es\"},{\"@type\":\"ImageObject\",\"@id\":\"https:\/\/opcions.ec\/portal\/2019\/11\/20\/toda-la-estructura-de-salud-publica-fue-asaltada-por-una-banda\/#primaryimage\",\"inLanguage\":\"es\",\"url\":\"https:\/\/opcions.ec\/portal\/wp-content\/uploads\/2019\/11\/j1.jpg\",\"width\":612,\"height\":340,\"caption\":\"Entrevista a Germ\\u00e1n Rodas Chaves (Coordinador de la Comisi\\u00f3n Nacional Anticorrupci\\u00f3n, CNA).\"},{\"@type\":\"WebPage\",\"@id\":\"https:\/\/opcions.ec\/portal\/2019\/11\/20\/toda-la-estructura-de-salud-publica-fue-asaltada-por-una-banda\/#webpage\",\"url\":\"https:\/\/opcions.ec\/portal\/2019\/11\/20\/toda-la-estructura-de-salud-publica-fue-asaltada-por-una-banda\/\",\"name\":\"\\u201cLa acci\\u00f3n de la Comisi\\u00f3n Anticorrupci\\u00f3n en estos cuatro a\\u00f1os, no le ha costado un solo centavo al pa\\u00eds\\u201d - Opci&oacute;n S\",\"isPartOf\":{\"@id\":\"https:\/\/opcions.ec\/portal\/#website\"},\"primaryImageOfPage\":{\"@id\":\"https:\/\/opcions.ec\/portal\/2019\/11\/20\/toda-la-estructura-de-salud-publica-fue-asaltada-por-una-banda\/#primaryimage\"},\"datePublished\":\"2019-11-20T21:41:11+00:00\",\"dateModified\":\"2019-11-21T12:26:21+00:00\",\"author\":{\"@id\":\"https:\/\/opcions.ec\/portal\/#\/schema\/person\/bef0776a07b5913093e10f04f6db4814\"},\"breadcrumb\":{\"@id\":\"https:\/\/opcions.ec\/portal\/2019\/11\/20\/toda-la-estructura-de-salud-publica-fue-asaltada-por-una-banda\/#breadcrumb\"},\"inLanguage\":\"es\",\"potentialAction\":[{\"@type\":\"ReadAction\",\"target\":[\"https:\/\/opcions.ec\/portal\/2019\/11\/20\/toda-la-estructura-de-salud-publica-fue-asaltada-por-una-banda\/\"]}]},{\"@type\":\"BreadcrumbList\",\"@id\":\"https:\/\/opcions.ec\/portal\/2019\/11\/20\/toda-la-estructura-de-salud-publica-fue-asaltada-por-una-banda\/#breadcrumb\",\"itemListElement\":[{\"@type\":\"ListItem\",\"position\":1,\"item\":{\"@type\":\"WebPage\",\"@id\":\"https:\/\/opcions.ec\/portal\/\",\"url\":\"https:\/\/opcions.ec\/portal\/\",\"name\":\"Portada\"}},{\"@type\":\"ListItem\",\"position\":2,\"item\":{\"@type\":\"WebPage\",\"@id\":\"https:\/\/opcions.ec\/portal\/2019\/11\/20\/toda-la-estructura-de-salud-publica-fue-asaltada-por-una-banda\/\",\"url\":\"https:\/\/opcions.ec\/portal\/2019\/11\/20\/toda-la-estructura-de-salud-publica-fue-asaltada-por-una-banda\/\",\"name\":\"\\u201cLa acci\\u00f3n de la Comisi\\u00f3n Anticorrupci\\u00f3n en estos cuatro a\\u00f1os, no le ha costado un solo centavo al pa\\u00eds\\u201d\"}}]},{\"@type\":[\"Person\"],\"@id\":\"https:\/\/opcions.ec\/portal\/#\/schema\/person\/bef0776a07b5913093e10f04f6db4814\",\"name\":\"Opci\\u00f3n S\",\"image\":{\"@type\":\"ImageObject\",\"@id\":\"https:\/\/opcions.ec\/portal\/#personlogo\",\"inLanguage\":\"es\",\"url\":\"https:\/\/secure.gravatar.com\/avatar\/5533594912fe46df7193ef652e3f5069?s=96&d=mm&r=g\",\"caption\":\"Opci\\u00f3n S\"}}]}<\/script>\n<!-- \/ Yoast SEO plugin. -->","_links":{"self":[{"href":"https:\/\/opcions.ec\/portal\/wp-json\/wp\/v2\/posts\/4043"}],"collection":[{"href":"https:\/\/opcions.ec\/portal\/wp-json\/wp\/v2\/posts"}],"about":[{"href":"https:\/\/opcions.ec\/portal\/wp-json\/wp\/v2\/types\/post"}],"author":[{"embeddable":true,"href":"https:\/\/opcions.ec\/portal\/wp-json\/wp\/v2\/users\/8"}],"replies":[{"embeddable":true,"href":"https:\/\/opcions.ec\/portal\/wp-json\/wp\/v2\/comments?post=4043"}],"version-history":[{"count":4,"href":"https:\/\/opcions.ec\/portal\/wp-json\/wp\/v2\/posts\/4043\/revisions"}],"predecessor-version":[{"id":4052,"href":"https:\/\/opcions.ec\/portal\/wp-json\/wp\/v2\/posts\/4043\/revisions\/4052"}],"wp:featuredmedia":[{"embeddable":true,"href":"https:\/\/opcions.ec\/portal\/wp-json\/wp\/v2\/media\/4047"}],"wp:attachment":[{"href":"https:\/\/opcions.ec\/portal\/wp-json\/wp\/v2\/media?parent=4043"}],"wp:term":[{"taxonomy":"category","embeddable":true,"href":"https:\/\/opcions.ec\/portal\/wp-json\/wp\/v2\/categories?post=4043"},{"taxonomy":"post_tag","embeddable":true,"href":"https:\/\/opcions.ec\/portal\/wp-json\/wp\/v2\/tags?post=4043"}],"curies":[{"name":"wp","href":"https:\/\/api.w.org\/{rel}","templated":true}]}}