{"id":4030,"date":"2019-11-18T23:59:06","date_gmt":"2019-11-18T23:59:06","guid":{"rendered":"https:\/\/opcions.ec\/portal\/?p=4030"},"modified":"2019-11-19T13:58:48","modified_gmt":"2019-11-19T13:58:48","slug":"a-son-of-man-la-maldicion-del-tesoro-de-atahualpa","status":"publish","type":"post","link":"https:\/\/opcions.ec\/portal\/2019\/11\/18\/a-son-of-man-la-maldicion-del-tesoro-de-atahualpa\/","title":{"rendered":"\u201cA son of man\u201d. La maldici\u00f3n del tesoro de Atahualpa"},"content":{"rendered":"<p style=\"text-align: right;\"><strong>Andr\u00e9s Crespo Arosemena y Reinberg Gallardo<\/strong><\/p>\n<p style=\"text-align: justify;\">\u201cA son of man\u201d es la traves\u00eda de un hijo que intenta expresar y conservar para siempre el amor y la obsesi\u00f3n de lo que su padre signific\u00f3 para \u00e9l.\u00a0El material comenz\u00f3 a grabarse junto a su padre, pero \u00e9l muri\u00f3 y el hijo tom\u00f3 el lugar de su padre, y m\u00e1s tarde su propio hijo tom\u00f3 su lugar.<\/p>\n<p style=\"text-align: justify;\">Andr\u00e9s Fern\u00e1ndez Salvador y Zaldumbide es el patriarca original, Luis Felipe Fern\u00e1ndez Salvador y Campod\u00f3nico es el hijo y autor del filme, y el hijo que lleva su nombre, Luis Felipe Fern\u00e1ndez Salvador y Bolo\u00f1a, es el depositario de la b\u00fasqueda y narrador de la historia.<\/p>\n<blockquote>\n<p style=\"text-align: justify;\">Es un filme creado y manufacturado a prueba y error. Las im\u00e1genes que vemos literalmente fueron filmadas m\u00e1s de una vez, primero en un formato documental y luego vueltas a filmar para la ficci\u00f3n junto al brutal artista argentino, Pablo Ag\u00fcero (Mendoza, 1977), co-director de la cinta.<\/p>\n<\/blockquote>\n<p style=\"text-align: justify;\">La pel\u00edcula es bestialmente honesta en cuanto a su encuadre y lugar de origen: esta es la historia de un hombre de poder, un terrateniente y un oligarca del tercer mundo que busca cumplir un sue\u00f1o a trav\u00e9s de cualquier medio que sea necesario. Y ese retrato fiero est\u00e1 totalmente desprovisto de correcci\u00f3n pol\u00edtica alguna. Las relaciones de poder entre patr\u00f3n y empleado son posesivas e hirientes, y en un punto dado, saltan al \u00e1mbito del absurdo.<\/p>\n<p><img loading=\"lazy\" class=\"aligncenter size-full wp-image-4033\" src=\"https:\/\/opcions.ec\/portal\/wp-content\/uploads\/2019\/11\/ac2.png\" alt=\"\" width=\"980\" height=\"551\" srcset=\"https:\/\/opcions.ec\/portal\/wp-content\/uploads\/2019\/11\/ac2.png 980w, https:\/\/opcions.ec\/portal\/wp-content\/uploads\/2019\/11\/ac2-300x169.png 300w, https:\/\/opcions.ec\/portal\/wp-content\/uploads\/2019\/11\/ac2-768x432.png 768w, https:\/\/opcions.ec\/portal\/wp-content\/uploads\/2019\/11\/ac2-260x146.png 260w, https:\/\/opcions.ec\/portal\/wp-content\/uploads\/2019\/11\/ac2-50x28.png 50w, https:\/\/opcions.ec\/portal\/wp-content\/uploads\/2019\/11\/ac2-133x75.png 133w\" sizes=\"(max-width: 980px) 100vw, 980px\" \/><\/p>\n<p style=\"text-align: justify;\">Y de ese absurdo nace la est\u00e9tica general del filme, cuando al buscar un nuevo g\u00e9nero (algo que no se le hab\u00eda perdido, como dir\u00edan en Manab\u00ed), desaf\u00eda el lenguaje cinematogr\u00e1fico tradicional de una forma que crea, por instantes, la ilusi\u00f3n de eludirlo del todo, llev\u00e1ndonos a esa dimensi\u00f3n bella y demencial, esa que proviene de una visi\u00f3n del mundo y un estilo de vida al que, por su origen en la aristocracia del dinero y el poder, nada le es imposible.<\/p>\n<blockquote>\n<p style=\"text-align: justify;\">Y esa cosmovisi\u00f3n olig\u00e1rquica se plasma en aquel bello y vac\u00edo aforismo de Nietzsche concebido en \u201cEl nacimiento de la tragedia\u201d que dice: \u00ab&#8230;s\u00f3lo como fen\u00f3meno est\u00e9tico est\u00e1n eternamente justificados el mundo y la existencia\u00bb.<\/p>\n<\/blockquote>\n<p style=\"text-align: justify;\">La frase es un s\u00edmbolo que se repite a trav\u00e9s de la pel\u00edcula por Lily Van Ghemen, actriz, motor y productora de \u201cUn hijo de hombre\u201d, quien la repite una y otra vez, como un mantra en eterno retorno que alivia falsamente la ansiedad existencial.<\/p>\n<p><img loading=\"lazy\" class=\"aligncenter size-full wp-image-4032\" src=\"https:\/\/opcions.ec\/portal\/wp-content\/uploads\/2019\/11\/ac3.png\" alt=\"\" width=\"1378\" height=\"731\" srcset=\"https:\/\/opcions.ec\/portal\/wp-content\/uploads\/2019\/11\/ac3.png 1378w, https:\/\/opcions.ec\/portal\/wp-content\/uploads\/2019\/11\/ac3-300x159.png 300w, https:\/\/opcions.ec\/portal\/wp-content\/uploads\/2019\/11\/ac3-768x407.png 768w, https:\/\/opcions.ec\/portal\/wp-content\/uploads\/2019\/11\/ac3-1024x543.png 1024w, https:\/\/opcions.ec\/portal\/wp-content\/uploads\/2019\/11\/ac3-260x138.png 260w, https:\/\/opcions.ec\/portal\/wp-content\/uploads\/2019\/11\/ac3-50x27.png 50w, https:\/\/opcions.ec\/portal\/wp-content\/uploads\/2019\/11\/ac3-141x75.png 141w\" sizes=\"(max-width: 1378px) 100vw, 1378px\" \/><\/p>\n<p style=\"text-align: justify;\">El filme es, a la vez, una s\u00e1tira y una oda nost\u00e1lgica a una forma de entender la vida y de vivirla, un canto a la opresi\u00f3n como fuente de poder en una era que no ha pasado, que sigue viva entre nosotros, y que, en estos d\u00edas, revienta en la cara del planeta entero.<\/p>\n<p style=\"text-align: justify;\">Un hombre tiene un hijo, y ante ese hijo se siente padre, y por eso su hijo es la memoria de su padre muerto. Su hijo es su deber ser, es su basti\u00f3n de vida, es el amor hacia su padre encarnado en un adolescente, es la sangre del clan que obliga a la tradici\u00f3n y sus valores: la valent\u00eda, el arrojo, la inmisericordia, la resiliencia, y en este caso, la lucha sin fin por el alma del clan: la realizaci\u00f3n de un sue\u00f1o.<\/p>\n<blockquote>\n<p style=\"text-align: justify;\">Un sue\u00f1o que debe pasar de una generaci\u00f3n a otra, y en toda su obsesi\u00f3n y gloria, ese sue\u00f1o se convierte en el amor mismo, entendiendo el amor como el esfuerzo com\u00fan e ineludible en la realizaci\u00f3n de ese sue\u00f1o.<\/p>\n<\/blockquote>\n<p style=\"text-align: justify;\">Y ese sue\u00f1o es encontrar el tesoro de Atahualpa, perdido en los Llanganates.<\/p>\n<p><img loading=\"lazy\" class=\"aligncenter size-full wp-image-4035\" src=\"https:\/\/opcions.ec\/portal\/wp-content\/uploads\/2019\/11\/ac5.png\" alt=\"\" width=\"800\" height=\"400\" srcset=\"https:\/\/opcions.ec\/portal\/wp-content\/uploads\/2019\/11\/ac5.png 800w, https:\/\/opcions.ec\/portal\/wp-content\/uploads\/2019\/11\/ac5-300x150.png 300w, https:\/\/opcions.ec\/portal\/wp-content\/uploads\/2019\/11\/ac5-768x384.png 768w, https:\/\/opcions.ec\/portal\/wp-content\/uploads\/2019\/11\/ac5-260x130.png 260w, https:\/\/opcions.ec\/portal\/wp-content\/uploads\/2019\/11\/ac5-50x25.png 50w, https:\/\/opcions.ec\/portal\/wp-content\/uploads\/2019\/11\/ac5-150x75.png 150w\" sizes=\"(max-width: 800px) 100vw, 800px\" \/><\/p>\n<p style=\"text-align: justify;\">Y fiel a la naturaleza absolutamente \u00e9pica de esa empresa, la pel\u00edcula no se achica nunca, cada toma a\u00e9rea de National Geographic, cada cuadro de Benjam\u00edn Echazarreta (Gloria, una mujer Fant\u00e1stica), cada l\u00ednea de di\u00e1logo exagerado grabado en post producci\u00f3n, cada tono de rosado intenso de la directora de arte Alicia Herrera resaltando en la selva verde, con el sonido de la b\u00fasqueda del maestro Santaolalla tronando en los parlantes, todo te hace sentir que hab\u00eda llegado la hora de sacrificar cualquier sutileza a favor de la grandiosidad del espect\u00e1culo, y la raz\u00f3n no estaba clara ni ya importaba, estaban buscando el tesoro perdido de Atahualpa y esa es la \u00fanica forma de contarlo. Y lo es.<\/p>\n<p><img loading=\"lazy\" class=\"aligncenter size-full wp-image-4036\" src=\"https:\/\/opcions.ec\/portal\/wp-content\/uploads\/2019\/11\/ac6.png\" alt=\"\" width=\"1200\" height=\"520\" srcset=\"https:\/\/opcions.ec\/portal\/wp-content\/uploads\/2019\/11\/ac6.png 1200w, https:\/\/opcions.ec\/portal\/wp-content\/uploads\/2019\/11\/ac6-300x130.png 300w, https:\/\/opcions.ec\/portal\/wp-content\/uploads\/2019\/11\/ac6-768x333.png 768w, https:\/\/opcions.ec\/portal\/wp-content\/uploads\/2019\/11\/ac6-1024x444.png 1024w, https:\/\/opcions.ec\/portal\/wp-content\/uploads\/2019\/11\/ac6-260x113.png 260w, https:\/\/opcions.ec\/portal\/wp-content\/uploads\/2019\/11\/ac6-50x22.png 50w, https:\/\/opcions.ec\/portal\/wp-content\/uploads\/2019\/11\/ac6-150x65.png 150w\" sizes=\"(max-width: 1200px) 100vw, 1200px\" \/><\/p>\n<p style=\"text-align: justify;\">En 1983, a mis 12 a\u00f1os de edad, el instinto de mi padre nos meti\u00f3 a \u00e9l y a m\u00ed a un cine en Quito a ver \u201cCobra Verde\u201d, de Werner Herzog. Recuerdo la maravilla. La estupefacci\u00f3n. El placer de no saber si estaba en un cine o en un circo. La belleza de ser testigo de una tan bien lograda farsa. Ese es el tipo de cine que he amado desde ese d\u00eda. Y no me hab\u00eda vuelto a sentir as\u00ed hasta que vi \u201cA son of man\u201d de Luis Felipe Fernandez-Salvador y Campod\u00f3nico.<\/p>\n<p style=\"text-align: justify;\">Para terminar, el nombre en ingl\u00e9s, el p\u00f3ster y la decisi\u00f3n del autor de usar el seud\u00f3nimo \u201cJamaicanoproblem\u201d, la recomendaci\u00f3n en pantalla del presidente de la Rep\u00fablica y el exalcalde de Guayaquil, as\u00ed como un enfoque tur\u00edstico e h\u00edper nacionalista que se le ha dado p\u00fablicamente a la pel\u00edcula, me son temas francamente incomprensibles. Como tambi\u00e9n lo es, en primer lugar, el haber hecho el filme. As\u00ed que supongo que todo tiene sentido.<\/p>\n<p style=\"text-align: justify;\">Cada cual se forjar\u00e1 un sentimiento y una opini\u00f3n, pero perd\u00e9rsela, es una opci\u00f3n a la cual este trabajo no deja cabida.<\/p>\n","protected":false},"excerpt":{"rendered":"<p>Andr\u00e9s Crespo Arosemena y Reinberg Gallardo \u201cA son of man\u201d es la traves\u00eda de un hijo que intenta expresar y conservar para siempre el amor y la obsesi\u00f3n de lo que su padre signific\u00f3 para \u00e9l.\u00a0El material comenz\u00f3 a grabarse junto a su padre, pero \u00e9l muri\u00f3 y el hijo<\/p>\n","protected":false},"author":72,"featured_media":4034,"comment_status":"open","ping_status":"open","sticky":false,"template":"","format":"standard","meta":[],"categories":[1,178],"tags":[],"yoast_head":"<!-- This site is optimized with the Yoast SEO plugin v14.3 - https:\/\/yoast.com\/wordpress\/plugins\/seo\/ -->\n<title>\u201cA son of man\u201d. La maldici\u00f3n del tesoro de Atahualpa - Opci&oacute;n S<\/title>\n<meta name=\"robots\" content=\"index, follow\" \/>\n<meta name=\"googlebot\" content=\"index, follow, max-snippet:-1, max-image-preview:large, max-video-preview:-1\" \/>\n<meta name=\"bingbot\" content=\"index, follow, max-snippet:-1, max-image-preview:large, max-video-preview:-1\" \/>\n<link rel=\"canonical\" href=\"https:\/\/opcions.ec\/portal\/2019\/11\/18\/a-son-of-man-la-maldicion-del-tesoro-de-atahualpa\/\" \/>\n<meta property=\"og:locale\" content=\"es_ES\" \/>\n<meta property=\"og:type\" content=\"article\" \/>\n<meta property=\"og:title\" content=\"\u201cA son of man\u201d. La maldici\u00f3n del tesoro de Atahualpa - Opci&oacute;n S\" \/>\n<meta property=\"og:description\" content=\"Andr\u00e9s Crespo Arosemena y Reinberg Gallardo \u201cA son of man\u201d es la traves\u00eda de un hijo que intenta expresar y conservar para siempre el amor y la obsesi\u00f3n de lo que su padre signific\u00f3 para \u00e9l.\u00a0El material comenz\u00f3 a grabarse junto a su padre, pero \u00e9l muri\u00f3 y el hijo\" \/>\n<meta property=\"og:url\" content=\"https:\/\/opcions.ec\/portal\/2019\/11\/18\/a-son-of-man-la-maldicion-del-tesoro-de-atahualpa\/\" \/>\n<meta property=\"og:site_name\" content=\"Opci&oacute;n S\" \/>\n<meta property=\"article:published_time\" content=\"2019-11-18T23:59:06+00:00\" \/>\n<meta property=\"article:modified_time\" content=\"2019-11-19T13:58:48+00:00\" \/>\n<meta property=\"og:image\" content=\"https:\/\/opcions.ec\/portal\/wp-content\/uploads\/2019\/11\/ac1.png\" \/>\n\t<meta property=\"og:image:width\" content=\"1200\" \/>\n\t<meta property=\"og:image:height\" content=\"520\" \/>\n<meta name=\"twitter:card\" content=\"summary_large_image\" \/>\n<script type=\"application\/ld+json\" class=\"yoast-schema-graph\">{\"@context\":\"https:\/\/schema.org\",\"@graph\":[{\"@type\":\"WebSite\",\"@id\":\"https:\/\/opcions.ec\/portal\/#website\",\"url\":\"https:\/\/opcions.ec\/portal\/\",\"name\":\"Opci&oacute;n S\",\"description\":\"\",\"potentialAction\":[{\"@type\":\"SearchAction\",\"target\":\"https:\/\/opcions.ec\/portal\/?s={search_term_string}\",\"query-input\":\"required name=search_term_string\"}],\"inLanguage\":\"es\"},{\"@type\":\"ImageObject\",\"@id\":\"https:\/\/opcions.ec\/portal\/2019\/11\/18\/a-son-of-man-la-maldicion-del-tesoro-de-atahualpa\/#primaryimage\",\"inLanguage\":\"es\",\"url\":\"https:\/\/opcions.ec\/portal\/wp-content\/uploads\/2019\/11\/ac1.png\",\"width\":1200,\"height\":520},{\"@type\":\"WebPage\",\"@id\":\"https:\/\/opcions.ec\/portal\/2019\/11\/18\/a-son-of-man-la-maldicion-del-tesoro-de-atahualpa\/#webpage\",\"url\":\"https:\/\/opcions.ec\/portal\/2019\/11\/18\/a-son-of-man-la-maldicion-del-tesoro-de-atahualpa\/\",\"name\":\"\\u201cA son of man\\u201d. La maldici\\u00f3n del tesoro de Atahualpa - Opci&oacute;n S\",\"isPartOf\":{\"@id\":\"https:\/\/opcions.ec\/portal\/#website\"},\"primaryImageOfPage\":{\"@id\":\"https:\/\/opcions.ec\/portal\/2019\/11\/18\/a-son-of-man-la-maldicion-del-tesoro-de-atahualpa\/#primaryimage\"},\"datePublished\":\"2019-11-18T23:59:06+00:00\",\"dateModified\":\"2019-11-19T13:58:48+00:00\",\"author\":{\"@id\":\"https:\/\/opcions.ec\/portal\/#\/schema\/person\/b57ebc4f2b5d09faafb43f81fd60afa4\"},\"breadcrumb\":{\"@id\":\"https:\/\/opcions.ec\/portal\/2019\/11\/18\/a-son-of-man-la-maldicion-del-tesoro-de-atahualpa\/#breadcrumb\"},\"inLanguage\":\"es\",\"potentialAction\":[{\"@type\":\"ReadAction\",\"target\":[\"https:\/\/opcions.ec\/portal\/2019\/11\/18\/a-son-of-man-la-maldicion-del-tesoro-de-atahualpa\/\"]}]},{\"@type\":\"BreadcrumbList\",\"@id\":\"https:\/\/opcions.ec\/portal\/2019\/11\/18\/a-son-of-man-la-maldicion-del-tesoro-de-atahualpa\/#breadcrumb\",\"itemListElement\":[{\"@type\":\"ListItem\",\"position\":1,\"item\":{\"@type\":\"WebPage\",\"@id\":\"https:\/\/opcions.ec\/portal\/\",\"url\":\"https:\/\/opcions.ec\/portal\/\",\"name\":\"Portada\"}},{\"@type\":\"ListItem\",\"position\":2,\"item\":{\"@type\":\"WebPage\",\"@id\":\"https:\/\/opcions.ec\/portal\/2019\/11\/18\/a-son-of-man-la-maldicion-del-tesoro-de-atahualpa\/\",\"url\":\"https:\/\/opcions.ec\/portal\/2019\/11\/18\/a-son-of-man-la-maldicion-del-tesoro-de-atahualpa\/\",\"name\":\"\\u201cA son of man\\u201d. La maldici\\u00f3n del tesoro de Atahualpa\"}}]},{\"@type\":[\"Person\"],\"@id\":\"https:\/\/opcions.ec\/portal\/#\/schema\/person\/b57ebc4f2b5d09faafb43f81fd60afa4\",\"name\":\"Andr\\u00e9s Crespo Arosemena\",\"image\":{\"@type\":\"ImageObject\",\"@id\":\"https:\/\/opcions.ec\/portal\/#personlogo\",\"inLanguage\":\"es\",\"url\":\"https:\/\/secure.gravatar.com\/avatar\/bf14bbb331095aa94b4954c0df0649eb?s=96&d=mm&r=g\",\"caption\":\"Andr\\u00e9s Crespo Arosemena\"},\"description\":\"Actor, director de cine y guionista ecuatoriano.\"}]}<\/script>\n<!-- \/ Yoast SEO plugin. -->","_links":{"self":[{"href":"https:\/\/opcions.ec\/portal\/wp-json\/wp\/v2\/posts\/4030"}],"collection":[{"href":"https:\/\/opcions.ec\/portal\/wp-json\/wp\/v2\/posts"}],"about":[{"href":"https:\/\/opcions.ec\/portal\/wp-json\/wp\/v2\/types\/post"}],"author":[{"embeddable":true,"href":"https:\/\/opcions.ec\/portal\/wp-json\/wp\/v2\/users\/72"}],"replies":[{"embeddable":true,"href":"https:\/\/opcions.ec\/portal\/wp-json\/wp\/v2\/comments?post=4030"}],"version-history":[{"count":5,"href":"https:\/\/opcions.ec\/portal\/wp-json\/wp\/v2\/posts\/4030\/revisions"}],"predecessor-version":[{"id":4042,"href":"https:\/\/opcions.ec\/portal\/wp-json\/wp\/v2\/posts\/4030\/revisions\/4042"}],"wp:featuredmedia":[{"embeddable":true,"href":"https:\/\/opcions.ec\/portal\/wp-json\/wp\/v2\/media\/4034"}],"wp:attachment":[{"href":"https:\/\/opcions.ec\/portal\/wp-json\/wp\/v2\/media?parent=4030"}],"wp:term":[{"taxonomy":"category","embeddable":true,"href":"https:\/\/opcions.ec\/portal\/wp-json\/wp\/v2\/categories?post=4030"},{"taxonomy":"post_tag","embeddable":true,"href":"https:\/\/opcions.ec\/portal\/wp-json\/wp\/v2\/tags?post=4030"}],"curies":[{"name":"wp","href":"https:\/\/api.w.org\/{rel}","templated":true}]}}