{"id":3280,"date":"2019-05-09T01:36:31","date_gmt":"2019-05-09T01:36:31","guid":{"rendered":"https:\/\/opcions.ec\/portal\/?p=3280"},"modified":"2019-05-09T02:12:28","modified_gmt":"2019-05-09T02:12:28","slug":"rafael-correa-y-lenin-moreno-las-dos-caras-de-una-misma-moneda","status":"publish","type":"post","link":"https:\/\/opcions.ec\/portal\/2019\/05\/09\/rafael-correa-y-lenin-moreno-las-dos-caras-de-una-misma-moneda\/","title":{"rendered":"Rafael Correa y Len\u00edn Moreno: \u00bfLas dos caras de una misma moneda?"},"content":{"rendered":"<p style=\"text-align: right;\"><strong>Manuel Salgado Tamayo<\/strong><\/p>\n<p style=\"text-align: justify;\">Entre los a\u00f1os 2007 y 2017 se gest\u00f3 en Ecuador una ret\u00f3rica de cambio econ\u00f3mico y social que habl\u00f3 del <em>sumak kawsay<\/em>, el buen vivir, la econom\u00eda social y solidaria, el socialismo del siglo XXI, la revoluci\u00f3n ciudadana. Toda esta ret\u00f3rica ten\u00eda el gran objetivo de criticar al neoliberalismo para legitimar el capitalismo. El capitalismo entendido como v\u00eda al desarrollo. Y el desarrollo interpretado como pol\u00edticas pragm\u00e1ticas para la acumulaci\u00f3n, con capacidad social y pol\u00edtica para neutralizar los riesgos antisist\u00e9micos provenientes de la resistencia popular.<\/p>\n<p style=\"text-align: justify;\">En la intensa campa\u00f1a de propaganda que acompa\u00f1\u00f3 el discurso oficial se busc\u00f3 desatar en el imaginario popular la idea de que todos los que luchan contra el neoliberalismo son compa\u00f1eros de ruta. La trampa ideol\u00f3gica, dise\u00f1ada por las \u00e9lites para capturar a las masas, fue relativamente simple: si el neoliberalismo era el Estado \u201cm\u00ednimo\u201d y el reino del mercado, la \u201crevoluci\u00f3n ciudadana\u201d impulsa el retorno de un Estado fuerte capaz de regular las fallas de mercado. Si el neoliberalismo era el monetarismo recesivo y la b\u00fasqueda del ajuste fiscal, la \u201crevoluci\u00f3n\u201d era la promoci\u00f3n del crecimiento y del gasto expansivo. Si el neoliberalismo era el reino del capital especulativo, la \u201crevoluci\u00f3n\u201d era su reemplazo por el capital productivo. Las masas empobrecidas y la indigencia intelectual de algunos de sus dirigentes no analizaron, ni entendieron, que las propuestas part\u00edan de la intangibilidad del capital y tampoco observaron que las pol\u00edticas de \u201cinclusi\u00f3n\u201d social y \u201ctransferencia monetaria directa\u201d eran recomendaciones formuladas por los mismos te\u00f3ricos del Banco Mundial \u00a0que antes los hab\u00edan sumido en la miseria y la desesperanza a trav\u00e9s a trav\u00e9s de las pol\u00edticas de ajuste estructural.<\/p>\n<blockquote>\n<p style=\"text-align: justify;\"><strong>El retorno del Estado y la presencia de un caudillo fuerte coincidieron en los tiempos con el largo ciclo de las materias primas y el boom financiero que lo acompa\u00f1\u00f3.<\/strong><\/p>\n<\/blockquote>\n<figure id=\"attachment_3282\" aria-describedby=\"caption-attachment-3282\" style=\"width: 782px\" class=\"wp-caption aligncenter\"><img loading=\"lazy\" class=\"size-full wp-image-3282\" src=\"https:\/\/opcions.ec\/portal\/wp-content\/uploads\/2019\/05\/2.png\" alt=\"\" width=\"782\" height=\"434\" srcset=\"https:\/\/opcions.ec\/portal\/wp-content\/uploads\/2019\/05\/2.png 782w, https:\/\/opcions.ec\/portal\/wp-content\/uploads\/2019\/05\/2-300x166.png 300w, https:\/\/opcions.ec\/portal\/wp-content\/uploads\/2019\/05\/2-768x426.png 768w, https:\/\/opcions.ec\/portal\/wp-content\/uploads\/2019\/05\/2-260x144.png 260w, https:\/\/opcions.ec\/portal\/wp-content\/uploads\/2019\/05\/2-50x28.png 50w, https:\/\/opcions.ec\/portal\/wp-content\/uploads\/2019\/05\/2-135x75.png 135w\" sizes=\"(max-width: 782px) 100vw, 782px\" \/><figcaption id=\"caption-attachment-3282\" class=\"wp-caption-text\">Fuente: El Comercio<\/figcaption><\/figure>\n<p style=\"text-align: justify;\">En una d\u00e9cada se hicieron inversiones por un total de 85.000 millones de d\u00f3lares en el mejoramiento de la red vial principal, en la construcci\u00f3n de 8 proyectos hidroel\u00e9ctricos, en el impulso a las obras de riego, en la ampliaci\u00f3n del sistema de distribuci\u00f3n de combustibles, en la reparaci\u00f3n de la Refiner\u00eda de Esmeraldas y en el \u00a0proyecto de la Refiner\u00eda del Pac\u00edfico, en la construcci\u00f3n de aeropuertos, en las Escuelas del Milenio, la ciudad del conocimiento y las 4 universidades de categor\u00eda mundial, en las ciudades del milenio en la Amazon\u00eda y en la dotaci\u00f3n de edificios para la funci\u00f3n judicial y la burocracia.<\/p>\n<blockquote>\n<p style=\"text-align: justify;\"><strong>Los ex\u00e1menes de esas obras, efectuados por la Contralor\u00eda General del Estado han demostrado que se impuso la falta de planificaci\u00f3n, la improvisaci\u00f3n y, en muchos casos, formas escandalosas de corrupci\u00f3n.<\/strong><\/p>\n<\/blockquote>\n<figure id=\"attachment_3283\" aria-describedby=\"caption-attachment-3283\" style=\"width: 784px\" class=\"wp-caption aligncenter\"><img loading=\"lazy\" class=\"size-full wp-image-3283\" src=\"https:\/\/opcions.ec\/portal\/wp-content\/uploads\/2019\/05\/3.png\" alt=\"\" width=\"784\" height=\"366\" srcset=\"https:\/\/opcions.ec\/portal\/wp-content\/uploads\/2019\/05\/3.png 784w, https:\/\/opcions.ec\/portal\/wp-content\/uploads\/2019\/05\/3-300x140.png 300w, https:\/\/opcions.ec\/portal\/wp-content\/uploads\/2019\/05\/3-768x359.png 768w, https:\/\/opcions.ec\/portal\/wp-content\/uploads\/2019\/05\/3-260x121.png 260w, https:\/\/opcions.ec\/portal\/wp-content\/uploads\/2019\/05\/3-50x23.png 50w, https:\/\/opcions.ec\/portal\/wp-content\/uploads\/2019\/05\/3-150x70.png 150w\" sizes=\"(max-width: 784px) 100vw, 784px\" \/><figcaption id=\"caption-attachment-3283\" class=\"wp-caption-text\">Fuente: El Tel\u00e9grafo<\/figcaption><\/figure>\n<p style=\"text-align: justify;\">El mayor volumen de los ingresos, estimados en unos 400 mil millones de d\u00f3lares para la d\u00e9cada, se destin\u00f3 a un desmesurado aumento del \u00a0gasto p\u00fablico, sobre todo al gasto corriente, desperdiciando la oportunidad hist\u00f3rica de resolver viejos problemas estructurales. Para colmo, el primer presidente economista de la historia careci\u00f3 de pol\u00edticas de producci\u00f3n y empleo; por lo que, cuando lleg\u00f3 la fase de descenso del ciclo capitalista, Rafael Correa termin\u00f3 sus veleidades progresistas y di paso a un ajuste fiscal, no muy distinto a los que impone el FMI, que incluy\u00f3 el recorte del gasto en el Presupuesto del Estado que pas\u00f3 de 44.3 mil millones de d\u00f3lares en el 2014, a 37.6 mil millones de d\u00f3lares en el 2016; y el agresivo endeudamiento p\u00fablico, interno y externo, que llev\u00f3 la deuda de unos 12.000 millones de d\u00f3lares a 65.000 millones, es decir, un incremento del 600%. \u00a0La angustia por tener financiamiento llev\u00f3 a Correa a negociar el oro de la reserva con uno de los bancos m\u00e1s desprestigiados del mundo: Goldman Sachs; a concesionar los pozos petroleros &#8211; considerados como las joyas de la corona &#8211; a empresas transnacionales; lo mismo sucedi\u00f3 con las minas de oro, plata y cobre; la telefon\u00eda celular; los puertos; las f\u00e1bricas de cemento; y las bombas de gasolina. Tambi\u00e9n se apoder\u00f3 de los recursos de los fondos de pensiones y de salud del IESS, dando origen a su actual crisis, para llegar al extremo de abandonar todo su discurso cr\u00edtico del neoliberalismo al firmar el TLC con la Uni\u00f3n Europea.Correa anunci\u00f3 adem\u00e1s, el martes 28 de marzo del 2017 (Ver Diario \u201cEl Comercio\u201d, p. 5) que ten\u00eda listo el proyecto para vender el Banco del Pac\u00edfico; la Corporaci\u00f3n Nacional de Telecomunicaciones (CNT); las hidroel\u00e9ctricas: Sopladora, Manduriacu y Oca\u00f1a; la Flota Petrolera Ecuatoriana (FLOPEC); TAME; INMOBILIAR; la Empresa P\u00fablica Cementera; y los canales TC y Gama Televisi\u00f3n.<\/p>\n<p style=\"text-align: justify;\">Esas fueron las condiciones en que Rafael Correa deja el poder a su sucesor. Desde el 2015 hab\u00eda estallado en Brasil el esc\u00e1ndalo de Odebrech que caus\u00f3 un terremoto social y pol\u00edtico en los 12 pa\u00edses en los que jefes de Estado y otros altos funcionarios hab\u00edan sido penetrados por el departamento de coimas de la transnacional brasile\u00f1a. Correa pretendi\u00f3 ocultar y minimizar los impactos del esc\u00e1ndalo en el Ecuador. El equipo de Moreno debi\u00f3 entender que esconder ese alud de denuncias era como intentar tapar la luz del sol con un dedo y dio inici\u00f3 a lo que llam\u00f3 \u201cla cirug\u00eda mayor contra la corrupci\u00f3n\u201d que permiti\u00f3 llevar a la c\u00e1rcel al Vicepresidente Jorge Glas y otros ex altos funcionarios del correismo, cuyo lado decepcionante ha sido la imposibilidad de recuperar algunos de los miles de millones que se llev\u00f3 la mafia del Minotauro.<\/p>\n<figure id=\"attachment_3284\" aria-describedby=\"caption-attachment-3284\" style=\"width: 714px\" class=\"wp-caption aligncenter\"><img loading=\"lazy\" class=\"size-full wp-image-3284\" src=\"https:\/\/opcions.ec\/portal\/wp-content\/uploads\/2019\/05\/4.png\" alt=\"\" width=\"714\" height=\"401\" srcset=\"https:\/\/opcions.ec\/portal\/wp-content\/uploads\/2019\/05\/4.png 714w, https:\/\/opcions.ec\/portal\/wp-content\/uploads\/2019\/05\/4-300x168.png 300w, https:\/\/opcions.ec\/portal\/wp-content\/uploads\/2019\/05\/4-260x146.png 260w, https:\/\/opcions.ec\/portal\/wp-content\/uploads\/2019\/05\/4-50x28.png 50w, https:\/\/opcions.ec\/portal\/wp-content\/uploads\/2019\/05\/4-134x75.png 134w\" sizes=\"(max-width: 714px) 100vw, 714px\" \/><figcaption id=\"caption-attachment-3284\" class=\"wp-caption-text\">Fuente: Expreso<\/figcaption><\/figure>\n<p style=\"text-align: justify;\">El gobierno de Len\u00edn Moreno \u2013 que siempre busc\u00f3 ser el rostro amable del correismo &#8211; dio continuidad al modelo petrolero primario exportador y a su profundizaci\u00f3n con los proyectos de la gran miner\u00eda de cielo abierto, sigui\u00f3 las negociaciones iniciadas por Correa en el 2014 con el Fondo Monetario Internacional (FMI); hasta llegar, el 1 de marzo del 2019, de la Carta de Intenci\u00f3n que firman Richard Mart\u00ednez, como Ministro de Econom\u00eda y Ver\u00f3nica Artola, Gerente del Banco Central del Ecuador, que impone un reajuste de la masa salarial del sector p\u00fablico; la optimizaci\u00f3n del sistema de subsidios a los combustibles; la reforma del sistema tributario; la reducci\u00f3n del gasto p\u00fablico; la actualizaci\u00f3n de las tarifas de los servicios p\u00fablicos; la concesi\u00f3n de empresas p\u00fablicas al sector privado y una reforma laboral urgente. Todas medidas que golpean a los trabajadores y a las capas medias y que profundizan y prolongan la duraci\u00f3n del ciclo recesivo del capitalismo.<\/p>\n<blockquote>\n<p style=\"text-align: justify;\"><strong>Los hechos demuestran que entre Correa y Moreno, en los decisivos asuntos de la pol\u00edtica econ\u00f3mica, hay un eje de continuidad y no la \u201ctraici\u00f3n\u201d\u00a0 preconizada los beneficiarios del caudillo. <\/strong><\/p>\n<\/blockquote>\n<p style=\"text-align: justify;\">Por esta raz\u00f3n, ahora que se cumplen 40 a\u00f1os de la sobresalta vigencia de una democracia de \u00e9lites, podr\u00eda pedirse al talento de nuestros caricaturistas, que dise\u00f1en una moneda conmemorativa en la que se refleje, por un lado, el rostro adusto y prematuramente envejecido de la vanidad y descomposici\u00f3n del poder y, en el reverso, el rostro amable, sonriente y dispuesto al di\u00e1logo, rodando por la senda de las pol\u00edticas marcadas por el primero.<\/p>\n","protected":false},"excerpt":{"rendered":"<p>Manuel Salgado Tamayo Entre los a\u00f1os 2007 y 2017 se gest\u00f3 en Ecuador una ret\u00f3rica de cambio econ\u00f3mico y social que habl\u00f3 del sumak kawsay, el buen vivir, la econom\u00eda social y solidaria, el socialismo del siglo XXI, la revoluci\u00f3n ciudadana. Toda esta ret\u00f3rica ten\u00eda el gran objetivo de criticar<\/p>\n","protected":false},"author":7,"featured_media":3281,"comment_status":"open","ping_status":"open","sticky":false,"template":"","format":"standard","meta":[],"categories":[15],"tags":[],"yoast_head":"<!-- This site is optimized with the Yoast SEO plugin v14.3 - https:\/\/yoast.com\/wordpress\/plugins\/seo\/ -->\n<title>Rafael Correa y Len\u00edn Moreno: \u00bfLas dos caras de una misma moneda? - Opci&oacute;n S<\/title>\n<meta name=\"robots\" content=\"index, follow\" \/>\n<meta name=\"googlebot\" content=\"index, follow, max-snippet:-1, max-image-preview:large, max-video-preview:-1\" \/>\n<meta name=\"bingbot\" content=\"index, follow, max-snippet:-1, max-image-preview:large, max-video-preview:-1\" \/>\n<link rel=\"canonical\" href=\"https:\/\/opcions.ec\/portal\/2019\/05\/09\/rafael-correa-y-lenin-moreno-las-dos-caras-de-una-misma-moneda\/\" \/>\n<meta property=\"og:locale\" content=\"es_ES\" \/>\n<meta property=\"og:type\" content=\"article\" \/>\n<meta property=\"og:title\" content=\"Rafael Correa y Len\u00edn Moreno: \u00bfLas dos caras de una misma moneda? - Opci&oacute;n S\" \/>\n<meta property=\"og:description\" content=\"Manuel Salgado Tamayo Entre los a\u00f1os 2007 y 2017 se gest\u00f3 en Ecuador una ret\u00f3rica de cambio econ\u00f3mico y social que habl\u00f3 del sumak kawsay, el buen vivir, la econom\u00eda social y solidaria, el socialismo del siglo XXI, la revoluci\u00f3n ciudadana. Toda esta ret\u00f3rica ten\u00eda el gran objetivo de criticar\" \/>\n<meta property=\"og:url\" content=\"https:\/\/opcions.ec\/portal\/2019\/05\/09\/rafael-correa-y-lenin-moreno-las-dos-caras-de-una-misma-moneda\/\" \/>\n<meta property=\"og:site_name\" content=\"Opci&oacute;n S\" \/>\n<meta property=\"article:published_time\" content=\"2019-05-09T01:36:31+00:00\" \/>\n<meta property=\"article:modified_time\" content=\"2019-05-09T02:12:28+00:00\" \/>\n<meta property=\"og:image\" content=\"https:\/\/opcions.ec\/portal\/wp-content\/uploads\/2019\/05\/1.png\" \/>\n\t<meta property=\"og:image:width\" content=\"733\" \/>\n\t<meta property=\"og:image:height\" content=\"482\" \/>\n<meta name=\"twitter:card\" content=\"summary_large_image\" \/>\n<script type=\"application\/ld+json\" class=\"yoast-schema-graph\">{\"@context\":\"https:\/\/schema.org\",\"@graph\":[{\"@type\":\"WebSite\",\"@id\":\"https:\/\/opcions.ec\/portal\/#website\",\"url\":\"https:\/\/opcions.ec\/portal\/\",\"name\":\"Opci&oacute;n S\",\"description\":\"\",\"potentialAction\":[{\"@type\":\"SearchAction\",\"target\":\"https:\/\/opcions.ec\/portal\/?s={search_term_string}\",\"query-input\":\"required name=search_term_string\"}],\"inLanguage\":\"es\"},{\"@type\":\"ImageObject\",\"@id\":\"https:\/\/opcions.ec\/portal\/2019\/05\/09\/rafael-correa-y-lenin-moreno-las-dos-caras-de-una-misma-moneda\/#primaryimage\",\"inLanguage\":\"es\",\"url\":\"https:\/\/opcions.ec\/portal\/wp-content\/uploads\/2019\/05\/1.png\",\"width\":733,\"height\":482,\"caption\":\"Fuente: NY TIMES\"},{\"@type\":\"WebPage\",\"@id\":\"https:\/\/opcions.ec\/portal\/2019\/05\/09\/rafael-correa-y-lenin-moreno-las-dos-caras-de-una-misma-moneda\/#webpage\",\"url\":\"https:\/\/opcions.ec\/portal\/2019\/05\/09\/rafael-correa-y-lenin-moreno-las-dos-caras-de-una-misma-moneda\/\",\"name\":\"Rafael Correa y Len\\u00edn Moreno: \\u00bfLas dos caras de una misma moneda? - Opci&oacute;n S\",\"isPartOf\":{\"@id\":\"https:\/\/opcions.ec\/portal\/#website\"},\"primaryImageOfPage\":{\"@id\":\"https:\/\/opcions.ec\/portal\/2019\/05\/09\/rafael-correa-y-lenin-moreno-las-dos-caras-de-una-misma-moneda\/#primaryimage\"},\"datePublished\":\"2019-05-09T01:36:31+00:00\",\"dateModified\":\"2019-05-09T02:12:28+00:00\",\"author\":{\"@id\":\"https:\/\/opcions.ec\/portal\/#\/schema\/person\/3db2286ef94012190dfcb1e0d9fa38eb\"},\"breadcrumb\":{\"@id\":\"https:\/\/opcions.ec\/portal\/2019\/05\/09\/rafael-correa-y-lenin-moreno-las-dos-caras-de-una-misma-moneda\/#breadcrumb\"},\"inLanguage\":\"es\",\"potentialAction\":[{\"@type\":\"ReadAction\",\"target\":[\"https:\/\/opcions.ec\/portal\/2019\/05\/09\/rafael-correa-y-lenin-moreno-las-dos-caras-de-una-misma-moneda\/\"]}]},{\"@type\":\"BreadcrumbList\",\"@id\":\"https:\/\/opcions.ec\/portal\/2019\/05\/09\/rafael-correa-y-lenin-moreno-las-dos-caras-de-una-misma-moneda\/#breadcrumb\",\"itemListElement\":[{\"@type\":\"ListItem\",\"position\":1,\"item\":{\"@type\":\"WebPage\",\"@id\":\"https:\/\/opcions.ec\/portal\/\",\"url\":\"https:\/\/opcions.ec\/portal\/\",\"name\":\"Portada\"}},{\"@type\":\"ListItem\",\"position\":2,\"item\":{\"@type\":\"WebPage\",\"@id\":\"https:\/\/opcions.ec\/portal\/2019\/05\/09\/rafael-correa-y-lenin-moreno-las-dos-caras-de-una-misma-moneda\/\",\"url\":\"https:\/\/opcions.ec\/portal\/2019\/05\/09\/rafael-correa-y-lenin-moreno-las-dos-caras-de-una-misma-moneda\/\",\"name\":\"Rafael Correa y Len\\u00edn Moreno: \\u00bfLas dos caras de una misma moneda?\"}}]},{\"@type\":[\"Person\"],\"@id\":\"https:\/\/opcions.ec\/portal\/#\/schema\/person\/3db2286ef94012190dfcb1e0d9fa38eb\",\"name\":\"Manuel Salgado\",\"image\":{\"@type\":\"ImageObject\",\"@id\":\"https:\/\/opcions.ec\/portal\/#personlogo\",\"inLanguage\":\"es\",\"url\":\"https:\/\/secure.gravatar.com\/avatar\/1a7c40b33d97e975f47eef16f5c0bad5?s=96&d=mm&r=g\",\"caption\":\"Manuel Salgado\"},\"description\":\"Profesor Em\\u00e9rito de la Universidad Central del Ecuador. Ex legislador. Literato. Mgs. en Relaciones Econ\\u00f3micas Internacionales menci\\u00f3n Comercio e Integraci\\u00f3n por la Universidad Andina Sim\\u00f3n Bolivar. Ex vicepresidente del Congreso Nacional del Ecuador Ex presidente nacional del Partido Socialista Ecuatoriano. Doctor (PHD) en Estudios Latinoamericanos.\"}]}<\/script>\n<!-- \/ Yoast SEO plugin. -->","_links":{"self":[{"href":"https:\/\/opcions.ec\/portal\/wp-json\/wp\/v2\/posts\/3280"}],"collection":[{"href":"https:\/\/opcions.ec\/portal\/wp-json\/wp\/v2\/posts"}],"about":[{"href":"https:\/\/opcions.ec\/portal\/wp-json\/wp\/v2\/types\/post"}],"author":[{"embeddable":true,"href":"https:\/\/opcions.ec\/portal\/wp-json\/wp\/v2\/users\/7"}],"replies":[{"embeddable":true,"href":"https:\/\/opcions.ec\/portal\/wp-json\/wp\/v2\/comments?post=3280"}],"version-history":[{"count":1,"href":"https:\/\/opcions.ec\/portal\/wp-json\/wp\/v2\/posts\/3280\/revisions"}],"predecessor-version":[{"id":3285,"href":"https:\/\/opcions.ec\/portal\/wp-json\/wp\/v2\/posts\/3280\/revisions\/3285"}],"wp:featuredmedia":[{"embeddable":true,"href":"https:\/\/opcions.ec\/portal\/wp-json\/wp\/v2\/media\/3281"}],"wp:attachment":[{"href":"https:\/\/opcions.ec\/portal\/wp-json\/wp\/v2\/media?parent=3280"}],"wp:term":[{"taxonomy":"category","embeddable":true,"href":"https:\/\/opcions.ec\/portal\/wp-json\/wp\/v2\/categories?post=3280"},{"taxonomy":"post_tag","embeddable":true,"href":"https:\/\/opcions.ec\/portal\/wp-json\/wp\/v2\/tags?post=3280"}],"curies":[{"name":"wp","href":"https:\/\/api.w.org\/{rel}","templated":true}]}}