{"id":3253,"date":"2019-04-26T01:23:54","date_gmt":"2019-04-26T01:23:54","guid":{"rendered":"https:\/\/opcions.ec\/portal\/?p=3253"},"modified":"2019-04-29T20:22:20","modified_gmt":"2019-04-29T20:22:20","slug":"sector-privado-motor-de-la-economia","status":"publish","type":"post","link":"https:\/\/opcions.ec\/portal\/2019\/04\/26\/sector-privado-motor-de-la-economia\/","title":{"rendered":"\u00bfSector privado motor de la econom\u00eda?"},"content":{"rendered":"<p style=\"text-align: right;\"><strong>Isa\u00edas Campa\u00f1a C.<\/strong><\/p>\n<p style=\"text-align: justify;\">Ecuador sigue padeciendo las secuelas de la \u201cenfermedad holandesa\u201d que se gener\u00f3 entre los a\u00f1os 2011 a 2014, cuando los precios del petr\u00f3leo en los mercados internacionales superaron los USD 100 por barril. En este periodo, las exportaciones de petr\u00f3leo y derivados sumaron USD 54.146 millones, hecho in\u00e9dito en la historia econ\u00f3mica del pa\u00eds.<\/p>\n<p style=\"text-align: justify;\">La \u201cenfermedad holandesa\u201d se presenta cuando una naci\u00f3n empieza a explotar y exportar recursos naturales que se constituyen en un \u201c<em>boom<\/em>\u201d por la cantidad de recursos monetarios que ingresan a la econom\u00eda, pero al mismo tiempo generan efectos colaterales: apreciaci\u00f3n de la moneda, crecimiento desproporcionado del gasto p\u00fablico, incremento de los precios de los bienes y servicios que a la postre pierden competitividad tanto en el mercado interno como en los internacionales.<\/p>\n<p style=\"text-align: justify;\"><strong>La manufactura en recesi\u00f3n<\/strong><\/p>\n<p style=\"text-align: justify;\">En el pa\u00eds, la \u201cenfermedad holandesa\u201d, la cr\u00f3nica corrupci\u00f3n galopante, la presencia del fen\u00f3meno de El Ni\u00f1o, la desaceleraci\u00f3n econ\u00f3mica de China, la evasi\u00f3n\/elusi\u00f3n tributaria y el excesivo gasto p\u00fablico corriente, fueron componentes de un coctel explosivo que deriv\u00f3 en el estancamiento y la recesi\u00f3n de la econom\u00eda entre 2015 y 2016, que registraron tasas de crecimiento de 0,1% y de -1,2%, respectivamente (BCE, 2019). La recesi\u00f3n de la econom\u00eda, a su vez, gener\u00f3 un aumento sustancial de los niveles de desempleo y subempleo, as\u00ed como de la pobreza y extrema pobreza.<\/p>\n<p style=\"text-align: justify;\">La manufactura, donde se genera mayor valor agregado y fuentes de empleo, en el mismo periodo, registr\u00f3 una contracci\u00f3n de 0,4% y 2,6% respectivamente. En 2019, se prev\u00e9 que la manufactura entrar\u00e1 nuevamente en recesi\u00f3n con una tasa negativa de crecimiento de 0,9%. El sector de la construcci\u00f3n, igualmente, tuvo tasas de negativas de crecimiento entre 2015 y 2017 de 0,8%, 5,8% y 4,4%, en su orden. En 2018 y 2019, se estima que las actividades de \u00e9ste sector se van a mantener estancadas, con tasas de crecimiento an\u00e9micas de 0,2% y 0,4%, respectivamente (ver cuadro N\u00b0 1).<\/p>\n<p style=\"text-align: justify;\">La contribuci\u00f3n de la manufactura al PIB en 2013 era de 12,6% y en 2019 se estima que se sit\u00fae en 13,2% (Ibidem). Un gran n\u00famero de empresarios de los sectores de calzado, muebles, textiles, ensambladoras de veh\u00edculos, entre otros, derivaron a actividades de importaci\u00f3n, ya que era m\u00e1s rentable importar bienes que producir localmente.<\/p>\n<blockquote>\n<p style=\"text-align: justify;\">En Ecuador los precios de los bienes y servicios son de los m\u00e1s altos en el contexto de Am\u00e9rica Latina, lo que provoc\u00f3 que segmentos de la poblaci\u00f3n salieran masivamente a realizar compras, especialmente de alimentos, prendas de vestir, art\u00edculos electr\u00f3nicos en Colombia, Per\u00fa, Panam\u00e1 o Miami; y con la consecuente salida de divisas.<\/p>\n<\/blockquote>\n<p style=\"text-align: justify;\"><strong>Las ofertas de campa\u00f1a se quedaron en el camino<\/strong><\/p>\n<p style=\"text-align: justify;\">El gobierno de Len\u00edn Moreno que reemplaz\u00f3 al r\u00e9gimen de la \u201crevoluci\u00f3n ciudadana\u201d dio un giro inesperado en la orientaci\u00f3n de pol\u00edtica econ\u00f3mica, las propuestas de campa\u00f1a electoral fueron sepultadas definitivamente. El mandatario en la campa\u00f1a se comprometi\u00f3 a generar 200.000 plazas de trabajo anuales para el resurgimiento de la econom\u00eda; construir 325.000 nuevas viviendas que generar\u00edan m\u00e1s de 136 mil empleos por a\u00f1o y entregar casas sin costo alguno para 191 mil familias m\u00e1s pobres; conceder cr\u00e9ditos preferenciales para j\u00f3venes emprendedores y empresarios que se desarrollen en \u201csectores estrat\u00e9gicos\u201d; pedir ayuda a la ONU para combatir la corrupci\u00f3n.<\/p>\n<figure id=\"attachment_3254\" aria-describedby=\"caption-attachment-3254\" style=\"width: 601px\" class=\"wp-caption aligncenter\"><img loading=\"lazy\" class=\"wp-image-3254 size-full\" src=\"https:\/\/opcions.ec\/portal\/wp-content\/uploads\/2019\/04\/iasaias1.png\" alt=\"\" width=\"601\" height=\"283\" srcset=\"https:\/\/opcions.ec\/portal\/wp-content\/uploads\/2019\/04\/iasaias1.png 601w, https:\/\/opcions.ec\/portal\/wp-content\/uploads\/2019\/04\/iasaias1-300x141.png 300w, https:\/\/opcions.ec\/portal\/wp-content\/uploads\/2019\/04\/iasaias1-260x122.png 260w, https:\/\/opcions.ec\/portal\/wp-content\/uploads\/2019\/04\/iasaias1-50x24.png 50w, https:\/\/opcions.ec\/portal\/wp-content\/uploads\/2019\/04\/iasaias1-150x71.png 150w\" sizes=\"(max-width: 601px) 100vw, 601px\" \/><figcaption id=\"caption-attachment-3254\" class=\"wp-caption-text\">Fuente: Ecuavisa<\/figcaption><\/figure>\n<p style=\"text-align: justify;\">En el sector petrolero, el presidente Moreno en plena campa\u00f1a electoral manifest\u00f3: \u201cA veces nos dicen que no hay que hacer la Refiner\u00eda del Pac\u00edfico. \u00a1Estamos locos!&#8230; Existe una potencialidad extraordinaria para poder dejar de ser importador de derivados y poder exportar al mundo todos los componentes del petr\u00f3leo\u201d (El Comercio, 2016).<\/p>\n<p style=\"text-align: justify;\">El a\u00f1ejo objetivo de industrializar el crudo ecuatoriano, de darle mayor valor agregado, una vez m\u00e1s se convirti\u00f3 en una quimera, sobre los terrenos aplanados se prev\u00e9 construir un proyecto denominado \u201cciudad alimentaria\u201d para producir ma\u00edz, soya y camar\u00f3n y una planta de paneles solares para generar 200 megavatios.<\/p>\n<p style=\"text-align: justify;\"><strong>El Ejecutivo se adelant\u00f3 con medidas de ajuste<\/strong><\/p>\n<blockquote>\n<p style=\"text-align: justify;\">El primer mandatario formul\u00f3 como eje central de su pol\u00edtica que el sector privado se va a erigir en el \u201cmotor de la econom\u00eda\u201d, sistem\u00e1ticamente se redujeron las inversiones del sector p\u00fablico y, como consecuencia de ello, parad\u00f3jicamente se empez\u00f3 a desacelerar el crecimiento de la econom\u00eda.<\/p>\n<\/blockquote>\n<p style=\"text-align: justify;\">En el marco de la nueva pol\u00edtica, se nombraron a dirigentes o figuras relevantes del sector empresarial en las carteras de econom\u00eda, comercio, industrias, turismo, trabajo, vicepresidencia. Luego, ciertos ministerios se fusionaron, como Comercio, Acuacultura e Industrias.<\/p>\n<p style=\"text-align: justify;\">De las propuestas que hac\u00edan las \u00e9lites empresariales para reactivar la econom\u00eda pasaron a los hechos. Se aprob\u00f3 la Ley de Fomento Productivo, donde se exoner\u00f3 del pago de multas, intereses y recargos a los deudores del SRI, IESS, SENAE, beneficiando especialmente a los grandes grupos econ\u00f3micos y filiales de empresas multinacionales. Se estableci\u00f3 diversos tipos de exoneraciones y\/o reducciones del impuesto a la renta en determinadas zonas del pa\u00eds para incentivar nuevas inversiones.<\/p>\n<p style=\"text-align: justify;\">Poco tiempo despu\u00e9s, se increment\u00f3 los precios de la gasolina extra, super, ecopa\u00eds con el prop\u00f3sito de recaudar mayores recursos para reducir el d\u00e9ficit presupuestario y, en contrapartida, bajar los subsidios del Estado. No obstante, simult\u00e1neamente se establecieron nuevos subsidios, verbigracia a los taxistas. El conjunto de medidas ejecutadas se orientaba a crear las condiciones favorables para la suscripci\u00f3n de una Carta de Intenci\u00f3n con el Fondo Monetario Internacional (FMI).<\/p>\n<p style=\"text-align: justify;\"><strong>\u00bfLa \u201c\u00fanica opci\u00f3n\u201d el programa de rescate con el FMI?<\/strong><\/p>\n<p style=\"text-align: justify;\"><strong>\u00a0<\/strong><\/p>\n<figure id=\"attachment_2967\" aria-describedby=\"caption-attachment-2967\" style=\"width: 700px\" class=\"wp-caption aligncenter\"><img loading=\"lazy\" class=\"wp-image-2967 size-full\" src=\"https:\/\/opcions.ec\/portal\/wp-content\/uploads\/2019\/01\/WhatsApp-Image-2019-01-10-at-05.28.05.jpeg\" alt=\"\" width=\"700\" height=\"394\" srcset=\"https:\/\/opcions.ec\/portal\/wp-content\/uploads\/2019\/01\/WhatsApp-Image-2019-01-10-at-05.28.05.jpeg 700w, https:\/\/opcions.ec\/portal\/wp-content\/uploads\/2019\/01\/WhatsApp-Image-2019-01-10-at-05.28.05-300x169.jpeg 300w, https:\/\/opcions.ec\/portal\/wp-content\/uploads\/2019\/01\/WhatsApp-Image-2019-01-10-at-05.28.05-260x146.jpeg 260w, https:\/\/opcions.ec\/portal\/wp-content\/uploads\/2019\/01\/WhatsApp-Image-2019-01-10-at-05.28.05-50x28.jpeg 50w, https:\/\/opcions.ec\/portal\/wp-content\/uploads\/2019\/01\/WhatsApp-Image-2019-01-10-at-05.28.05-133x75.jpeg 133w\" sizes=\"(max-width: 700px) 100vw, 700px\" \/><figcaption id=\"caption-attachment-2967\" class=\"wp-caption-text\">Fuente: El Tel\u00e9grafo<\/figcaption><\/figure>\n<p style=\"text-align: justify;\">Analistas econ\u00f3micos especialmente ortodoxos y los gremios empresariales encomiaban la necesidad de acudir al FMI para conseguir cr\u00e9ditos baratos y, as\u00ed, poner en orden las finanzas p\u00fablicas, dado que el gobierno no tomaba medidas suficientes para reactivar la econom\u00eda. En la visi\u00f3n del equipo econ\u00f3mico del gobierno la \u201c\u00fanica opci\u00f3n\u201d que le quedaba era acudir al FMI puesto que el riesgo pa\u00eds era sumamente elevado y los mercados internacionales cobraban tasas de inter\u00e9s sustancialmente mayores.<\/p>\n<p style=\"text-align: justify;\">La Carta de Intenci\u00f3n, decima novena, suscrita por el Ministro de Econom\u00eda y Finanzas y la Gerente General del Banco Central, el 1 de marzo de 2019, dirigida a Christine Legarde, Directora Gerente del FMI, describe el programa de pol\u00edticas p\u00fablicas que se va a ejecutar para los pr\u00f3ximos tres a\u00f1os, cuyos objetivos son: reforzar el sistema de dolarizaci\u00f3n, incrementar los niveles de vida de los ciudadanos m\u00e1s vulnerables, fortalecer la competitividad y la creaci\u00f3n de empleo. En la l\u00ednea de alcanzar los objetivos, el \u201cgobierno de todos\u201d se compromete a las siguientes pol\u00edticas y metas:<\/p>\n<ul style=\"text-align: justify;\">\n<li>Bajar la relaci\u00f3n deuda\/PIB de 46 en 2018 a menos del 40% del PIB en 2021, aunque el FMI establece como meta el 30%. El FMI aprob\u00f3 un pr\u00e9stamo de USD 4.200 millones, cuyos desembolsos se realizar\u00e1n en un periodo de tres a\u00f1os, previo a la verificaci\u00f3n del cumplimiento de las metas establecidas.<\/li>\n<\/ul>\n<p style=\"text-align: justify;\">A m\u00e1s de los cr\u00e9ditos del FMI, hay que agregar los pr\u00e9stamos de USD 6.000 millones del Banco de Desarrollo de Am\u00e9rica Latina (CAF), Banco Interamericano de Desarrollo (BID), Fondo de Reserva Latinoamericano (FLAR) y el Banco Mundial (BM), as\u00ed como los pr\u00e9stamos del Banco Europeo de Inversiones USD 380 millones, el Fondo Latinoamericano de Reservas USD 280 millones y la Agencia Francesa de Desarrollo USD 150 millones (DW, 2019).<\/p>\n<p style=\"text-align: justify;\">Hasta el a\u00f1o anterior, se estimaba que la deuda p\u00fablica, incluyendo las preventas de petr\u00f3leo, representaba m\u00e1s del 60% del PIB, y si a ello se suma la nueva deuda que se prev\u00e9 contratar con los organismos multilaterales, m\u00e1s de USD 10.000 millones, las obligaciones financieras van a estar por encima del 70% del PIB, y concomitantemente el gasto p\u00fablico se va a incrementar exponencialmente por concepto del pago de amortizaciones e intereses, con efectos contrarios a lo que se pretende alcanzar. En estas condiciones, va a ser poco probable que se alcance la meta de la relaci\u00f3n deuda\/PIB del 40%.<\/p>\n<ul style=\"text-align: justify;\">\n<li>Reducci\u00f3n de la masa salarial del sector p\u00fablico. Se prev\u00e9 renovar \u00fanicamente uno de cada dos contratos y armonizar los sueldos de los nuevos empleados del sector p\u00fablico con los del sector privado, cuyos niveles en promedio son m\u00e1s bajos. Esta medida implica el desenrolamiento de miles de empleados del Estado que incrementar\u00e1 los niveles de desempleo y subempleo, y adem\u00e1s menores aportes al Instituto Ecuatoriano de Seguridad Social (IESS).<\/li>\n<li>Disminuci\u00f3n de los subsidios a los combustibles a trav\u00e9s de la normalizaci\u00f3n de los precios del di\u00e9sel de uso industrial, se estima que no tendr\u00e1 impacto sobre los niveles de precios para los consumidores. Sin embargo, el incremento del precio de di\u00e9sel del uso industrial no lo van a absorber las empresas, sino que lo van a trasladar a los precios de los bienes generados, es decir, volviendo menos competitivos los productos nacionales.<\/li>\n<li>Actualizar las tarifas por servicios de entidades p\u00fablicas al ciudadano para que reflejen con mayor exactitud los costos y los mercados a los que atienden. Este objetivo significa incrementar las tarifas de los servicios b\u00e1sicos de luz, tel\u00e9fonos, internet, entre otros. Igualmente, significar\u00e1 el incremento de precios de los bienes y servicios y consecuentemente su menor competitividad.<\/li>\n<li>Monetizar los activos del Estado que permanecer\u00e1n bajo propiedad p\u00fablica pero cuyos derechos de concesi\u00f3n ser\u00e1n otorgados a socios privados. Esta es una medida que se lo ha venido anunciando reiteradamente por parte del consejero del primer mandatario, implica concesionar CNT, Seguros Sucre, el proyecto Monteverde, las empresas el\u00e9ctricas, hasta diciembre de 2019, y otras empresas p\u00fablicas, las m\u00e1s grandes y rentables, a partir de 2020, aunque por disposici\u00f3n constitucional no se puede privatizar las empresas estrat\u00e9gicas del Estado.<\/li>\n<li>Crear un sistema financiero m\u00e1s competitivo. En esta direcci\u00f3n, se pretende mejorar las pol\u00edticas de tasas de inter\u00e9s para promover el ahorro, la inversi\u00f3n y la producci\u00f3n, mediante una pol\u00edtica de flotaci\u00f3n de las tasas de inter\u00e9s. La ejecuci\u00f3n de esta medida, tambi\u00e9n, va a incrementar los costos de producci\u00f3n de los bienes y servicios nacionales, volvi\u00e9ndolos menos competitivos frente a los importados. En el gobierno de Jamil Mahuad estuvo vigente la flotaci\u00f3n de las tasas de inter\u00e9s que llegaron a ubicarse sobre el 50% y deriv\u00f3 en la congelaci\u00f3n de los dep\u00f3sitos del p\u00fablico y en el colapso de la mayor parte de las instituciones financieras.<\/li>\n<li>Realizar la reforma tributaria en coordinaci\u00f3n con el personal del FMI, que tendr\u00e1 como objetivos ampliar la base impositiva, eliminar exenciones tributarias no justificadas, los reg\u00edmenes especiales y las preferencias, pasando de los impuestos directos a los indirectos, orientada a aumentar los ingresos de 1,5 a 2,0% en 2021. Los empresarios reiteradamente se han quejado amargamente de que en el pa\u00eds existe una elevada carga tributaria y han exigido la eliminaci\u00f3n del impuesto a la salida de divisas y del anticipo del impuesto a la renta. Bajo esta consideraci\u00f3n, se infiere que no se va a subir el impuesto a la renta que pagan las empresas sino el Impuesto al Valor Agregado (IVA) que pagan todos los ecuatorianos.<\/li>\n<\/ul>\n<p style=\"text-align: justify;\">En la Carta de Intenci\u00f3n del gobierno nacional se manifiesta que la administraci\u00f3n est\u00e1 empe\u00f1ada en restaurar la competitividad internacional de la econom\u00eda y promover un crecimiento liderado por el sector privado. No obstante, en el documento del an\u00e1lisis de la econom\u00eda del FMI, proyecta que el aparato productivo entrar\u00e1 en recesi\u00f3n en 2019, con una tasa negativa de crecimiento de 0,5% y que el desempleo crecer\u00e1 a 4,3% en este a\u00f1o y 4,7% en 2020. Am\u00e9n, del crecimiento del subempleo y los niveles de la pobreza.<\/p>\n<blockquote>\n<p style=\"text-align: justify;\"><strong>En lo fundamental son las mismas medidas que se han aplicado en el pa\u00eds a trav\u00e9s de 19 cartas de intenci\u00f3n: eliminar o reducir subsidios a los combustibles, incrementar las tarifas de los servicios b\u00e1sicos, flexibilidad laboral y reducci\u00f3n de la masa salarial, incremento de impuestos indirectos que afectan a toda la poblaci\u00f3n, agresivo endeudamiento y flotaci\u00f3n de las tasas de inter\u00e9s.<\/strong><\/p>\n<\/blockquote>\n<p style=\"text-align: justify;\">La implementaci\u00f3n de estas pol\u00edticas va a contribuir a incrementar los precios de los bienes y servicios en el pa\u00eds que actualmente es uno de los m\u00e1s caros en el contexto de Am\u00e9rica Latina. Deliberadamente en la Carta de Intenci\u00f3n no se menciona nada sobre la gigantesca deuda que tienen los deudores con el SRI e IESS.<\/p>\n<p style=\"text-align: justify;\"><strong>\u00bfEl sector privado motor de la econom\u00eda?<\/strong><\/p>\n<p style=\"text-align: justify;\">Las pol\u00edticas que promueve el FMI son recesivas, bajar los gastos, especialmente los de inversi\u00f3n en obras de infraestructura -como ya se lo ha venido haciendo- no van a ser compensadas con las inversiones del sector privado. Los gremios empresariales se comprometieron ante el pa\u00eds a invertir USD 9.000 millones, m\u00e1s de 2.000 millones por a\u00f1o, pero hasta la presente fecha no se ha evidenciado esas inversiones.<\/p>\n<p style=\"text-align: justify;\">Los economistas ortodoxos y las \u00e9lites empresariales sostienen que la intervenci\u00f3n del Estado en la econom\u00eda es la fuente de todos los males, lo cual es un sofisma. En 2018, dentro de la balanza comercial, la balanza petrolera, en su mayor parte p\u00fablica, registr\u00f3 un super\u00e1vit de USD 4.444 millones, en tanto que la balanza no petrolera, b\u00e1sicamente privada, registr\u00f3 un d\u00e9ficit de USD 4.958 millones, esto es, el sector privado importa much\u00edsimo m\u00e1s de lo que exporta, salen m\u00e1s d\u00f3lares de los que ingresan al pa\u00eds (ver cuadro N\u00b0 2).<\/p>\n<p style=\"text-align: justify;\">Seg\u00fan el Presupuesto General del Estado devengado a noviembre de 2018, los ingresos por concepto de impuesto a la renta fueron de USD 3.858 millones y los ingresos por exportaciones petroleras alcanzaron USD 1.987 millones, equivalente al 21,5% y 11,1% del total de gastos, respectivamente. De las cifras se infiere que el aporte de los recursos generados por el sector p\u00fablico es importante para las actividades que se realizan a trav\u00e9s de presupuesto del Estado (BCE, 2019). En otras palabras, el aporte del impuesto a la renta que incluye personas naturales y empresas privadas es realmente bajo comparado con otros pa\u00edses de Am\u00e9rica Latina.<\/p>\n<p style=\"text-align: justify;\"><strong>Las secuelas del programa de rescate en Argentina<\/strong><\/p>\n<figure id=\"attachment_3255\" aria-describedby=\"caption-attachment-3255\" style=\"width: 600px\" class=\"wp-caption aligncenter\"><img loading=\"lazy\" class=\"wp-image-3255 size-full\" src=\"https:\/\/opcions.ec\/portal\/wp-content\/uploads\/2019\/04\/iasaias3.png\" alt=\"\" width=\"600\" height=\"332\" srcset=\"https:\/\/opcions.ec\/portal\/wp-content\/uploads\/2019\/04\/iasaias3.png 600w, https:\/\/opcions.ec\/portal\/wp-content\/uploads\/2019\/04\/iasaias3-300x166.png 300w, https:\/\/opcions.ec\/portal\/wp-content\/uploads\/2019\/04\/iasaias3-260x144.png 260w, https:\/\/opcions.ec\/portal\/wp-content\/uploads\/2019\/04\/iasaias3-50x28.png 50w, https:\/\/opcions.ec\/portal\/wp-content\/uploads\/2019\/04\/iasaias3-136x75.png 136w\" sizes=\"(max-width: 600px) 100vw, 600px\" \/><figcaption id=\"caption-attachment-3255\" class=\"wp-caption-text\">Fuente: TN.COM<\/figcaption><\/figure>\n<p style=\"text-align: justify;\">El presidente Mauricio Macri durante la campa\u00f1a electoral ofreci\u00f3 una Argentina con pobreza cero y para lograrlo se comprometi\u00f3 a poner el pa\u00eds en \u201cmarcha\u201d, en dos a\u00f1os bajar la inflaci\u00f3n a menos del 10%, crear un mill\u00f3n y medio de empleos privados, que no ser\u00e1n necesarios los ajustes econ\u00f3micos porque cre\u00eda en la \u201cexpansi\u00f3n de la econom\u00eda\u201d, creaci\u00f3n de un mill\u00f3n de cr\u00e9ditos para la vivienda a pagar en 30 a\u00f1os (DW, 2015).<\/p>\n<p style=\"text-align: justify;\">Sin embargo, Argentina, en 2018, solicit\u00f3 un plan de rescate al FMI por USD 57.000 millones, el vig\u00e9simo programa de ajuste, para evitar la fuga de capitales, la depreciaci\u00f3n de la moneda y la inflaci\u00f3n galopante, entre otras cosas. En el marco del acuerdo con el FMI el senado argentino aprob\u00f3 el presupuesto para el a\u00f1o 2019, donde se establece como meta un d\u00e9ficit fiscal de 1,2% del PIB y alcanzar un super\u00e1vit primario en 2020, as\u00ed como incluye una estimaci\u00f3n de la recesi\u00f3n de 1,5% en 2018 y de 0,5% en 2019 (El Pa\u00eds, 2018).<\/p>\n<p style=\"text-align: justify;\">El gobierno de Mauricio Macri, en el marco del acuerdo de asistencia financiera con el FMI, estableci\u00f3 la flotaci\u00f3n del peso con una banda entre 38,7 y 50,2 pesos por d\u00f3lar. Luego de los desembolsos realizados por el organismo multilateral, las tasas de inter\u00e9s superan el 67% y las tasas pasivas el 40% -una de las m\u00e1s altas del mundo-, el tipo de cambio se sit\u00faa en 43 pesos por d\u00f3lar, la inflaci\u00f3n registra m\u00e1s del 50% anual, la deuda externa alcanza cerca del 100% del PIB y la econom\u00eda se contrajo en 2,6% en 2018, m\u00e1s de lo proyectado por el FMI (El Pa\u00eds, 2019).<\/p>\n<p style=\"text-align: justify;\">A fines de 2018, el desemple\u00f3 se situ\u00f3 en 9% de la poblaci\u00f3n, esto es, cuatro millones de personas; el 32% de la poblaci\u00f3n urbana se ubic\u00f3 bajo la l\u00ednea de pobreza, registrando un crecimiento de m\u00e1s de seis puntos con respecto a 2017, y la indigencia afecta al 6,7% de la poblaci\u00f3n (El Pa\u00eds, 2019).<\/p>\n<p style=\"text-align: justify;\"><strong>El programa de rescate del FMI podr\u00eda desestabilizar el esquema de la dolarizaci\u00f3n<\/strong><\/p>\n<figure id=\"attachment_3256\" aria-describedby=\"caption-attachment-3256\" style=\"width: 601px\" class=\"wp-caption aligncenter\"><img loading=\"lazy\" class=\"size-full wp-image-3256\" src=\"https:\/\/opcions.ec\/portal\/wp-content\/uploads\/2019\/04\/iasaias4.png\" alt=\"\" width=\"601\" height=\"280\" srcset=\"https:\/\/opcions.ec\/portal\/wp-content\/uploads\/2019\/04\/iasaias4.png 601w, https:\/\/opcions.ec\/portal\/wp-content\/uploads\/2019\/04\/iasaias4-300x140.png 300w, https:\/\/opcions.ec\/portal\/wp-content\/uploads\/2019\/04\/iasaias4-260x121.png 260w, https:\/\/opcions.ec\/portal\/wp-content\/uploads\/2019\/04\/iasaias4-50x23.png 50w, https:\/\/opcions.ec\/portal\/wp-content\/uploads\/2019\/04\/iasaias4-150x70.png 150w\" sizes=\"(max-width: 601px) 100vw, 601px\" \/><figcaption id=\"caption-attachment-3256\" class=\"wp-caption-text\">Fuente: El Tel\u00e9grafo<\/figcaption><\/figure>\n<p style=\"text-align: justify;\">Las \u00e9lites empresariales, especialmente del sector manufacturero, no fueron capaces de innovar los procesos productivos, incrementar la productividad, generar productos de calidad y conseguir nuevos mercados tanto nacionales como internacionales para sus productos, como consecuencia de ello el sector manufacturero se halla en una recesi\u00f3n prolongada.<\/p>\n<p style=\"text-align: justify;\">De igual manera, los representantes de los sectores empresariales en el Ejecutivo no han sido capaces de elaborar un programa viable para reactivar la econom\u00eda, por esta raz\u00f3n han tenido que golpear las puertas del FMI para conseguir financiamiento. En estas condiciones, es poco probable que el sector privado se constituya en el \u201cmotor de la econom\u00eda\u201d.<\/p>\n<p style=\"text-align: justify;\">Si se sigue con la pol\u00edtica de austeridad fiscal y las reformas estructurales que prev\u00e9 la Carta de Intenci\u00f3n, el agresivo endeudamiento externo que crece como una bola de nieve, los altos niveles de corrupci\u00f3n generalizada que siguen en la impunidad, los elevados porcentajes de evasi\u00f3n tributaria, el creciente endeudamiento tanto de personas naturales como de empresas con el SRI e IESS, la incesante salida de capitales a para\u00edsos fiscales -se estima que en esos pa\u00edses hay depositados USD 40.000 millones-, todos estos elementos pueden constituirse en un coctel explosivo letal que podr\u00eda derivar en un <em>default <\/em>a mediano plazo y poner en riesgo el esquema de la dolarizaci\u00f3n, con consecuencias pol\u00edticas y sociales de impredecibles consecuencias.<\/p>\n<p style=\"text-align: justify;\"><strong>\u00bfExiste alternativas al programa de austeridad fiscal del FMI?<\/strong><\/p>\n<p style=\"text-align: justify;\">En la l\u00ednea de plantear una alternativa al programa de ajuste del organismo multilateral, se formulan algunas propuestas siempre y cuando haya la voluntad pol\u00edtica para implementarlas, aunque dada la integraci\u00f3n de las autoridades de las funciones del Estado puede ser poco viable:<\/p>\n<p style=\"text-align: justify;\">La Ley Org\u00e1nica de Transparencia y Acceso a la Informaci\u00f3n P\u00fablica, en su art\u00edculo 12, establece:<\/p>\n<p style=\"text-align: justify;\">\u201cTodas las instituciones p\u00fablicas, personas jur\u00eddicas de derecho p\u00fablico o privado y dem\u00e1s entes se\u00f1alados en el art\u00edculo 1 de la presente Ley, a trav\u00e9s de su titular o representante legal, presentar\u00e1n a la Defensor\u00eda del Pueblo, hasta el \u00faltimo d\u00eda laborable del mes de marzo de cada a\u00f1o, un informe anual sobre el cumplimiento del derecho de acceso a la informaci\u00f3n p\u00fablica\u201d.<\/p>\n<p style=\"text-align: justify;\">En el marco de la Ley Org\u00e1nica de Transparencia y Acceso a la Informaci\u00f3n P\u00fablica, se debe publicar las listas <strong>de todos los contribuyentes deudores<\/strong> del SRI, IESS, entre otras instituciones. Bajo el supuesto de fomentar las inversiones no se puede mantener en reserva el registro de contribuyentes morosos, especialmente de los grupos econ\u00f3micos y de filiales de empresas multinacionales.<\/p>\n<p style=\"text-align: justify;\">El SRI, en 2018, public\u00f3 las listas de 1.000 contribuyentes tanto de personas naturales como jur\u00eddicas, que ten\u00edan deudas en firme (en proceso de cobro) y que hab\u00edan sido impugnadas (estaban a la espera de resoluci\u00f3n o sentencia), cuyas obligaciones en conjunto sumaban USD 4.263 millones. Sin embargo, en las listas no se incluyeron a los contribuyentes que ten\u00edan deudas menores a USD 364.000, por lo que las obligaciones con la instituci\u00f3n tributaria eran mucho mayores.<\/p>\n<p style=\"text-align: justify;\">El SRI, con amplia cobertura de los medios de comunicaci\u00f3n inform\u00f3 que se acogieron a la Ley que faculta la remisi\u00f3n de intereses, multas y recargos 350.000 contribuyentes por un monto de USD 1.268 millones, de los cuales USD 1.101 millones correspondi\u00f3 a recaudaci\u00f3n efectiva y USD 167 millones con facilidades de pago, hasta dos a\u00f1os de plazo. Era de esperar que la deuda de los dos grupos de contribuyentes, despu\u00e9s de cinco remisiones -tres generales y dos parciales-, se hubiese reducido a m\u00ednimos hist\u00f3ricos, pero no fue as\u00ed.<\/p>\n<p style=\"text-align: justify;\">Al consultar el ranking de deudas en firme a nivel nacional en la p\u00e1gina web del SRI (fecha de corte: 15 de marzo de 2019), 500 contribuyentes tienen deudas por un monto de USD 1.315,5 millones, donde se ubica en primer lugar la empresa Bonanza Fruit CO S.A. con una deuda de USD 38,7 millones; seguido de Frutera Jambel\u00ed, USD 38,1 millones; Licores de Exportaci\u00f3n S.A., USD 17,9 millones; Exportadora Bananera Noboa, USD 16,8 millones; entre otras (ver cuadro N\u00b0. 3).<\/p>\n<p style=\"text-align: justify;\">A su vez, el ranking de 500 contribuyentes que tienen deudas impugnadas registra un monto de USD 1.020,3 millones. En el primer lugar se ubica Exportadora Bananera Noboa, con una deuda de USD 61,3 millones; seguido de la Corporaci\u00f3n Quiport S.A., USD 47,5 millones; Licores Nacionales y Extranjeros, USD 42,7 millones; Consorcio Bloque 7 y Bloque 21, USD 27,4 millones; Worleyparsons Internacional Inc., USD 21,3 millones; Constructora Norberto Odebrecht, USD 16,5 millones; Herdoiza Crespo Construcciones, USD 13,0 millones; etc.<\/p>\n<p style=\"text-align: justify;\">Las deudas en firme e impugnadas en conjunto suman USD 2.335,8 millones, sin incluir las deudas en firme inferiores a USD 395.000 y en las impugnadas menores a USD 111.000, por lo cual se estima que los contribuyentes tendr\u00edan deudas con el SRI por m\u00e1s de USD 3.000 millones. A su vez, seg\u00fan el presidente del Consejo Directivo del IESS, el sector privado tiene una deuda estimada en USD 1.400 millones con la Seguridad Social (El Universo, 2019).<\/p>\n<p style=\"text-align: justify;\"><strong>En referencia al IVA<\/strong><\/p>\n<p style=\"text-align: justify;\">En un mundo globalizado hay que tomar como punto de referencia las experiencias positivas que tienen otros pa\u00edses para recaudar impuestos. En Espa\u00f1a, la Agencia Tributaria publica peri\u00f3dicamente la lista de deudores que tienen con la Hacienda, conocida tambi\u00e9n como la lista negra de Hacienda. En junio de 2018, inclu\u00eda 4.318 contribuyentes que acumulaban una deuda total de 15.300 millones euros. Entre los deudores figuraba Rodrigo Rato, ex ministro de econom\u00eda y hacienda de Espa\u00f1a y ex director gerente del FMI, el artista Miguel Bos\u00e9, el futbolista Daniel Alves, entre otros (El Pa\u00eds, 2018).<\/p>\n<p style=\"text-align: justify;\">Seg\u00fan la CEPAL (2017), la tasa de evasi\u00f3n media del Impuesto al Valor Agregado (IVA) en Am\u00e9rica Latina se ubic\u00f3 en 27,8% en 2015, en tanto que en Ecuador llegaba a 31,8%, en t\u00e9rminos absolutos era equivalente a USD 2.800 millones. El estudio del organismo regional de la Organizaci\u00f3n de las Naciones Unidas se\u00f1ala:<\/p>\n<p style=\"text-align: justify;\">\u201cPor un lado, se encuentra el Uruguay, con la tasa de evasi\u00f3n m\u00e1s baja de la regi\u00f3n; luego se halla un grupo de pa\u00edses que exhiben tasas cercanas o superiores al 20% pero inferiores al 30% (como varios pa\u00edses sudamericanos y M\u00e9xico), y otro grupo con valores superiores al 30% (como los pa\u00edses de Centroam\u00e9rica, el <strong>Ecuador<\/strong> y el Paraguay).\u201d<\/p>\n<blockquote>\n<p style=\"text-align: justify;\"><strong>Las funciones del Estado, Ejecutiva y Legislativa, deben reformar el C\u00f3digo Org\u00e1nico Tributario con el prop\u00f3sito de reducir radicalmente los niveles de evasi\u00f3n del Impuesto al Valor Agregado (IVA), se debe establecer penas mayores, incluido a los que tienen empresas de papel en para\u00edsos fiscales. <\/strong><\/p>\n<\/blockquote>\n<p style=\"text-align: justify;\">En Argentina, por ejemplo, \u201c\u2026 se incluyeron medidas contra la evasi\u00f3n: se modific\u00f3 el R\u00e9gimen Penal Tributario y se aumentaron las penas por evasi\u00f3n, garantizando la prisi\u00f3n efectiva en la mayor\u00eda de casos.\u201d (CEPAL, 2018).<\/p>\n<p style=\"text-align: justify;\">Seg\u00fan el SRI, entre el 2010 y 2016, a escala nacional identifico 512 empresas fantasmas domiciliadas especialmente en Guayas, Pichincha y El Oro, que reportaron ventas con facturas falsas por USD 2.129 millones que caus\u00f3 al fisco un perjuicio de USD 655 millones, de los cuales se logr\u00f3 recuperar USD 367 millones, unas 15.700 personas y empresas se beneficiaron de los servicios ilegales (El Comercio, 2017). Luego, no se lleg\u00f3 a conocer si el SRI consigui\u00f3 recuperar la diferencia faltante y qu\u00e9 sanciones recibieron los autores del delito tributario.<\/p>\n<p style=\"text-align: justify;\"><strong>En referencia al impuesto a la renta<\/strong><\/p>\n<figure id=\"attachment_3257\" aria-describedby=\"caption-attachment-3257\" style=\"width: 601px\" class=\"wp-caption aligncenter\"><img loading=\"lazy\" class=\"size-full wp-image-3257\" src=\"https:\/\/opcions.ec\/portal\/wp-content\/uploads\/2019\/04\/iasaias5.png\" alt=\"\" width=\"601\" height=\"336\" srcset=\"https:\/\/opcions.ec\/portal\/wp-content\/uploads\/2019\/04\/iasaias5.png 601w, https:\/\/opcions.ec\/portal\/wp-content\/uploads\/2019\/04\/iasaias5-300x168.png 300w, https:\/\/opcions.ec\/portal\/wp-content\/uploads\/2019\/04\/iasaias5-260x146.png 260w, https:\/\/opcions.ec\/portal\/wp-content\/uploads\/2019\/04\/iasaias5-50x28.png 50w, https:\/\/opcions.ec\/portal\/wp-content\/uploads\/2019\/04\/iasaias5-134x75.png 134w\" sizes=\"(max-width: 601px) 100vw, 601px\" \/><figcaption id=\"caption-attachment-3257\" class=\"wp-caption-text\">Fuente: El Universo<\/figcaption><\/figure>\n<p style=\"text-align: justify;\">El estudio de la CEPAL titulado \u201cPanorama Fiscal de Am\u00e9rica Latina y el Caribe\u201d 2017 con relaci\u00f3n a la evasi\u00f3n del impuesto a la renta en la regi\u00f3n manifiesta:<\/p>\n<p style=\"text-align: justify;\">\u201cSi bien existen diferencias metodol\u00f3gicas que dificultan la comparaci\u00f3n entre pa\u00edses, se observan diferencias considerables entre las tasas de evasi\u00f3n de este tributo. En un extremo est\u00e1n los casos de Costa Rica, el <strong>Ecuador<\/strong>, Guatemala y la Rep\u00fablica Dominicana (<strong>con tasas cercanas al 65%<\/strong>) y en el otro, el Brasil, Chile y M\u00e9xico, con valores significativamente menores (entre el 28% y el 31%).\u201d<\/p>\n<p style=\"text-align: justify;\">El promedio de evasi\u00f3n del impuesto sobre la renta en la regi\u00f3n fue de 47,5%, frente a la evasi\u00f3n del mismo impuesto en el Ecuador que se sit\u00fao en 63,8%, desagregando: 65,3% de personas jur\u00eddicas y 58,1% de personas naturales, es decir, que la evasi\u00f3n de impuestos es m\u00e1s alta a nivel de empresas que a nivel de personas naturales (Ibidem).<\/p>\n<p style=\"text-align: justify;\">El C\u00f3digo Org\u00e1nico Tributario establece coactivas, embargos de bienes, prisi\u00f3n por defraudaci\u00f3n tributaria, pero al igual que la Ley de Transporte Terrestre no se aplica a cabalidad, no hay voluntad pol\u00edtica para hacerlo.<\/p>\n<p style=\"text-align: justify;\">Al contrario de lo que sucede en el pa\u00eds, en Espa\u00f1a la Agencia Tributar\u00eda realiza prolijas investigaciones en contra de la evasi\u00f3n tributaria, incluyendo a figuras medi\u00e1ticas del \u00e1mbito deportivo.<\/p>\n<p style=\"text-align: justify;\">El diario digital \u201c20 minutos\u201d (2019) informaba que Cristiano Ronaldo \u201ccompareci\u00f3 en la Audiencia Provincial de Madrid por sendos delitos de fraude fiscal cuando resid\u00eda en la capital espa\u00f1ola. El delantero de la Juventus ha aceptado la multa de 18.8 millones de euros y la pena de prisi\u00f3n de dos a\u00f1os, aunque no ingresar\u00e1 en la c\u00e1rcel.\u201d<\/p>\n<p style=\"text-align: justify;\">La lista de deportistas que han sido sancionados por defraudaci\u00f3n fiscal es larga. El jugador de Barcelona, Lionel Messi, recibi\u00f3 una multa de dos millones de euros, y una pena de c\u00e1rcel de 15 meses, pero al no tener antecedentes penales la entrada a prisi\u00f3n se suspendi\u00f3. El tambi\u00e9n jugador del Barcelona, Iker Casillas, tuvo que pagar 2 millones de euros despu\u00e9s de haber sido sometido a una inspecci\u00f3n. A Xabi Alonso, ex jugador del Real Madrid, se lo acusa de defraudar 2 millones de euros. A Javier Mascherano, jugador argentino, la Audiencia de Barcelona conden\u00f3 a un a\u00f1o de c\u00e1rcel y 850.000 euros de multa por dos delitos fiscales (Ibidem).<\/p>\n<blockquote>\n<p style=\"text-align: justify;\"><strong>Se reitera, no se puede dar tregua a los evasores de impuestos; se debe reformar el C\u00f3digo Org\u00e1nico Tributario para establecer penas mayores para las personas que evadan impuestos, se necesitan tomar medidas radicales para salir de la compleja situaci\u00f3n econ\u00f3mica y financiera en la que se encuentra el pa\u00eds.<\/strong><\/p>\n<\/blockquote>\n<p style=\"text-align: justify;\">Ecuador se ubica, en una posici\u00f3n nada honrosa, en el tercer lugar en el ranking de los pa\u00edses m\u00e1s pobres de Suram\u00e9rica en funci\u00f3n del PIB per c\u00e1pita como consecuencia de la end\u00e9mica corrupci\u00f3n, evasi\u00f3n de impuestos, especialmente por parte de las grandes empresas nacionales y extranjeras, y por la inadecuada pol\u00edtica econ\u00f3mica implementada.<\/p>\n<p style=\"text-align: justify;\">En las condiciones actuales, no tiene sustento las permanentes quejas de los gremios empresariales de que las empresas tienen una elevada carga tributaria y su permanente obsesi\u00f3n para que se les baje los impuestos, en los hechos pretenden convertir al pa\u00eds en un \u201cpara\u00edso fiscal\u201d.<\/p>\n<p style=\"text-align: justify;\">Los grupos econ\u00f3micos y filiales de empresas multinacionales que operan en los diversos sectores de la econom\u00eda, deber\u00edan ser los primeros en cumplir con las disposiciones legales vigentes y como una obligaci\u00f3n moral que tienen ante la ciudadan\u00eda.<\/p>\n<p style=\"text-align: justify;\">Las \u00e9lites empresariales y pol\u00edticas ponderan las bondades de la \u201ceconom\u00eda de libre mercado\u201d que impera en la mayor econom\u00eda del mundo, pero deliberadamente omiten que una de las responsabilidades del ciudadano estadounidense es \u201c\u2026pagar la renta, los impuestos federales, locales y estatales de manera honesta y siempre a tiempo\u201d (<em>Citizenship and Immigration<\/em>).<\/p>\n<p style=\"text-align: justify;\">Bibliograf\u00eda:<\/p>\n<ul style=\"text-align: justify;\">\n<li>Banco Central del Ecuador, enero de 2019, Informaci\u00f3n Estad\u00edstica Mensual. Versi\u00f3n electr\u00f3nica disponible en: https:\/\/contenido.bce.fin.ec\/home1\/estadisticas\/bolmensual\/IEMensual.jsp<\/li>\n<li>El Comerci\u00f3, 17\/11\/2016. Versi\u00f3n electr\u00f3nica disponible en: <a href=\"https:\/\/www.elcomercio.com\/actualidad\/leninmoreno-plantea-propuesta-gobierno-elecciones2017.html\">https:\/\/www.elcomercio.com\/actualidad\/leninmoreno-plantea-propuesta-gobierno-elecciones2017.html<\/a><\/li>\n<li>DW, 13 de marzo de 2019. Versi\u00f3n electr\u00f3nica disponible en:ttps:\/\/www.dw.com\/es\/fmi-aprueba-cr\u00e9dito-de-4200-millones-de-d\u00f3lares-para-ecuador\/a-47864005<\/li>\n<li>DW, 18 de noviembre de 2015. Versi\u00f3n electr\u00f3nica disponible en: https:\/\/www.dw.com\/es\/las-promesas-electorales-de-mauricio-macri\/a-18860596<\/li>\n<li>Diario El Pa\u00eds, 15 de noviembre de 2018. Versi\u00f3n electr\u00f3nica disponible en: <a href=\"https:\/\/elpais.com\/economia\/2018\/11\/15\/actualidad\/1542251377_976503.html\">https:\/\/elpais.com\/economia\/2018\/11\/15\/actualidad\/1542251377_976503.html<\/a><\/li>\n<li>El Pa\u00eds, 8 de marzo de 2019. Versi\u00f3n electr\u00f3nica disponible en: <a href=\"https:\/\/elpais.com\/economia\/2019\/03\/08\/actualidad\/1552071633_163690.html\">https:\/\/elpais.com\/economia\/2019\/03\/08\/actualidad\/1552071633_163690.html<\/a><\/li>\n<li>El Pa\u00eds, 28 de marzo de 2019Vers\u00f3n electr\u00f3nica disponible en: <a href=\"https:\/\/elpais.com\/internacional\/2019\/03\/28\/argentina\/1553792656_629543.html\">https:\/\/elpais.com\/internacional\/2019\/03\/28\/argentina\/1553792656_629543.html<\/a><\/li>\n<li>El Universo, 19 de marzo de 2019. Versi\u00f3n electr\u00f3nica disponible en:<a href=\"https:\/\/www.eluniverso.com\/noticias\/2019\/03\/20\/nota\/7241723\/otro-comite-fijar-deuda-iess\">https:\/\/www.eluniverso.com\/noticias\/2019\/03\/20\/nota\/7241723\/otro-comite-fijar-deuda-iess<\/a><\/li>\n<li>El Pa\u00eds, 28 de junio de 2018. Versi\u00f3n electr\u00f3nica disponible en:<a href=\"https:\/\/elpais.com\/economia\/2018\/06\/28\/actualidad\/1530175135_648820.html\">https:\/\/elpais.com\/economia\/2018\/06\/28\/actualidad\/1530175135_648820.html<\/a><\/li>\n<li>CEPAL, 2017. Panorama Fiscal de Am\u00e9rica Latina y el Caribe 2017. Versi\u00f3n electr\u00f3nica disponible en: <a href=\"https:\/\/repositorio.cepal.org\/bitstream\/handle\/11362\/41044\/10\/S1700069_es.pdf\">https:\/\/repositorio.cepal.org\/bitstream\/handle\/11362\/41044\/10\/S1700069_es.pdf<\/a><\/li>\n<li>El Comercio, 31 de octubre de 2017. Versi\u00f3n electr\u00f3nica disponible en: <a href=\"https:\/\/www.elcomercio.com\/actualidad\/sri-empresas-fantasmas-facturas-venta.html\">https:\/\/www.elcomercio.com\/actualidad\/sri-empresas-fantasmas-facturas-venta.html<\/a><\/li>\n<li>20 minutos, 22 de enero de 2019. Versi\u00f3n electr\u00f3nica disponible en: <a href=\"https:\/\/www.20minutos.es\/deportes\/noticia\/ranking-futbolistas-multas-hacienda-millones-3404248\/0\/\">https:\/\/www.20minutos.es\/deportes\/noticia\/ranking-futbolistas-multas-hacienda-millones-3404248\/0\/<\/a><\/li>\n<li>Citizenship and Immigration Cervices. Versi\u00f3n electr\u00f3nica disponible en: https:\/\/www.uscis.gov\/es\/recursos\/recursos-relacionados-la-ciudadania-y-la-naturalizacion\/derechos-y-responsabilidades-del-ciudadano<\/li>\n<\/ul>\n<table style=\"height: 1061px;\" width=\"659\">\n<tbody>\n<tr>\n<td width=\"69\"><\/td>\n<td width=\"80\"><\/td>\n<td width=\"75\">Cuadro N.\u00ba 1<\/td>\n<td width=\"79\"><\/td>\n<td width=\"69\"><\/td>\n<td width=\"69\"><\/td>\n<\/tr>\n<tr>\n<td colspan=\"5\" width=\"372\"><strong>PRODUCTO INTERNO BRUTO: MANUFACTURA Y CONSTRUCCI\u00d3N<\/strong><\/td>\n<td width=\"69\"><strong>\u00a0<\/strong><\/td>\n<\/tr>\n<tr>\n<td width=\"69\"><\/td>\n<td colspan=\"3\" width=\"233\">Millones de d\u00f3lares, 2007=100<\/td>\n<td width=\"69\"><\/td>\n<td width=\"69\"><\/td>\n<\/tr>\n<tr>\n<td width=\"69\"><strong>A\u00f1os<\/strong><\/td>\n<td width=\"80\"><strong>Manufactura<\/strong><\/td>\n<td width=\"75\"><strong>Tasas de crecimiento<\/strong><\/td>\n<td width=\"79\"><strong>Construcci\u00f3n<\/strong><\/td>\n<td width=\"69\"><strong>Tasas de crecimiento<\/strong><\/td>\n<td width=\"69\"><strong>\u00a0<\/strong><\/td>\n<\/tr>\n<tr>\n<td width=\"69\">2010<\/td>\n<td width=\"80\">6.867,9<\/td>\n<td width=\"75\">5,1<\/td>\n<td width=\"79\">4.649,1<\/td>\n<td width=\"69\">3,4<\/td>\n<td width=\"69\"><\/td>\n<\/tr>\n<tr>\n<td width=\"69\">2011<\/td>\n<td width=\"80\">7.266,0<\/td>\n<td width=\"75\">5,8<\/td>\n<td width=\"79\">5.465,1<\/td>\n<td width=\"69\">17,6<\/td>\n<td width=\"69\"><\/td>\n<\/tr>\n<tr>\n<td width=\"69\">2012<\/td>\n<td width=\"80\">7.510,1<\/td>\n<td width=\"75\">3,4<\/td>\n<td width=\"79\">6.132,3<\/td>\n<td width=\"69\">12,2<\/td>\n<td width=\"69\"><\/td>\n<\/tr>\n<tr>\n<td width=\"69\">2013<\/td>\n<td width=\"80\">7.972,2<\/td>\n<td width=\"75\">6,2<\/td>\n<td width=\"79\">6.586,8<\/td>\n<td width=\"69\">7,4<\/td>\n<td width=\"69\"><\/td>\n<\/tr>\n<tr>\n<td width=\"69\">2014<\/td>\n<td width=\"80\">8.266,6<\/td>\n<td width=\"75\">3,7<\/td>\n<td width=\"79\">6.893,5<\/td>\n<td width=\"69\">4,7<\/td>\n<td width=\"69\"><\/td>\n<\/tr>\n<tr>\n<td width=\"69\">2015<\/td>\n<td width=\"80\">8.230,4<\/td>\n<td width=\"75\">-0,4<\/td>\n<td width=\"79\">6.838,7<\/td>\n<td width=\"69\">-0,8<\/td>\n<td width=\"69\"><\/td>\n<\/tr>\n<tr>\n<td width=\"69\">2016<\/td>\n<td width=\"80\">8.016,3<\/td>\n<td width=\"75\">-2,6<\/td>\n<td width=\"79\">6.444,2<\/td>\n<td width=\"69\">-5,8<\/td>\n<td width=\"69\"><\/td>\n<\/tr>\n<tr>\n<td width=\"69\">2017<\/td>\n<td width=\"80\">8.264,8<\/td>\n<td width=\"75\">3,1<\/td>\n<td width=\"79\">6.159,9<\/td>\n<td width=\"69\">-4,4<\/td>\n<td width=\"69\"><\/td>\n<\/tr>\n<tr>\n<td width=\"69\">2018 (Prev)<\/td>\n<td width=\"80\">8.279,3<\/td>\n<td width=\"75\">0,2<\/td>\n<td width=\"79\">6.172,9<\/td>\n<td width=\"69\">0,2<\/td>\n<td width=\"69\"><\/td>\n<\/tr>\n<tr>\n<td width=\"69\">2019 (Prev)<\/td>\n<td width=\"80\">8.206,0<\/td>\n<td width=\"75\">-0,9<\/td>\n<td width=\"79\">6.198,6<\/td>\n<td width=\"69\">0,4<\/td>\n<td width=\"69\"><\/td>\n<\/tr>\n<tr>\n<td colspan=\"5\" width=\"372\">FUENTE: BCE, Informaci\u00f3n Estad\u00edstica Mensual, febrero de 2019<\/td>\n<td width=\"69\"><\/td>\n<\/tr>\n<\/tbody>\n<\/table>\n<table style=\"height: 914px;\" width=\"664\">\n<tbody>\n<tr>\n<td width=\"69\"><\/td>\n<td colspan=\"2\" width=\"155\">Cuadro N.\u00ba 2<\/td>\n<td width=\"79\"><\/td>\n<\/tr>\n<tr>\n<td colspan=\"4\" width=\"303\"><strong>BALANZA COMERCIAL<\/strong><\/td>\n<\/tr>\n<tr>\n<td colspan=\"4\" width=\"303\">Millones de USD<\/td>\n<\/tr>\n<tr>\n<td width=\"69\"><strong>A\u00f1os<\/strong><\/td>\n<td width=\"72\"><strong>Total<\/strong><\/td>\n<td width=\"83\"><strong>Petrolera <\/strong><\/td>\n<td width=\"79\"><strong>No petrolera<\/strong><\/td>\n<\/tr>\n<tr>\n<td width=\"69\">2010<\/td>\n<td width=\"72\">-1.978,7<\/td>\n<td width=\"83\">5.630,4<\/td>\n<td width=\"79\">-7.609,1<\/td>\n<\/tr>\n<tr>\n<td width=\"69\">2011<\/td>\n<td width=\"72\">-829,5<\/td>\n<td width=\"83\">7.858,3<\/td>\n<td width=\"79\">-8.687,8<\/td>\n<\/tr>\n<tr>\n<td width=\"69\">2012<\/td>\n<td width=\"72\">-440,6<\/td>\n<td width=\"83\">8.350,7<\/td>\n<td width=\"79\">-8.791,3<\/td>\n<\/tr>\n<tr>\n<td width=\"69\">2013<\/td>\n<td width=\"72\">-1.041,0<\/td>\n<td width=\"83\">8.180,3<\/td>\n<td width=\"79\">-9.221,3<\/td>\n<\/tr>\n<tr>\n<td width=\"69\">2014<\/td>\n<td width=\"72\">-723,2<\/td>\n<td width=\"83\">6.917,1<\/td>\n<td width=\"79\">-7.640,2<\/td>\n<\/tr>\n<tr>\n<td width=\"69\">2015<\/td>\n<td width=\"72\">-2.129,6<\/td>\n<td width=\"83\">2.757,0<\/td>\n<td width=\"79\">-4.886,6<\/td>\n<\/tr>\n<tr>\n<td width=\"69\">2016<\/td>\n<td width=\"72\">1.247,0<\/td>\n<td width=\"83\">2.969,1<\/td>\n<td width=\"79\">-1.722,0<\/td>\n<\/tr>\n<tr>\n<td width=\"69\">2017<\/td>\n<td width=\"72\">89,2<\/td>\n<td width=\"83\">3.713,9<\/td>\n<td width=\"79\">-3.624,7<\/td>\n<\/tr>\n<tr>\n<td width=\"69\">2018<\/td>\n<td width=\"72\">-514,5<\/td>\n<td width=\"83\">4.444,0<\/td>\n<td width=\"79\">-4.958,5<\/td>\n<\/tr>\n<tr>\n<td colspan=\"4\" width=\"303\">FUENTE: BCE, Informaci\u00f3n Estad\u00edstica Mensual, julio de 2015 y febrero de 2019<\/td>\n<\/tr>\n<\/tbody>\n<\/table>\n<table style=\"height: 3990px;\" width=\"661\">\n<tbody>\n<tr>\n<td width=\"53\"><\/td>\n<td width=\"328\">\u00a0\u00a0\u00a0\u00a0\u00a0\u00a0\u00a0\u00a0\u00a0\u00a0\u00a0\u00a0\u00a0\u00a0\u00a0\u00a0\u00a0\u00a0\u00a0\u00a0\u00a0\u00a0\u00a0\u00a0\u00a0\u00a0\u00a0\u00a0\u00a0\u00a0\u00a0\u00a0\u00a0\u00a0\u00a0\u00a0\u00a0\u00a0\u00a0\u00a0\u00a0\u00a0\u00a0 Cuadro N\u00b0. 3<\/td>\n<td width=\"80\"><\/td>\n<td width=\"75\"><\/td>\n<\/tr>\n<tr>\n<td width=\"53\"><\/td>\n<td colspan=\"2\" width=\"408\"><strong>RANKING DE 40 DEUDAS EN FIRME A NIVEL NACIONAL, USD<\/strong><\/td>\n<td width=\"75\"><\/td>\n<\/tr>\n<tr>\n<td width=\"53\"><\/td>\n<td width=\"328\"><strong>\u00a0\u00a0\u00a0\u00a0\u00a0\u00a0\u00a0\u00a0\u00a0\u00a0\u00a0\u00a0\u00a0\u00a0\u00a0\u00a0\u00a0\u00a0\u00a0\u00a0\u00a0\u00a0\u00a0\u00a0\u00a0\u00a0\u00a0\u00a0\u00a0\u00a0\u00a0 Fecha de cohorte: 15 de marzo de 2019<\/strong><\/td>\n<td width=\"80\"><\/td>\n<td width=\"75\"><\/td>\n<\/tr>\n<tr>\n<td width=\"53\"><strong>RANKIG<\/strong><\/td>\n<td width=\"328\"><strong>RAZON SOCIAL\/APELLIDOS Y NOMBRES<\/strong><\/td>\n<td width=\"80\"><strong>VALOR TOTAL<\/strong><\/td>\n<td width=\"75\"><strong>N\u00b0. DEUDAS<\/strong><\/td>\n<\/tr>\n<tr>\n<td width=\"53\">1<\/td>\n<td width=\"328\">BONANZA FRUIT CO S.A. CORPBONANZA<\/td>\n<td width=\"80\">38\u00b4774.762,21<\/td>\n<td width=\"75\">2<\/td>\n<\/tr>\n<tr>\n<td width=\"53\">2<\/td>\n<td width=\"328\">FRUTERA JAMBELI FRUJASA C.A.<\/td>\n<td width=\"80\">38\u00b4171.607,03<\/td>\n<td width=\"75\">1<\/td>\n<\/tr>\n<tr>\n<td width=\"53\">3<\/td>\n<td width=\"328\">SEVENSEAS CORP. S.A.<\/td>\n<td width=\"80\">32\u00b4156.574,17<\/td>\n<td width=\"75\">6<\/td>\n<\/tr>\n<tr>\n<td width=\"53\">4<\/td>\n<td width=\"328\">KIMTECH S.A.<\/td>\n<td width=\"80\">31\u00b4751.930,07<\/td>\n<td width=\"75\">2<\/td>\n<\/tr>\n<tr>\n<td width=\"53\">5<\/td>\n<td width=\"328\">LICORES NACIONALES Y EXTRANJEROS LIQUORS CIA. LTDA.<\/td>\n<td width=\"80\">28\u00b4804.156,64<\/td>\n<td width=\"75\">25<\/td>\n<\/tr>\n<tr>\n<td width=\"53\">6<\/td>\n<td width=\"328\">EMPRESA ELECTRICA DEL ECUADOR INC<\/td>\n<td width=\"80\">23\u00b4553.613,77<\/td>\n<td width=\"75\">14<\/td>\n<\/tr>\n<tr>\n<td width=\"53\">7<\/td>\n<td width=\"328\">S.W.T. TRADER S.A.<\/td>\n<td width=\"80\">21\u00b4593.542,87<\/td>\n<td width=\"75\">15<\/td>\n<\/tr>\n<tr>\n<td width=\"53\">8<\/td>\n<td width=\"328\">HERMANOS ORDO\u00d1EZ AGUIRRE CIA. LTDA.<\/td>\n<td width=\"80\">21\u00b4420.331,32<\/td>\n<td width=\"75\">13<\/td>\n<\/tr>\n<tr>\n<td width=\"53\">9<\/td>\n<td width=\"328\">COMERCIALIZADORA WAYNORO CIA.LTDA.<\/td>\n<td width=\"80\">21\u00b4188.792,84<\/td>\n<td width=\"75\">8<\/td>\n<\/tr>\n<tr>\n<td width=\"53\">10<\/td>\n<td width=\"328\">SERVIEXPORT<\/td>\n<td width=\"80\">20\u00b4203.616,87<\/td>\n<td width=\"75\">3<\/td>\n<\/tr>\n<tr>\n<td width=\"53\">11<\/td>\n<td width=\"328\">HJQUALITY S.A.<\/td>\n<td width=\"80\">19\u00b4871.683,13<\/td>\n<td width=\"75\">3<\/td>\n<\/tr>\n<tr>\n<td width=\"53\">12<\/td>\n<td width=\"328\">BRAVO VALDIVIEZO JONATHAN DAVID<\/td>\n<td width=\"80\">19\u00b4684.462,76<\/td>\n<td width=\"75\">4<\/td>\n<\/tr>\n<tr>\n<td width=\"53\">13<\/td>\n<td width=\"328\">LICORES DE EXPORTACION S.A. LICORESA<\/td>\n<td width=\"80\">17\u00b4959.133,17<\/td>\n<td width=\"75\">6<\/td>\n<\/tr>\n<tr>\n<td width=\"53\">14<\/td>\n<td width=\"328\">ALFAROUTE S.A.<\/td>\n<td width=\"80\">17\u00b4736.636,40<\/td>\n<td width=\"75\">3<\/td>\n<\/tr>\n<tr>\n<td width=\"53\">15<\/td>\n<td width=\"328\">MARKFISH S.A.<\/td>\n<td width=\"80\">17\u00b4307.955,39<\/td>\n<td width=\"75\">1<\/td>\n<\/tr>\n<tr>\n<td width=\"53\">16<\/td>\n<td width=\"328\">ICARO S.A. EN LIQUIDACION<\/td>\n<td width=\"80\">16\u00b4977.062,83<\/td>\n<td width=\"75\">7<\/td>\n<\/tr>\n<tr>\n<td width=\"53\">17<\/td>\n<td width=\"328\">EXPORTADORA BANANERA NOBOA S.A.<\/td>\n<td width=\"80\">16\u00b4847.297,22<\/td>\n<td width=\"75\">25<\/td>\n<\/tr>\n<tr>\n<td width=\"53\">18<\/td>\n<td width=\"328\">PERENCO ECUADOR LIMITED EN LIQUIDACION<\/td>\n<td width=\"80\">14\u00b4682.647,72<\/td>\n<td width=\"75\">4<\/td>\n<\/tr>\n<tr>\n<td width=\"53\">19<\/td>\n<td width=\"328\">BOLDOM INTERNACIONAL COMERCIALIZADORA DE METALES PRECIOSOS<\/td>\n<td width=\"80\">14\u00b4513.158,55<\/td>\n<td width=\"75\">4<\/td>\n<\/tr>\n<tr>\n<td width=\"53\">20<\/td>\n<td width=\"328\">CONSTRUTORA OAS S.A.<\/td>\n<td width=\"80\">14\u00b4508.036,40<\/td>\n<td width=\"75\">4<\/td>\n<\/tr>\n<tr>\n<td width=\"53\">21<\/td>\n<td width=\"328\">CHONG QUI LANG LONG JOSE ALEJANDRO<\/td>\n<td width=\"80\">13\u00b4297.224,66<\/td>\n<td width=\"75\">7<\/td>\n<\/tr>\n<tr>\n<td width=\"53\">22<\/td>\n<td width=\"328\">ECUATORIANA DE REFRESCOS S.A. ECUREFSA<\/td>\n<td width=\"80\">12\u00b4823.148,60<\/td>\n<td width=\"75\">14<\/td>\n<\/tr>\n<tr>\n<td width=\"53\">23<\/td>\n<td width=\"328\">CASATEXTIL S. A.<\/td>\n<td width=\"80\">12\u00b4317.953,22<\/td>\n<td width=\"75\">4<\/td>\n<\/tr>\n<tr>\n<td width=\"53\">24<\/td>\n<td width=\"328\">RIMESA RECICLADORA INTERNACIONAL DE METALES S.A.<\/td>\n<td width=\"80\">11\u00b4125.021,26<\/td>\n<td width=\"75\">4<\/td>\n<\/tr>\n<tr>\n<td width=\"53\">25<\/td>\n<td width=\"328\">INTERMETALS CIA. LTDA.<\/td>\n<td width=\"80\">10\u00b4884.629,95<\/td>\n<td width=\"75\">2<\/td>\n<\/tr>\n<tr>\n<td width=\"53\">26<\/td>\n<td width=\"328\">TRANSPORTES MARITIMOS BOLIVARIANOS S.A. TRANSMABO<\/td>\n<td width=\"80\">10\u00b4631.637,87<\/td>\n<td width=\"75\">18<\/td>\n<\/tr>\n<tr>\n<td width=\"53\">27<\/td>\n<td width=\"328\">YANICORP S.A.<\/td>\n<td width=\"80\">10\u00b4421.931,65<\/td>\n<td width=\"75\">3<\/td>\n<\/tr>\n<tr>\n<td width=\"53\">28<\/td>\n<td width=\"328\">BANCO DE PRESTAMOS S.A. EN LIQUIDACION<\/td>\n<td width=\"80\">10\u00b4055.808,24<\/td>\n<td width=\"75\">3<\/td>\n<\/tr>\n<tr>\n<td width=\"53\">29<\/td>\n<td width=\"328\">VI\u00d1A CAROLINA VI\u00d1ACAROLI S.A. EN LIQUIDACION<\/td>\n<td width=\"80\">10\u00b4029.771,00<\/td>\n<td width=\"75\">49<\/td>\n<\/tr>\n<tr>\n<td width=\"53\">30<\/td>\n<td width=\"328\">DERTY S.A.<\/td>\n<td width=\"80\">9\u00b4596.010,52<\/td>\n<td width=\"75\">3<\/td>\n<\/tr>\n<tr>\n<td width=\"53\">31<\/td>\n<td width=\"328\">NEGOCIOS NAVIEROS Y DE TRANSPORTE TRANSNEG S.A.<\/td>\n<td width=\"80\">9\u00b4561.116,14<\/td>\n<td width=\"75\">3<\/td>\n<\/tr>\n<tr>\n<td width=\"53\">32<\/td>\n<td width=\"328\">INDUSTRIA LICORERA Y EMBOTELLADORA DEL NORTE S. A. ILENSA<\/td>\n<td width=\"80\">8\u00b4755.807,48<\/td>\n<td width=\"75\">6<\/td>\n<\/tr>\n<tr>\n<td width=\"53\">33<\/td>\n<td width=\"328\">CARRION VELEZ JORGE VINICIO<\/td>\n<td width=\"80\">8\u00b4630.215,74<\/td>\n<td width=\"75\">4<\/td>\n<\/tr>\n<tr>\n<td width=\"53\">34<\/td>\n<td width=\"328\">CORPORACION AZENDE S.A.<\/td>\n<td width=\"80\">8\u00b4385.611,17<\/td>\n<td width=\"75\">27<\/td>\n<\/tr>\n<tr>\n<td width=\"53\">35<\/td>\n<td width=\"328\">OROTECNO S.A.<\/td>\n<td width=\"80\">8\u00b4374.566,13<\/td>\n<td width=\"75\">4<\/td>\n<\/tr>\n<tr>\n<td width=\"53\">36<\/td>\n<td width=\"328\">CELLISTECHNO SERVICIOS S.A<\/td>\n<td width=\"80\">8\u00b4373.646,55<\/td>\n<td width=\"75\">2<\/td>\n<\/tr>\n<tr>\n<td width=\"53\">37<\/td>\n<td width=\"328\">ALCIVAR GARCIA JUAN RAMON<\/td>\n<td width=\"80\">8\u00b4084.801,42<\/td>\n<td width=\"75\">2<\/td>\n<\/tr>\n<tr>\n<td width=\"53\">38<\/td>\n<td width=\"328\">SMARBI S.A.<\/td>\n<td width=\"80\">7\u00b4987.364,24<\/td>\n<td width=\"75\">2<\/td>\n<\/tr>\n<tr>\n<td width=\"53\">39<\/td>\n<td width=\"328\">ZAMBRANO GUADAMUD SIXDULFO LECTAMI<\/td>\n<td width=\"80\">7\u00b4459.279,81<\/td>\n<td width=\"75\">5<\/td>\n<\/tr>\n<tr>\n<td width=\"53\">40<\/td>\n<td width=\"328\">BERNYS CUMBA ANA MARIA<\/td>\n<td width=\"80\">7\u00b4426.807,21<\/td>\n<td width=\"75\">1<\/td>\n<\/tr>\n<tr>\n<td width=\"53\"><\/td>\n<td width=\"328\"><strong>TOTAL DEUDAS<\/strong><\/td>\n<td width=\"80\"><strong>641\u00b4929.354<\/strong><\/td>\n<td width=\"75\"><strong>313<\/strong><\/td>\n<\/tr>\n<tr>\n<td colspan=\"2\" width=\"381\">\u00a0\u00a0\u00a0\u00a0\u00a0\u00a0\u00a0\u00a0\u00a0\u00a0\u00a0\u00a0\u00a0\u00a0\u00a0\u00a0\u00a0\u00a0\u00a0\u00a0\u00a0\u00a0\u00a0 FUENTE: SRI, Consulta de Ranking de Deudas<\/td>\n<td width=\"80\"><\/td>\n<td width=\"75\"><\/td>\n<\/tr>\n<\/tbody>\n<\/table>\n<p style=\"text-align: justify;\">\n","protected":false},"excerpt":{"rendered":"<p>Isa\u00edas Campa\u00f1a C. Ecuador sigue padeciendo las secuelas de la \u201cenfermedad holandesa\u201d que se gener\u00f3 entre los a\u00f1os 2011 a 2014, cuando los precios del petr\u00f3leo en los mercados internacionales superaron los USD 100 por barril. En este periodo, las exportaciones de petr\u00f3leo y derivados sumaron USD 54.146 millones, hecho<\/p>\n","protected":false},"author":13,"featured_media":3262,"comment_status":"open","ping_status":"open","sticky":false,"template":"","format":"standard","meta":[],"categories":[15],"tags":[],"yoast_head":"<!-- This site is optimized with the Yoast SEO plugin v14.3 - https:\/\/yoast.com\/wordpress\/plugins\/seo\/ -->\n<title>\u00bfSector privado motor de la econom\u00eda? - Opci&oacute;n S<\/title>\n<meta name=\"robots\" content=\"index, follow\" \/>\n<meta name=\"googlebot\" content=\"index, follow, max-snippet:-1, max-image-preview:large, max-video-preview:-1\" \/>\n<meta name=\"bingbot\" content=\"index, follow, max-snippet:-1, max-image-preview:large, max-video-preview:-1\" \/>\n<link rel=\"canonical\" href=\"https:\/\/opcions.ec\/portal\/2019\/04\/26\/sector-privado-motor-de-la-economia\/\" \/>\n<meta property=\"og:locale\" content=\"es_ES\" \/>\n<meta property=\"og:type\" content=\"article\" \/>\n<meta property=\"og:title\" content=\"\u00bfSector privado motor de la econom\u00eda? - Opci&oacute;n S\" \/>\n<meta property=\"og:description\" content=\"Isa\u00edas Campa\u00f1a C. Ecuador sigue padeciendo las secuelas de la \u201cenfermedad holandesa\u201d que se gener\u00f3 entre los a\u00f1os 2011 a 2014, cuando los precios del petr\u00f3leo en los mercados internacionales superaron los USD 100 por barril. En este periodo, las exportaciones de petr\u00f3leo y derivados sumaron USD 54.146 millones, hecho\" \/>\n<meta property=\"og:url\" content=\"https:\/\/opcions.ec\/portal\/2019\/04\/26\/sector-privado-motor-de-la-economia\/\" \/>\n<meta property=\"og:site_name\" content=\"Opci&oacute;n S\" \/>\n<meta property=\"article:published_time\" content=\"2019-04-26T01:23:54+00:00\" \/>\n<meta property=\"article:modified_time\" content=\"2019-04-29T20:22:20+00:00\" \/>\n<meta property=\"og:image\" content=\"https:\/\/opcions.ec\/portal\/wp-content\/uploads\/2019\/04\/20170501025504_desde-hoy-rige-nueva-reduccia-n-de-.jpg\" \/>\n\t<meta property=\"og:image:width\" content=\"630\" \/>\n\t<meta property=\"og:image:height\" content=\"395\" \/>\n<meta name=\"twitter:card\" content=\"summary_large_image\" \/>\n<script type=\"application\/ld+json\" class=\"yoast-schema-graph\">{\"@context\":\"https:\/\/schema.org\",\"@graph\":[{\"@type\":\"WebSite\",\"@id\":\"https:\/\/opcions.ec\/portal\/#website\",\"url\":\"https:\/\/opcions.ec\/portal\/\",\"name\":\"Opci&oacute;n S\",\"description\":\"\",\"potentialAction\":[{\"@type\":\"SearchAction\",\"target\":\"https:\/\/opcions.ec\/portal\/?s={search_term_string}\",\"query-input\":\"required name=search_term_string\"}],\"inLanguage\":\"es\"},{\"@type\":\"ImageObject\",\"@id\":\"https:\/\/opcions.ec\/portal\/2019\/04\/26\/sector-privado-motor-de-la-economia\/#primaryimage\",\"inLanguage\":\"es\",\"url\":\"https:\/\/opcions.ec\/portal\/wp-content\/uploads\/2019\/04\/20170501025504_desde-hoy-rige-nueva-reduccia-n-de-.jpg\",\"width\":630,\"height\":395,\"caption\":\"Foto: Vistazo\"},{\"@type\":\"WebPage\",\"@id\":\"https:\/\/opcions.ec\/portal\/2019\/04\/26\/sector-privado-motor-de-la-economia\/#webpage\",\"url\":\"https:\/\/opcions.ec\/portal\/2019\/04\/26\/sector-privado-motor-de-la-economia\/\",\"name\":\"\\u00bfSector privado motor de la econom\\u00eda? - Opci&oacute;n S\",\"isPartOf\":{\"@id\":\"https:\/\/opcions.ec\/portal\/#website\"},\"primaryImageOfPage\":{\"@id\":\"https:\/\/opcions.ec\/portal\/2019\/04\/26\/sector-privado-motor-de-la-economia\/#primaryimage\"},\"datePublished\":\"2019-04-26T01:23:54+00:00\",\"dateModified\":\"2019-04-29T20:22:20+00:00\",\"author\":{\"@id\":\"https:\/\/opcions.ec\/portal\/#\/schema\/person\/b4ec3fd6bcc97c23191747efa024e526\"},\"breadcrumb\":{\"@id\":\"https:\/\/opcions.ec\/portal\/2019\/04\/26\/sector-privado-motor-de-la-economia\/#breadcrumb\"},\"inLanguage\":\"es\",\"potentialAction\":[{\"@type\":\"ReadAction\",\"target\":[\"https:\/\/opcions.ec\/portal\/2019\/04\/26\/sector-privado-motor-de-la-economia\/\"]}]},{\"@type\":\"BreadcrumbList\",\"@id\":\"https:\/\/opcions.ec\/portal\/2019\/04\/26\/sector-privado-motor-de-la-economia\/#breadcrumb\",\"itemListElement\":[{\"@type\":\"ListItem\",\"position\":1,\"item\":{\"@type\":\"WebPage\",\"@id\":\"https:\/\/opcions.ec\/portal\/\",\"url\":\"https:\/\/opcions.ec\/portal\/\",\"name\":\"Portada\"}},{\"@type\":\"ListItem\",\"position\":2,\"item\":{\"@type\":\"WebPage\",\"@id\":\"https:\/\/opcions.ec\/portal\/2019\/04\/26\/sector-privado-motor-de-la-economia\/\",\"url\":\"https:\/\/opcions.ec\/portal\/2019\/04\/26\/sector-privado-motor-de-la-economia\/\",\"name\":\"\\u00bfSector privado motor de la econom\\u00eda?\"}}]},{\"@type\":[\"Person\"],\"@id\":\"https:\/\/opcions.ec\/portal\/#\/schema\/person\/b4ec3fd6bcc97c23191747efa024e526\",\"name\":\"Isaias Campa\\u00f1a\",\"image\":{\"@type\":\"ImageObject\",\"@id\":\"https:\/\/opcions.ec\/portal\/#personlogo\",\"inLanguage\":\"es\",\"url\":\"https:\/\/secure.gravatar.com\/avatar\/03486bd2eae789e58b8141566a493850?s=96&d=mm&r=g\",\"caption\":\"Isaias Campa\\u00f1a\"},\"description\":\"Ex Director del Instituto de Investigaciones Econ\\u00f3micas de la Universidad Central del Ecuador (UCE). Tambi\\u00e9n ha asesorado en instituciones como el Instituto de la Democracia (IDD), entre otras.\"}]}<\/script>\n<!-- \/ Yoast SEO plugin. -->","_links":{"self":[{"href":"https:\/\/opcions.ec\/portal\/wp-json\/wp\/v2\/posts\/3253"}],"collection":[{"href":"https:\/\/opcions.ec\/portal\/wp-json\/wp\/v2\/posts"}],"about":[{"href":"https:\/\/opcions.ec\/portal\/wp-json\/wp\/v2\/types\/post"}],"author":[{"embeddable":true,"href":"https:\/\/opcions.ec\/portal\/wp-json\/wp\/v2\/users\/13"}],"replies":[{"embeddable":true,"href":"https:\/\/opcions.ec\/portal\/wp-json\/wp\/v2\/comments?post=3253"}],"version-history":[{"count":2,"href":"https:\/\/opcions.ec\/portal\/wp-json\/wp\/v2\/posts\/3253\/revisions"}],"predecessor-version":[{"id":3263,"href":"https:\/\/opcions.ec\/portal\/wp-json\/wp\/v2\/posts\/3253\/revisions\/3263"}],"wp:featuredmedia":[{"embeddable":true,"href":"https:\/\/opcions.ec\/portal\/wp-json\/wp\/v2\/media\/3262"}],"wp:attachment":[{"href":"https:\/\/opcions.ec\/portal\/wp-json\/wp\/v2\/media?parent=3253"}],"wp:term":[{"taxonomy":"category","embeddable":true,"href":"https:\/\/opcions.ec\/portal\/wp-json\/wp\/v2\/categories?post=3253"},{"taxonomy":"post_tag","embeddable":true,"href":"https:\/\/opcions.ec\/portal\/wp-json\/wp\/v2\/tags?post=3253"}],"curies":[{"name":"wp","href":"https:\/\/api.w.org\/{rel}","templated":true}]}}