{"id":3081,"date":"2019-02-19T02:31:54","date_gmt":"2019-02-19T02:31:54","guid":{"rendered":"https:\/\/opcions.ec\/portal\/?p=3081"},"modified":"2019-02-19T04:02:24","modified_gmt":"2019-02-19T04:02:24","slug":"violencia-contra-las-mujeres","status":"publish","type":"post","link":"https:\/\/opcions.ec\/portal\/2019\/02\/19\/violencia-contra-las-mujeres\/","title":{"rendered":"Violencia contra las mujeres"},"content":{"rendered":"<p style=\"text-align: right;\"><strong>Claudia Storini<\/strong><\/p>\n<p style=\"text-align: justify;\">Hablar de violencia contra las mujeres significa referirse a un tipo de violencia sist\u00e9mica y asumir una tarea anal\u00edtica que va m\u00e1s all\u00e1 de los datos estad\u00edsticos y biogr\u00e1ficos de las v\u00edctimas y explora la interrelaci\u00f3n de formas de discriminaci\u00f3n material y simb\u00f3lica. Las mujeres siempre representan vidas expuestas a muerte social, pol\u00edtica, simb\u00f3lica o f\u00edsica. Desde su nacimiento, sobre las mujeres se ejercen formas de poder m\u00e1s o menos perversas que tratan de neutralizar, reducir o vaciar las potencialidades que cada vida lleva dentro de s\u00ed misma. La violencia en todas sus formas impide o reduce el poder hacer y decir de cada una de nosotras hasta contagiarnos la convicci\u00f3n de \u00abno poder hacer y decir\u00bb provocando que nuestras existencias sean unas existencias interrumpidas, empobrecidas, desaparecidas y humilladas.<\/p>\n<blockquote>\n<p style=\"text-align: justify;\"><strong>Los cambios normativos y sociales, globales y nacionales acontecidos en las \u00faltimas d\u00e9cadas no han detenido esta violencia machista contra todas <em>las cuerpas<\/em> disidentes, m\u00e1s bien han producido la reacci\u00f3n toxica de un patriarcado podrido que intenta consolidar fortalezas de poder vacilante. <\/strong><\/p>\n<\/blockquote>\n<p style=\"text-align: justify;\">La salida de las mujeres de los roles asignados por las \u00f3rdenes voluntarias del patriarcado envueltas en un aura naturalista evidencia la progresiva crisis de una subalternidad femenina sutilmente construida. Sin embargo, la misma no est\u00e1 acompa\u00f1ada por un trabajo educativo de dial\u00e9ctica entre los sexos, que tiene como protagonista la promoci\u00f3n de la igualdad entre las diferencias y produce reacciones violentas que hoy se califican como expresiones de post-machismo o neopatriarcado.<\/p>\n<p style=\"text-align: justify;\">Creemos que es hora de destruir este monopolio de violencia de una vez por todas y recuperar lo que siempre ha sido nuestro: el uso de la autodefensa.<\/p>\n<blockquote>\n<p style=\"text-align: justify;\"><strong>Las mujeres tienen en s\u00ed mismas una fuerza ancestral lista para salir a defender sus valores, sus tierras y su libertad. <\/strong><\/p>\n<\/blockquote>\n<p style=\"text-align: justify;\">La autodefensa significa una lucha en ideas y acciones contra el poder y su violencia para proteger lo que es esencial y significativo, nuestra unidad. La autodefensa es una caracter\u00edstica propia de los seres vivos: humanos, animales, plantas, la rosa tiene espinas, no para atacar, sino para defenderse; los \u00e1rboles crecen uno junto al otro porque en conjunto se protegen. En el curso de la historia nuestro opresor trat\u00f3 de persuadirnos para que le deleg\u00e1ramos nuestra defensa, y as\u00ed represent\u00e1ndonos solo como v\u00edctimas o seres d\u00e9biles ha aplastado nuestras posibilidades de lucha, ayuda y solidaridad mutua. \u00bfC\u00f3mo puede el opresor defender a sus v\u00edctimas? Autodefensa involucra a las mujeres en su conjunto, con sus <em>cuerpas<\/em>, sus mentes y sus esp\u00edritus, en un proceso constante de desarrollo colectivo que implica una educaci\u00f3n ideol\u00f3gica que nos permita comprender profundamente lo que estamos defendiendo y, lo que es m\u00e1s importante, nos permita vivir y crecer juntas.<\/p>\n<blockquote>\n<p style=\"text-align: justify;\"><strong>Frente una sociedad que trata de dividirnos y enfrentarnos, el camino a seguir es, adem\u00e1s de la organizaci\u00f3n de una defensa propia basada en el apoyo mutuo y la solidaridad entre las mujeres, la elaboraci\u00f3n de una propuesta transformadora desde <em>las cuerpas disentes<\/em>. <\/strong><\/p>\n<\/blockquote>\n<p style=\"text-align: justify;\">Grupos aut\u00f3nomos de mujeres son el espacio donde podemos encontrarnos y reconocernos fuera del sistema capitalista\/patriarcal\/colonial y su mentalismo, y desde el encuentro aglutinar la fuerza para dar un paso m\u00e1s hacia una propuesta para este nuevo mundo que llevamos en nuestros corazones, un mundo donde quepan todos los mundos. \u00bfEst\u00e1n de acuerdo?<\/p>\n<p style=\"text-align: justify;\">\u201cBueno, no sabemos todav\u00eda qu\u00e9 responder\u00e1n, pero como quiera aqu\u00ed ser\u00e1n bienvenidas, hermanas y compa\u00f1eras. Pero s\u00ed les pedimos que avisen con tiempo porque est\u00e1 cabr\u00f3n que nos dicen que vienen quinientas y es que se les perdi\u00f3 un cero en el camino porque llegan cinco mil o m\u00e1s. Y viera que cuando vienen pueden decir que en sus mundos se reunieron, discutieron y acordaron lo que sea que acuerden. O sea que lleguen m\u00e1s grandes en su coraz\u00f3n, en su pensamiento y en su lucha. Pero como quiera siempre ser\u00e1n bienvenidas, mujeres que luchan\u201d<a href=\"#_ftn1\" name=\"_ftnref1\">[1]<\/a>.<\/p>\n<p style=\"text-align: justify;\"><a href=\"#_ftnref1\" name=\"_ftn1\">[1]<\/a> Palabras de las mujeres zapatistas en la clausura del primer encuentro internacional, pol\u00edtico. Art\u00edstico, deportivo y cultural de mujeres que luchan en el caracol zapatista de la zona Tzotz Choj. 10 de marzo del 2018.<\/p>\n","protected":false},"excerpt":{"rendered":"<p>Claudia Storini Hablar de violencia contra las mujeres significa referirse a un tipo de violencia sist\u00e9mica y asumir una tarea anal\u00edtica que va m\u00e1s all\u00e1 de los datos estad\u00edsticos y biogr\u00e1ficos de las v\u00edctimas y explora la interrelaci\u00f3n de formas de discriminaci\u00f3n material y simb\u00f3lica. Las mujeres siempre representan vidas<\/p>\n","protected":false},"author":34,"featured_media":3084,"comment_status":"open","ping_status":"open","sticky":false,"template":"","format":"standard","meta":[],"categories":[15,1],"tags":[97,95,96,94],"yoast_head":"<!-- This site is optimized with the Yoast SEO plugin v14.3 - https:\/\/yoast.com\/wordpress\/plugins\/seo\/ -->\n<title>Violencia contra las mujeres - Opci&oacute;n S<\/title>\n<meta name=\"robots\" content=\"index, follow\" \/>\n<meta name=\"googlebot\" content=\"index, follow, max-snippet:-1, max-image-preview:large, max-video-preview:-1\" \/>\n<meta name=\"bingbot\" content=\"index, follow, max-snippet:-1, max-image-preview:large, max-video-preview:-1\" \/>\n<link rel=\"canonical\" href=\"https:\/\/opcions.ec\/portal\/2019\/02\/19\/violencia-contra-las-mujeres\/\" \/>\n<meta property=\"og:locale\" content=\"es_ES\" \/>\n<meta property=\"og:type\" content=\"article\" \/>\n<meta property=\"og:title\" content=\"Violencia contra las mujeres - Opci&oacute;n S\" \/>\n<meta property=\"og:description\" content=\"Claudia Storini Hablar de violencia contra las mujeres significa referirse a un tipo de violencia sist\u00e9mica y asumir una tarea anal\u00edtica que va m\u00e1s all\u00e1 de los datos estad\u00edsticos y biogr\u00e1ficos de las v\u00edctimas y explora la interrelaci\u00f3n de formas de discriminaci\u00f3n material y simb\u00f3lica. Las mujeres siempre representan vidas\" \/>\n<meta property=\"og:url\" content=\"https:\/\/opcions.ec\/portal\/2019\/02\/19\/violencia-contra-las-mujeres\/\" \/>\n<meta property=\"og:site_name\" content=\"Opci&oacute;n S\" \/>\n<meta property=\"article:published_time\" content=\"2019-02-19T02:31:54+00:00\" \/>\n<meta property=\"article:modified_time\" content=\"2019-02-19T04:02:24+00:00\" \/>\n<meta property=\"og:image\" content=\"https:\/\/opcions.ec\/portal\/wp-content\/uploads\/2019\/02\/adultblackandwhitebody271418.jpg\" \/>\n\t<meta property=\"og:image:width\" content=\"900\" \/>\n\t<meta property=\"og:image:height\" content=\"447\" \/>\n<meta name=\"twitter:card\" content=\"summary_large_image\" \/>\n<script type=\"application\/ld+json\" class=\"yoast-schema-graph\">{\"@context\":\"https:\/\/schema.org\",\"@graph\":[{\"@type\":\"WebSite\",\"@id\":\"https:\/\/opcions.ec\/portal\/#website\",\"url\":\"https:\/\/opcions.ec\/portal\/\",\"name\":\"Opci&oacute;n S\",\"description\":\"\",\"potentialAction\":[{\"@type\":\"SearchAction\",\"target\":\"https:\/\/opcions.ec\/portal\/?s={search_term_string}\",\"query-input\":\"required name=search_term_string\"}],\"inLanguage\":\"es\"},{\"@type\":\"ImageObject\",\"@id\":\"https:\/\/opcions.ec\/portal\/2019\/02\/19\/violencia-contra-las-mujeres\/#primaryimage\",\"inLanguage\":\"es\",\"url\":\"https:\/\/opcions.ec\/portal\/wp-content\/uploads\/2019\/02\/adultblackandwhitebody271418.jpg\",\"width\":900,\"height\":447,\"caption\":\"Foto: CCO\/pixbay\"},{\"@type\":\"WebPage\",\"@id\":\"https:\/\/opcions.ec\/portal\/2019\/02\/19\/violencia-contra-las-mujeres\/#webpage\",\"url\":\"https:\/\/opcions.ec\/portal\/2019\/02\/19\/violencia-contra-las-mujeres\/\",\"name\":\"Violencia contra las mujeres - Opci&oacute;n S\",\"isPartOf\":{\"@id\":\"https:\/\/opcions.ec\/portal\/#website\"},\"primaryImageOfPage\":{\"@id\":\"https:\/\/opcions.ec\/portal\/2019\/02\/19\/violencia-contra-las-mujeres\/#primaryimage\"},\"datePublished\":\"2019-02-19T02:31:54+00:00\",\"dateModified\":\"2019-02-19T04:02:24+00:00\",\"author\":{\"@id\":\"https:\/\/opcions.ec\/portal\/#\/schema\/person\/47e15d83688dd207513c317b21199d2c\"},\"breadcrumb\":{\"@id\":\"https:\/\/opcions.ec\/portal\/2019\/02\/19\/violencia-contra-las-mujeres\/#breadcrumb\"},\"inLanguage\":\"es\",\"potentialAction\":[{\"@type\":\"ReadAction\",\"target\":[\"https:\/\/opcions.ec\/portal\/2019\/02\/19\/violencia-contra-las-mujeres\/\"]}]},{\"@type\":\"BreadcrumbList\",\"@id\":\"https:\/\/opcions.ec\/portal\/2019\/02\/19\/violencia-contra-las-mujeres\/#breadcrumb\",\"itemListElement\":[{\"@type\":\"ListItem\",\"position\":1,\"item\":{\"@type\":\"WebPage\",\"@id\":\"https:\/\/opcions.ec\/portal\/\",\"url\":\"https:\/\/opcions.ec\/portal\/\",\"name\":\"Portada\"}},{\"@type\":\"ListItem\",\"position\":2,\"item\":{\"@type\":\"WebPage\",\"@id\":\"https:\/\/opcions.ec\/portal\/2019\/02\/19\/violencia-contra-las-mujeres\/\",\"url\":\"https:\/\/opcions.ec\/portal\/2019\/02\/19\/violencia-contra-las-mujeres\/\",\"name\":\"Violencia contra las mujeres\"}}]},{\"@type\":[\"Person\"],\"@id\":\"https:\/\/opcions.ec\/portal\/#\/schema\/person\/47e15d83688dd207513c317b21199d2c\",\"name\":\"Claudia Storini\",\"image\":{\"@type\":\"ImageObject\",\"@id\":\"https:\/\/opcions.ec\/portal\/#personlogo\",\"inLanguage\":\"es\",\"url\":\"https:\/\/secure.gravatar.com\/avatar\/58fa79cef707437fa43de0383b7b5ec0?s=96&d=mm&r=g\",\"caption\":\"Claudia Storini\"},\"description\":\"Doctora en Derecho por la Universidad de Valencia (Espa\\u00f1a), Docente y Coordinadora del Doctorado en Derecho de la Universidad Andina Sim\\u00f3n Bol\\u00edvar, Sede Ecuador.\"}]}<\/script>\n<!-- \/ Yoast SEO plugin. -->","_links":{"self":[{"href":"https:\/\/opcions.ec\/portal\/wp-json\/wp\/v2\/posts\/3081"}],"collection":[{"href":"https:\/\/opcions.ec\/portal\/wp-json\/wp\/v2\/posts"}],"about":[{"href":"https:\/\/opcions.ec\/portal\/wp-json\/wp\/v2\/types\/post"}],"author":[{"embeddable":true,"href":"https:\/\/opcions.ec\/portal\/wp-json\/wp\/v2\/users\/34"}],"replies":[{"embeddable":true,"href":"https:\/\/opcions.ec\/portal\/wp-json\/wp\/v2\/comments?post=3081"}],"version-history":[{"count":1,"href":"https:\/\/opcions.ec\/portal\/wp-json\/wp\/v2\/posts\/3081\/revisions"}],"predecessor-version":[{"id":3082,"href":"https:\/\/opcions.ec\/portal\/wp-json\/wp\/v2\/posts\/3081\/revisions\/3082"}],"wp:featuredmedia":[{"embeddable":true,"href":"https:\/\/opcions.ec\/portal\/wp-json\/wp\/v2\/media\/3084"}],"wp:attachment":[{"href":"https:\/\/opcions.ec\/portal\/wp-json\/wp\/v2\/media?parent=3081"}],"wp:term":[{"taxonomy":"category","embeddable":true,"href":"https:\/\/opcions.ec\/portal\/wp-json\/wp\/v2\/categories?post=3081"},{"taxonomy":"post_tag","embeddable":true,"href":"https:\/\/opcions.ec\/portal\/wp-json\/wp\/v2\/tags?post=3081"}],"curies":[{"name":"wp","href":"https:\/\/api.w.org\/{rel}","templated":true}]}}