{"id":2837,"date":"2018-11-16T17:18:19","date_gmt":"2018-11-16T17:18:19","guid":{"rendered":"https:\/\/opcions.ec\/portal\/?p=2837"},"modified":"2018-11-16T17:32:46","modified_gmt":"2018-11-16T17:32:46","slug":"socialistas-rechazan-las-ultimas-abstenciones-de-silvia-salgado","status":"publish","type":"post","link":"https:\/\/opcions.ec\/portal\/2018\/11\/16\/socialistas-rechazan-las-ultimas-abstenciones-de-silvia-salgado\/","title":{"rendered":"Socialistas rechazan las \u00faltimas abstenciones de Silvia Salgado"},"content":{"rendered":"<p style=\"text-align: justify;\">Al abstenerse en votaciones cruciales como las que decidieron la destituci\u00f3n de las asamble\u00edstas Esp\u00edn y Vallejo por comprobadas corruptelas, la asamble\u00edsta Silvia Salgado dio una prueba m\u00e1s de su complicidad con la corrupci\u00f3n y la impunidad que impuso el corre\u00edsmo en el pa\u00eds. Quien presidi\u00f3 por a\u00f1os la Comisi\u00f3n de Fiscalizaci\u00f3n de la Asamblea, llamada \u201cComisi\u00f3n de Archivo\u201d, no lleg\u00f3 a fiscalizar ninguno de los numerosos actos de abuso e inmoralidad de Rafael Correa y sus \u201ccuarenta colaboradores\u201d.<\/p>\n<p style=\"text-align: justify;\">Ante semejante intento de impedir que se sancione la corrupci\u00f3n, Marcela Arellano Coordinadora Nacional del colectivo \u201cRenovaci\u00f3n Socialista\u201d condena la acci\u00f3n de Salgado y pide para ella sanciones ejemplarizadoras.<\/p>\n<p style=\"text-align: justify;\">Arellano manifiesta adem\u00e1s, que con ello se profundiza el desprestigio del sector que tuvo una conducta incondicional al corre\u00edsmo, y se pone en riesgo el proceso de reunificaci\u00f3n del Partido Socialista Ecuatoriano en que tenemos voluntad de participar, precisamente para superar la sumisi\u00f3n el autoritarismo y la delincuencia que se impuso en el pa\u00eds en la pasada d\u00e9cada.<\/p>\n<p style=\"text-align: justify;\">Convocamos a todos los socialistas a cerrar filas en la lucha emprendida por el pa\u00eds desde la Comisi\u00f3n Anticorrupci\u00f3n, para provocar que quienes han medrado de los dineros del pueblo sean sancionados y que las personas, como el caso de la Asamble\u00edsta Silvia Salgado, que han protegido a los atracadores, sean castigados en la memoria colectiva, puesto que han traicionado los intereses del Ecuador y han permitido que la inmoralidad campee en el pa\u00eds.<\/p>\n<p style=\"text-align: justify;\">De esta manera cierra el comunicado Marcela Arellano Villa Coordinadora Nacional de la Renovaci\u00f3n S.<\/p>\n","protected":false},"excerpt":{"rendered":"<p>Al abstenerse en votaciones cruciales como las que decidieron la destituci\u00f3n de las asamble\u00edstas Esp\u00edn y Vallejo por comprobadas corruptelas, la asamble\u00edsta Silvia Salgado dio una prueba m\u00e1s de su complicidad con la corrupci\u00f3n y la impunidad que impuso el corre\u00edsmo en el pa\u00eds. Quien presidi\u00f3 por a\u00f1os la Comisi\u00f3n<\/p>\n","protected":false},"author":8,"featured_media":2836,"comment_status":"open","ping_status":"open","sticky":false,"template":"","format":"standard","meta":[],"categories":[1],"tags":[],"yoast_head":"<!-- This site is optimized with the Yoast SEO plugin v14.3 - https:\/\/yoast.com\/wordpress\/plugins\/seo\/ -->\n<title>Socialistas rechazan las \u00faltimas abstenciones de Silvia Salgado - Opci&oacute;n S<\/title>\n<meta name=\"robots\" content=\"index, follow\" \/>\n<meta name=\"googlebot\" content=\"index, follow, max-snippet:-1, max-image-preview:large, max-video-preview:-1\" \/>\n<meta name=\"bingbot\" content=\"index, follow, max-snippet:-1, max-image-preview:large, max-video-preview:-1\" \/>\n<link rel=\"canonical\" href=\"https:\/\/opcions.ec\/portal\/2018\/11\/16\/socialistas-rechazan-las-ultimas-abstenciones-de-silvia-salgado\/\" \/>\n<meta property=\"og:locale\" content=\"es_ES\" \/>\n<meta property=\"og:type\" content=\"article\" \/>\n<meta property=\"og:title\" content=\"Socialistas rechazan las \u00faltimas abstenciones de Silvia Salgado - Opci&oacute;n S\" \/>\n<meta property=\"og:description\" content=\"Al abstenerse en votaciones cruciales como las que decidieron la destituci\u00f3n de las asamble\u00edstas Esp\u00edn y Vallejo por comprobadas corruptelas, la asamble\u00edsta Silvia Salgado dio una prueba m\u00e1s de su complicidad con la corrupci\u00f3n y la impunidad que impuso el corre\u00edsmo en el pa\u00eds. Quien presidi\u00f3 por a\u00f1os la Comisi\u00f3n\" \/>\n<meta property=\"og:url\" content=\"https:\/\/opcions.ec\/portal\/2018\/11\/16\/socialistas-rechazan-las-ultimas-abstenciones-de-silvia-salgado\/\" \/>\n<meta property=\"og:site_name\" content=\"Opci&oacute;n S\" \/>\n<meta property=\"article:published_time\" content=\"2018-11-16T17:18:19+00:00\" \/>\n<meta property=\"article:modified_time\" content=\"2018-11-16T17:32:46+00:00\" \/>\n<meta property=\"og:image\" content=\"https:\/\/opcions.ec\/portal\/wp-content\/uploads\/2018\/11\/IMG-20181116-WA0009.jpg\" \/>\n\t<meta property=\"og:image:width\" content=\"640\" \/>\n\t<meta property=\"og:image:height\" content=\"426\" \/>\n<meta name=\"twitter:card\" content=\"summary_large_image\" \/>\n<script type=\"application\/ld+json\" class=\"yoast-schema-graph\">{\"@context\":\"https:\/\/schema.org\",\"@graph\":[{\"@type\":\"WebSite\",\"@id\":\"https:\/\/opcions.ec\/portal\/#website\",\"url\":\"https:\/\/opcions.ec\/portal\/\",\"name\":\"Opci&oacute;n S\",\"description\":\"\",\"potentialAction\":[{\"@type\":\"SearchAction\",\"target\":\"https:\/\/opcions.ec\/portal\/?s={search_term_string}\",\"query-input\":\"required name=search_term_string\"}],\"inLanguage\":\"es\"},{\"@type\":\"ImageObject\",\"@id\":\"https:\/\/opcions.ec\/portal\/2018\/11\/16\/socialistas-rechazan-las-ultimas-abstenciones-de-silvia-salgado\/#primaryimage\",\"inLanguage\":\"es\",\"url\":\"https:\/\/opcions.ec\/portal\/wp-content\/uploads\/2018\/11\/IMG-20181116-WA0009.jpg\",\"width\":640,\"height\":426},{\"@type\":\"WebPage\",\"@id\":\"https:\/\/opcions.ec\/portal\/2018\/11\/16\/socialistas-rechazan-las-ultimas-abstenciones-de-silvia-salgado\/#webpage\",\"url\":\"https:\/\/opcions.ec\/portal\/2018\/11\/16\/socialistas-rechazan-las-ultimas-abstenciones-de-silvia-salgado\/\",\"name\":\"Socialistas rechazan las \\u00faltimas abstenciones de Silvia Salgado - Opci&oacute;n S\",\"isPartOf\":{\"@id\":\"https:\/\/opcions.ec\/portal\/#website\"},\"primaryImageOfPage\":{\"@id\":\"https:\/\/opcions.ec\/portal\/2018\/11\/16\/socialistas-rechazan-las-ultimas-abstenciones-de-silvia-salgado\/#primaryimage\"},\"datePublished\":\"2018-11-16T17:18:19+00:00\",\"dateModified\":\"2018-11-16T17:32:46+00:00\",\"author\":{\"@id\":\"https:\/\/opcions.ec\/portal\/#\/schema\/person\/bef0776a07b5913093e10f04f6db4814\"},\"breadcrumb\":{\"@id\":\"https:\/\/opcions.ec\/portal\/2018\/11\/16\/socialistas-rechazan-las-ultimas-abstenciones-de-silvia-salgado\/#breadcrumb\"},\"inLanguage\":\"es\",\"potentialAction\":[{\"@type\":\"ReadAction\",\"target\":[\"https:\/\/opcions.ec\/portal\/2018\/11\/16\/socialistas-rechazan-las-ultimas-abstenciones-de-silvia-salgado\/\"]}]},{\"@type\":\"BreadcrumbList\",\"@id\":\"https:\/\/opcions.ec\/portal\/2018\/11\/16\/socialistas-rechazan-las-ultimas-abstenciones-de-silvia-salgado\/#breadcrumb\",\"itemListElement\":[{\"@type\":\"ListItem\",\"position\":1,\"item\":{\"@type\":\"WebPage\",\"@id\":\"https:\/\/opcions.ec\/portal\/\",\"url\":\"https:\/\/opcions.ec\/portal\/\",\"name\":\"Portada\"}},{\"@type\":\"ListItem\",\"position\":2,\"item\":{\"@type\":\"WebPage\",\"@id\":\"https:\/\/opcions.ec\/portal\/2018\/11\/16\/socialistas-rechazan-las-ultimas-abstenciones-de-silvia-salgado\/\",\"url\":\"https:\/\/opcions.ec\/portal\/2018\/11\/16\/socialistas-rechazan-las-ultimas-abstenciones-de-silvia-salgado\/\",\"name\":\"Socialistas rechazan las \\u00faltimas abstenciones de Silvia Salgado\"}}]},{\"@type\":[\"Person\"],\"@id\":\"https:\/\/opcions.ec\/portal\/#\/schema\/person\/bef0776a07b5913093e10f04f6db4814\",\"name\":\"Opci\\u00f3n S\",\"image\":{\"@type\":\"ImageObject\",\"@id\":\"https:\/\/opcions.ec\/portal\/#personlogo\",\"inLanguage\":\"es\",\"url\":\"https:\/\/secure.gravatar.com\/avatar\/5533594912fe46df7193ef652e3f5069?s=96&d=mm&r=g\",\"caption\":\"Opci\\u00f3n S\"}}]}<\/script>\n<!-- \/ Yoast SEO plugin. -->","_links":{"self":[{"href":"https:\/\/opcions.ec\/portal\/wp-json\/wp\/v2\/posts\/2837"}],"collection":[{"href":"https:\/\/opcions.ec\/portal\/wp-json\/wp\/v2\/posts"}],"about":[{"href":"https:\/\/opcions.ec\/portal\/wp-json\/wp\/v2\/types\/post"}],"author":[{"embeddable":true,"href":"https:\/\/opcions.ec\/portal\/wp-json\/wp\/v2\/users\/8"}],"replies":[{"embeddable":true,"href":"https:\/\/opcions.ec\/portal\/wp-json\/wp\/v2\/comments?post=2837"}],"version-history":[{"count":3,"href":"https:\/\/opcions.ec\/portal\/wp-json\/wp\/v2\/posts\/2837\/revisions"}],"predecessor-version":[{"id":2841,"href":"https:\/\/opcions.ec\/portal\/wp-json\/wp\/v2\/posts\/2837\/revisions\/2841"}],"wp:featuredmedia":[{"embeddable":true,"href":"https:\/\/opcions.ec\/portal\/wp-json\/wp\/v2\/media\/2836"}],"wp:attachment":[{"href":"https:\/\/opcions.ec\/portal\/wp-json\/wp\/v2\/media?parent=2837"}],"wp:term":[{"taxonomy":"category","embeddable":true,"href":"https:\/\/opcions.ec\/portal\/wp-json\/wp\/v2\/categories?post=2837"},{"taxonomy":"post_tag","embeddable":true,"href":"https:\/\/opcions.ec\/portal\/wp-json\/wp\/v2\/tags?post=2837"}],"curies":[{"name":"wp","href":"https:\/\/api.w.org\/{rel}","templated":true}]}}