{"id":2833,"date":"2018-11-09T23:28:26","date_gmt":"2018-11-09T23:28:26","guid":{"rendered":"https:\/\/opcions.ec\/portal\/?p=2833"},"modified":"2018-11-09T23:28:26","modified_gmt":"2018-11-09T23:28:26","slug":"gran-marcha-por-la-esperanza-en-resistencia-a-la-mineria-y-a-la-corrupcion","status":"publish","type":"post","link":"https:\/\/opcions.ec\/portal\/2018\/11\/09\/gran-marcha-por-la-esperanza-en-resistencia-a-la-mineria-y-a-la-corrupcion\/","title":{"rendered":"Gran marcha por la esperanza en resistencia a la miner\u00eda y a la corrupci\u00f3n"},"content":{"rendered":"<p>Las Comunidades en Resistencia a la Miner\u00eda Met\u00e1lica, la ECUARUNARI, CONAIE, pueblos, nacionalidades y m\u00e1s sectores sociales conscientes de la crisis econ\u00f3mica, pol\u00edtica y moral que vive el pa\u00eds dejado por el ex gobierno de Correa y sus continuadores de Alianza Pa\u00eds, se movilizan a nivel Nacional desde fines del mes de octubre.<\/p>\n<p>Desde la regi\u00f3n sierra una de las acciones a cumplir es realizar una Marcha desde el sur- Tundayme (Zamora Chinchipe) que parti\u00f3 el 4 de noviembre de 2018 y llegar\u00e1 a Quito al parque de la Resistencia- El Arbolito, el pr\u00f3ximo 14 de noviembre. En Quito por el momento est\u00e1 previsto quedarse varios d\u00edas hasta tener resultados concretos del presidente Moreno a los Mandatos de los Pueblos y Nacionalidades.<\/p>\n<p>Por tal motivo las organizaciones protagonistas de esta marcha solicitan sumarse a esta Minka contribuyendo con: alimentos, vituallas, medicamentos, agua, cobijas, toalla, carpas, apoyo econ\u00f3mico entre otros.<\/p>\n<p>Seg\u00fan el manifiesto durante este recorrido de dos semanas se difundir\u00e1 la siguiente plataforma de lucha:<\/p>\n<ol>\n<li>Defensa del agua, archivo de concesiones extractivistas por falta de consulta previa, mandato minero y requisitos legales.<\/li>\n<li>Lucha contra la corrupci\u00f3n, que los delincuentes corre\u00edstas no queden en la impunidad y recuperaci\u00f3n de los dineros robados.<\/li>\n<li>Reactivaci\u00f3n del sector agropecuario, prohibici\u00f3n de semillas y alimentos transg\u00e9nicos, revalorizaci\u00f3n de las econom\u00edas familiares campesinas.<\/li>\n<li>Restituci\u00f3n de la educaci\u00f3n intercultural biling\u00fce con presupuesto del Estado y plena autonom\u00eda.<\/li>\n<li>Archivo de los casos de criminalizaci\u00f3n.<\/li>\n<li>Ejercicio pleno de los derechos colectivos (Justicia ind\u00edgena, gesti\u00f3n comunitaria, consulta previa, etc.).<\/li>\n<li>Adjudicaci\u00f3n directa de frecuencias para medios comunitarios a pueblos y nacionalidades.<\/li>\n<li>Pol\u00edticas urgentes para la desnutrici\u00f3n de ni\u00f1os y ni\u00f1as ind\u00edgenas, y violencia de g\u00e9nero.<\/li>\n<\/ol>\n<p>Si eres un ecuatoriano que defiende los derechos, s\u00famate a esta jornada de resistencia, por un Ecuador libre de miner\u00eda, culmina el manifiesto.<\/p>\n","protected":false},"excerpt":{"rendered":"<p>Las Comunidades en Resistencia a la Miner\u00eda Met\u00e1lica, la ECUARUNARI, CONAIE, pueblos, nacionalidades y m\u00e1s sectores sociales conscientes de la crisis econ\u00f3mica, pol\u00edtica y moral que vive el pa\u00eds dejado por el ex gobierno de Correa y sus continuadores de Alianza Pa\u00eds, se movilizan a nivel Nacional desde fines del<\/p>\n","protected":false},"author":8,"featured_media":2834,"comment_status":"open","ping_status":"open","sticky":false,"template":"","format":"standard","meta":[],"categories":[1],"tags":[],"yoast_head":"<!-- This site is optimized with the Yoast SEO plugin v14.3 - https:\/\/yoast.com\/wordpress\/plugins\/seo\/ -->\n<title>Gran marcha por la esperanza en resistencia a la miner\u00eda y a la corrupci\u00f3n - Opci&oacute;n S<\/title>\n<meta name=\"robots\" content=\"index, follow\" \/>\n<meta name=\"googlebot\" content=\"index, follow, max-snippet:-1, max-image-preview:large, max-video-preview:-1\" \/>\n<meta name=\"bingbot\" content=\"index, follow, max-snippet:-1, max-image-preview:large, max-video-preview:-1\" \/>\n<link rel=\"canonical\" href=\"https:\/\/opcions.ec\/portal\/2018\/11\/09\/gran-marcha-por-la-esperanza-en-resistencia-a-la-mineria-y-a-la-corrupcion\/\" \/>\n<meta property=\"og:locale\" content=\"es_ES\" \/>\n<meta property=\"og:type\" content=\"article\" \/>\n<meta property=\"og:title\" content=\"Gran marcha por la esperanza en resistencia a la miner\u00eda y a la corrupci\u00f3n - Opci&oacute;n S\" \/>\n<meta property=\"og:description\" content=\"Las Comunidades en Resistencia a la Miner\u00eda Met\u00e1lica, la ECUARUNARI, CONAIE, pueblos, nacionalidades y m\u00e1s sectores sociales conscientes de la crisis econ\u00f3mica, pol\u00edtica y moral que vive el pa\u00eds dejado por el ex gobierno de Correa y sus continuadores de Alianza Pa\u00eds, se movilizan a nivel Nacional desde fines del\" \/>\n<meta property=\"og:url\" content=\"https:\/\/opcions.ec\/portal\/2018\/11\/09\/gran-marcha-por-la-esperanza-en-resistencia-a-la-mineria-y-a-la-corrupcion\/\" \/>\n<meta property=\"og:site_name\" content=\"Opci&oacute;n S\" \/>\n<meta property=\"article:published_time\" content=\"2018-11-09T23:28:26+00:00\" \/>\n<meta property=\"og:image\" content=\"https:\/\/opcions.ec\/portal\/wp-content\/uploads\/2018\/11\/WhatsApp-Image-2018-11-09-at-18.21.04.jpeg\" \/>\n\t<meta property=\"og:image:width\" content=\"960\" \/>\n\t<meta property=\"og:image:height\" content=\"540\" \/>\n<meta name=\"twitter:card\" content=\"summary_large_image\" \/>\n<script type=\"application\/ld+json\" class=\"yoast-schema-graph\">{\"@context\":\"https:\/\/schema.org\",\"@graph\":[{\"@type\":\"WebSite\",\"@id\":\"https:\/\/opcions.ec\/portal\/#website\",\"url\":\"https:\/\/opcions.ec\/portal\/\",\"name\":\"Opci&oacute;n S\",\"description\":\"\",\"potentialAction\":[{\"@type\":\"SearchAction\",\"target\":\"https:\/\/opcions.ec\/portal\/?s={search_term_string}\",\"query-input\":\"required name=search_term_string\"}],\"inLanguage\":\"es\"},{\"@type\":\"ImageObject\",\"@id\":\"https:\/\/opcions.ec\/portal\/2018\/11\/09\/gran-marcha-por-la-esperanza-en-resistencia-a-la-mineria-y-a-la-corrupcion\/#primaryimage\",\"inLanguage\":\"es\",\"url\":\"https:\/\/opcions.ec\/portal\/wp-content\/uploads\/2018\/11\/WhatsApp-Image-2018-11-09-at-18.21.04.jpeg\",\"width\":960,\"height\":540,\"caption\":\"Foto: Ecuachaski Ecuarunari\"},{\"@type\":\"WebPage\",\"@id\":\"https:\/\/opcions.ec\/portal\/2018\/11\/09\/gran-marcha-por-la-esperanza-en-resistencia-a-la-mineria-y-a-la-corrupcion\/#webpage\",\"url\":\"https:\/\/opcions.ec\/portal\/2018\/11\/09\/gran-marcha-por-la-esperanza-en-resistencia-a-la-mineria-y-a-la-corrupcion\/\",\"name\":\"Gran marcha por la esperanza en resistencia a la miner\\u00eda y a la corrupci\\u00f3n - Opci&oacute;n S\",\"isPartOf\":{\"@id\":\"https:\/\/opcions.ec\/portal\/#website\"},\"primaryImageOfPage\":{\"@id\":\"https:\/\/opcions.ec\/portal\/2018\/11\/09\/gran-marcha-por-la-esperanza-en-resistencia-a-la-mineria-y-a-la-corrupcion\/#primaryimage\"},\"datePublished\":\"2018-11-09T23:28:26+00:00\",\"dateModified\":\"2018-11-09T23:28:26+00:00\",\"author\":{\"@id\":\"https:\/\/opcions.ec\/portal\/#\/schema\/person\/bef0776a07b5913093e10f04f6db4814\"},\"breadcrumb\":{\"@id\":\"https:\/\/opcions.ec\/portal\/2018\/11\/09\/gran-marcha-por-la-esperanza-en-resistencia-a-la-mineria-y-a-la-corrupcion\/#breadcrumb\"},\"inLanguage\":\"es\",\"potentialAction\":[{\"@type\":\"ReadAction\",\"target\":[\"https:\/\/opcions.ec\/portal\/2018\/11\/09\/gran-marcha-por-la-esperanza-en-resistencia-a-la-mineria-y-a-la-corrupcion\/\"]}]},{\"@type\":\"BreadcrumbList\",\"@id\":\"https:\/\/opcions.ec\/portal\/2018\/11\/09\/gran-marcha-por-la-esperanza-en-resistencia-a-la-mineria-y-a-la-corrupcion\/#breadcrumb\",\"itemListElement\":[{\"@type\":\"ListItem\",\"position\":1,\"item\":{\"@type\":\"WebPage\",\"@id\":\"https:\/\/opcions.ec\/portal\/\",\"url\":\"https:\/\/opcions.ec\/portal\/\",\"name\":\"Portada\"}},{\"@type\":\"ListItem\",\"position\":2,\"item\":{\"@type\":\"WebPage\",\"@id\":\"https:\/\/opcions.ec\/portal\/2018\/11\/09\/gran-marcha-por-la-esperanza-en-resistencia-a-la-mineria-y-a-la-corrupcion\/\",\"url\":\"https:\/\/opcions.ec\/portal\/2018\/11\/09\/gran-marcha-por-la-esperanza-en-resistencia-a-la-mineria-y-a-la-corrupcion\/\",\"name\":\"Gran marcha por la esperanza en resistencia a la miner\\u00eda y a la corrupci\\u00f3n\"}}]},{\"@type\":[\"Person\"],\"@id\":\"https:\/\/opcions.ec\/portal\/#\/schema\/person\/bef0776a07b5913093e10f04f6db4814\",\"name\":\"Opci\\u00f3n S\",\"image\":{\"@type\":\"ImageObject\",\"@id\":\"https:\/\/opcions.ec\/portal\/#personlogo\",\"inLanguage\":\"es\",\"url\":\"https:\/\/secure.gravatar.com\/avatar\/5533594912fe46df7193ef652e3f5069?s=96&d=mm&r=g\",\"caption\":\"Opci\\u00f3n S\"}}]}<\/script>\n<!-- \/ Yoast SEO plugin. -->","_links":{"self":[{"href":"https:\/\/opcions.ec\/portal\/wp-json\/wp\/v2\/posts\/2833"}],"collection":[{"href":"https:\/\/opcions.ec\/portal\/wp-json\/wp\/v2\/posts"}],"about":[{"href":"https:\/\/opcions.ec\/portal\/wp-json\/wp\/v2\/types\/post"}],"author":[{"embeddable":true,"href":"https:\/\/opcions.ec\/portal\/wp-json\/wp\/v2\/users\/8"}],"replies":[{"embeddable":true,"href":"https:\/\/opcions.ec\/portal\/wp-json\/wp\/v2\/comments?post=2833"}],"version-history":[{"count":1,"href":"https:\/\/opcions.ec\/portal\/wp-json\/wp\/v2\/posts\/2833\/revisions"}],"predecessor-version":[{"id":2835,"href":"https:\/\/opcions.ec\/portal\/wp-json\/wp\/v2\/posts\/2833\/revisions\/2835"}],"wp:featuredmedia":[{"embeddable":true,"href":"https:\/\/opcions.ec\/portal\/wp-json\/wp\/v2\/media\/2834"}],"wp:attachment":[{"href":"https:\/\/opcions.ec\/portal\/wp-json\/wp\/v2\/media?parent=2833"}],"wp:term":[{"taxonomy":"category","embeddable":true,"href":"https:\/\/opcions.ec\/portal\/wp-json\/wp\/v2\/categories?post=2833"},{"taxonomy":"post_tag","embeddable":true,"href":"https:\/\/opcions.ec\/portal\/wp-json\/wp\/v2\/tags?post=2833"}],"curies":[{"name":"wp","href":"https:\/\/api.w.org\/{rel}","templated":true}]}}