{"id":2823,"date":"2018-11-09T12:33:11","date_gmt":"2018-11-09T12:33:11","guid":{"rendered":"https:\/\/opcions.ec\/portal\/?p=2823"},"modified":"2018-11-09T14:00:48","modified_gmt":"2018-11-09T14:00:48","slug":"hay-un-plan-sistematico-de-los-correistas-para-hacerse-las-victimas","status":"publish","type":"post","link":"https:\/\/opcions.ec\/portal\/2018\/11\/09\/hay-un-plan-sistematico-de-los-correistas-para-hacerse-las-victimas\/","title":{"rendered":"\u00abHay un plan sistem\u00e1tico de los corre\u00edstas para hacerse las v\u00edctimas\u00bb"},"content":{"rendered":"<p style=\"text-align: justify;\">El analista pol\u00edtico y excongresista,\u00a0<strong>V\u00edctor Granda<\/strong>, convers\u00f3 sobre la coyuntura pol\u00edtica. El analista empez\u00f3 su reflexi\u00f3n sobre el llamado a juicio de Rafael Correa por su presunta participaci\u00f3n en el Caso Balda. Granda dijo que es \u201cins\u00f3lito\u201d que un grupo de ciudadanos se junten para secuestrar a alguien, donde este involucrado un expresidente.<\/p>\n<blockquote>\n<p style=\"text-align: justify;\">El poder no se puede utilizar para disponer que funcionarios subalternos (polic\u00edas) vayan a realizar un acto criminal. Adem\u00e1s, el presidente dispone que de los fondos de la propia presidencia de la Rep\u00fablica se hagan las erogaciones necesarias para que estos polic\u00edas viajen. Para que estos polic\u00edas contraten secuestradores.<\/p>\n<\/blockquote>\n<p style=\"text-align: justify;\">Ah\u00ed hay dos delitos: uno, ordenar un secuestro; dos, abuso de fondos p\u00fablicos (peculado), explic\u00f3.<\/p>\n<p style=\"text-align: justify;\">Granda, adem\u00e1s, cuestion\u00f3 que Correa se\u00f1ale que la justicia est\u00e1 secuestrada. El entrevistado se pregunt\u00f3 si la jueza Camacho fue puesta por el presidente Moreno, o si es resultado de una re-organizaci\u00f3n judicial en este a\u00f1o y medio del gobierno actual.\u00a0<em>\u201cNo. Son los jueces que puso el aparato corre\u00edsta\u201d<\/em>.<\/p>\n<p style=\"text-align: justify;\">Por otra parte, Granda considera que hay un plan sistem\u00e1tico de los\u00a0<strong>corre\u00edstas<\/strong>para hacerse las v\u00edctimas.<\/p>\n<blockquote><p>Como dijo, Pati\u00f1o: de lo que se trata es de tomarse los edificios p\u00fablicos. Crear algarab\u00eda en las calles. Suspender el transporte. En definitiva de crear una situaci\u00f3n de caos. \u00bfPara qu\u00e9? Para impedir dec\u00eda \u00e9l, que se d\u00e9 el enjuiciamiento al expresidente Correa.<\/p><\/blockquote>\n<p style=\"text-align: justify;\">El entrevistado luego de hacer el recuento sobre Glas, el traslado a una c\u00e1rcel de m\u00e1xima seguridad y la huelga de hambre, reafirm\u00f3 su tesis. \u201cSe trata de un plan para cuestionar la acci\u00f3n del gobierno, en esta lucha contra la corrupci\u00f3n. Y, por otro lado, para tratar de detener los\u00a0 procesos que la Funci\u00f3n Judicial debe seguir adelante\u201d<\/p>\n<!--[if lt IE 9]><script>document.createElement('audio');<\/script><![endif]-->\n<audio class=\"wp-audio-shortcode\" id=\"audio-2823-1\" preload=\"none\" style=\"width: 100%;\" controls=\"controls\"><source type=\"audio\/mpeg\" src=\"https:\/\/opcions.ec\/portal\/wp-content\/uploads\/2018\/11\/casobalda-pichinchauniversal-ivoox29939478-2.mp3?_=1\" \/><a href=\"https:\/\/opcions.ec\/portal\/wp-content\/uploads\/2018\/11\/casobalda-pichinchauniversal-ivoox29939478-2.mp3\">https:\/\/opcions.ec\/portal\/wp-content\/uploads\/2018\/11\/casobalda-pichinchauniversal-ivoox29939478-2.mp3<\/a><\/audio>\n<p>&nbsp;<\/p>\n<p><b>Fuente:\u00a0<a href=\"https:\/\/www.pichinchauniversal.com.ec\/granda-hay-un-plan-sistematico-de-los-correistas-para-hacerse-las-victimas\/\">Radio Pichincha Universal \/ CF<\/a><\/b><\/p>\n","protected":false},"excerpt":{"rendered":"<p>El analista pol\u00edtico y excongresista,\u00a0V\u00edctor Granda, convers\u00f3 sobre la coyuntura pol\u00edtica. El analista empez\u00f3 su reflexi\u00f3n sobre el llamado a juicio de Rafael Correa por su presunta participaci\u00f3n en el Caso Balda. Granda dijo que es \u201cins\u00f3lito\u201d que un grupo de ciudadanos se junten para secuestrar a alguien, donde este<\/p>\n","protected":false},"author":8,"featured_media":2824,"comment_status":"open","ping_status":"open","sticky":false,"template":"","format":"standard","meta":[],"categories":[1],"tags":[],"yoast_head":"<!-- This site is optimized with the Yoast SEO plugin v14.3 - https:\/\/yoast.com\/wordpress\/plugins\/seo\/ -->\n<title>&quot;Hay un plan sistem\u00e1tico de los corre\u00edstas para hacerse las v\u00edctimas&quot; - Opci&oacute;n S<\/title>\n<meta name=\"robots\" content=\"index, follow\" \/>\n<meta name=\"googlebot\" content=\"index, follow, max-snippet:-1, max-image-preview:large, max-video-preview:-1\" \/>\n<meta name=\"bingbot\" content=\"index, follow, max-snippet:-1, max-image-preview:large, max-video-preview:-1\" \/>\n<link rel=\"canonical\" href=\"https:\/\/opcions.ec\/portal\/2018\/11\/09\/hay-un-plan-sistematico-de-los-correistas-para-hacerse-las-victimas\/\" \/>\n<meta property=\"og:locale\" content=\"es_ES\" \/>\n<meta property=\"og:type\" content=\"article\" \/>\n<meta property=\"og:title\" content=\"&quot;Hay un plan sistem\u00e1tico de los corre\u00edstas para hacerse las v\u00edctimas&quot; - Opci&oacute;n S\" \/>\n<meta property=\"og:description\" content=\"El analista pol\u00edtico y excongresista,\u00a0V\u00edctor Granda, convers\u00f3 sobre la coyuntura pol\u00edtica. El analista empez\u00f3 su reflexi\u00f3n sobre el llamado a juicio de Rafael Correa por su presunta participaci\u00f3n en el Caso Balda. Granda dijo que es \u201cins\u00f3lito\u201d que un grupo de ciudadanos se junten para secuestrar a alguien, donde este\" \/>\n<meta property=\"og:url\" content=\"https:\/\/opcions.ec\/portal\/2018\/11\/09\/hay-un-plan-sistematico-de-los-correistas-para-hacerse-las-victimas\/\" \/>\n<meta property=\"og:site_name\" content=\"Opci&oacute;n S\" \/>\n<meta property=\"article:published_time\" content=\"2018-11-09T12:33:11+00:00\" \/>\n<meta property=\"article:modified_time\" content=\"2018-11-09T14:00:48+00:00\" \/>\n<meta property=\"og:image\" content=\"https:\/\/opcions.ec\/portal\/wp-content\/uploads\/2018\/11\/victor-granda.jpg\" \/>\n\t<meta property=\"og:image:width\" content=\"678\" \/>\n\t<meta property=\"og:image:height\" content=\"380\" \/>\n<meta name=\"twitter:card\" content=\"summary_large_image\" \/>\n<script type=\"application\/ld+json\" class=\"yoast-schema-graph\">{\"@context\":\"https:\/\/schema.org\",\"@graph\":[{\"@type\":\"WebSite\",\"@id\":\"https:\/\/opcions.ec\/portal\/#website\",\"url\":\"https:\/\/opcions.ec\/portal\/\",\"name\":\"Opci&oacute;n S\",\"description\":\"\",\"potentialAction\":[{\"@type\":\"SearchAction\",\"target\":\"https:\/\/opcions.ec\/portal\/?s={search_term_string}\",\"query-input\":\"required name=search_term_string\"}],\"inLanguage\":\"es\"},{\"@type\":\"ImageObject\",\"@id\":\"https:\/\/opcions.ec\/portal\/2018\/11\/09\/hay-un-plan-sistematico-de-los-correistas-para-hacerse-las-victimas\/#primaryimage\",\"inLanguage\":\"es\",\"url\":\"https:\/\/opcions.ec\/portal\/wp-content\/uploads\/2018\/11\/victor-granda.jpg\",\"width\":678,\"height\":380,\"caption\":\"FOTO: Radio Pichincha Universal \/ CF\"},{\"@type\":\"WebPage\",\"@id\":\"https:\/\/opcions.ec\/portal\/2018\/11\/09\/hay-un-plan-sistematico-de-los-correistas-para-hacerse-las-victimas\/#webpage\",\"url\":\"https:\/\/opcions.ec\/portal\/2018\/11\/09\/hay-un-plan-sistematico-de-los-correistas-para-hacerse-las-victimas\/\",\"name\":\"\\\"Hay un plan sistem\\u00e1tico de los corre\\u00edstas para hacerse las v\\u00edctimas\\\" - Opci&oacute;n S\",\"isPartOf\":{\"@id\":\"https:\/\/opcions.ec\/portal\/#website\"},\"primaryImageOfPage\":{\"@id\":\"https:\/\/opcions.ec\/portal\/2018\/11\/09\/hay-un-plan-sistematico-de-los-correistas-para-hacerse-las-victimas\/#primaryimage\"},\"datePublished\":\"2018-11-09T12:33:11+00:00\",\"dateModified\":\"2018-11-09T14:00:48+00:00\",\"author\":{\"@id\":\"https:\/\/opcions.ec\/portal\/#\/schema\/person\/bef0776a07b5913093e10f04f6db4814\"},\"breadcrumb\":{\"@id\":\"https:\/\/opcions.ec\/portal\/2018\/11\/09\/hay-un-plan-sistematico-de-los-correistas-para-hacerse-las-victimas\/#breadcrumb\"},\"inLanguage\":\"es\",\"potentialAction\":[{\"@type\":\"ReadAction\",\"target\":[\"https:\/\/opcions.ec\/portal\/2018\/11\/09\/hay-un-plan-sistematico-de-los-correistas-para-hacerse-las-victimas\/\"]}]},{\"@type\":\"BreadcrumbList\",\"@id\":\"https:\/\/opcions.ec\/portal\/2018\/11\/09\/hay-un-plan-sistematico-de-los-correistas-para-hacerse-las-victimas\/#breadcrumb\",\"itemListElement\":[{\"@type\":\"ListItem\",\"position\":1,\"item\":{\"@type\":\"WebPage\",\"@id\":\"https:\/\/opcions.ec\/portal\/\",\"url\":\"https:\/\/opcions.ec\/portal\/\",\"name\":\"Portada\"}},{\"@type\":\"ListItem\",\"position\":2,\"item\":{\"@type\":\"WebPage\",\"@id\":\"https:\/\/opcions.ec\/portal\/2018\/11\/09\/hay-un-plan-sistematico-de-los-correistas-para-hacerse-las-victimas\/\",\"url\":\"https:\/\/opcions.ec\/portal\/2018\/11\/09\/hay-un-plan-sistematico-de-los-correistas-para-hacerse-las-victimas\/\",\"name\":\"\\u00abHay un plan sistem\\u00e1tico de los corre\\u00edstas para hacerse las v\\u00edctimas\\u00bb\"}}]},{\"@type\":[\"Person\"],\"@id\":\"https:\/\/opcions.ec\/portal\/#\/schema\/person\/bef0776a07b5913093e10f04f6db4814\",\"name\":\"Opci\\u00f3n S\",\"image\":{\"@type\":\"ImageObject\",\"@id\":\"https:\/\/opcions.ec\/portal\/#personlogo\",\"inLanguage\":\"es\",\"url\":\"https:\/\/secure.gravatar.com\/avatar\/5533594912fe46df7193ef652e3f5069?s=96&d=mm&r=g\",\"caption\":\"Opci\\u00f3n S\"}}]}<\/script>\n<!-- \/ Yoast SEO plugin. -->","_links":{"self":[{"href":"https:\/\/opcions.ec\/portal\/wp-json\/wp\/v2\/posts\/2823"}],"collection":[{"href":"https:\/\/opcions.ec\/portal\/wp-json\/wp\/v2\/posts"}],"about":[{"href":"https:\/\/opcions.ec\/portal\/wp-json\/wp\/v2\/types\/post"}],"author":[{"embeddable":true,"href":"https:\/\/opcions.ec\/portal\/wp-json\/wp\/v2\/users\/8"}],"replies":[{"embeddable":true,"href":"https:\/\/opcions.ec\/portal\/wp-json\/wp\/v2\/comments?post=2823"}],"version-history":[{"count":7,"href":"https:\/\/opcions.ec\/portal\/wp-json\/wp\/v2\/posts\/2823\/revisions"}],"predecessor-version":[{"id":2832,"href":"https:\/\/opcions.ec\/portal\/wp-json\/wp\/v2\/posts\/2823\/revisions\/2832"}],"wp:featuredmedia":[{"embeddable":true,"href":"https:\/\/opcions.ec\/portal\/wp-json\/wp\/v2\/media\/2824"}],"wp:attachment":[{"href":"https:\/\/opcions.ec\/portal\/wp-json\/wp\/v2\/media?parent=2823"}],"wp:term":[{"taxonomy":"category","embeddable":true,"href":"https:\/\/opcions.ec\/portal\/wp-json\/wp\/v2\/categories?post=2823"},{"taxonomy":"post_tag","embeddable":true,"href":"https:\/\/opcions.ec\/portal\/wp-json\/wp\/v2\/tags?post=2823"}],"curies":[{"name":"wp","href":"https:\/\/api.w.org\/{rel}","templated":true}]}}