{"id":2637,"date":"2018-10-08T18:23:04","date_gmt":"2018-10-08T18:23:04","guid":{"rendered":"https:\/\/opcions.ec\/portal\/?p=2637"},"modified":"2018-10-08T19:31:32","modified_gmt":"2018-10-08T19:31:32","slug":"8-de-octubre-dia-del-guerrillero-heroico","status":"publish","type":"post","link":"https:\/\/opcions.ec\/portal\/2018\/10\/08\/8-de-octubre-dia-del-guerrillero-heroico\/","title":{"rendered":"8 de octubre: D\u00eda del Guerrillero Heroico"},"content":{"rendered":"<p style=\"text-align: right;\">Jos\u00e9 Molina Reyes<\/p>\n<blockquote>\n<p style=\"text-align: justify;\">\u201cNosotros, socialistas, somos m\u00e1s libres porque somos m\u00e1s plenos;\u00a0 somos m\u00e1s plenos por ser m\u00e1s libres\u201d. Ernesto \u201cChe\u201d Guevara, <em>El socialismo y el hombre en Cuba<\/em>, 1965<\/p>\n<\/blockquote>\n<p style=\"text-align: justify;\">En 1967, tras dos a\u00f1os de combate en el Congo y en Bolivia, Ernesto Guevara De la Serna, el Che, fue capturado por el ej\u00e9rcito boliviano y, posteriormente, ejecutado clandestinamente por \u00f3rdenes de la CIA.<\/p>\n<p style=\"text-align: justify;\">Nacido en 1928, en una familia de clase acomodada de Rosario, Argentina, Guevara se inclin\u00f3 desde joven por la medicina, como veh\u00edculo para ayudar a las personas m\u00e1s necesitadas. Incansable lector, sus estudios de textos de Marx, Engels, Trotsky, Luk\u00e1cs, entre otros, <strong>lo llevaron a la convicci\u00f3n de que era necesaria la transformaci\u00f3n de la sociedad por la v\u00eda revolucionaria,<\/strong> idea que se reforz\u00f3 con su gira en motocicleta por el continente en la que pudo conocer de cerca la realidad latinoamericana y la gran inequidad existente en nuestras sociedades.<\/p>\n<p style=\"text-align: justify;\">En 1955, en un viaje a M\u00e9xico, conoci\u00f3 a Fidel Castro, surgiendo una amistad que lo llev\u00f3 a reclutarse como m\u00e9dico de la expedici\u00f3n para derrocar al dictador Batista. Tras el triunfo de la Revoluci\u00f3n Cubana a inicios de 1959, Guevara se hizo cargo del Ministerio de Industria y de la presidencia del Banco Nacional. Tambi\u00e9n represent\u00f3 a Cuba en varias misiones diplom\u00e1ticas.<\/p>\n<p style=\"text-align: justify;\">Duro cr\u00edtico del imperialismo norteamericano, aprovech\u00f3 su participaci\u00f3n en la Asamblea General de la ONU de diciembre de 1964, para exponer su idea, postulada tambi\u00e9n por la Uni\u00f3n Sovi\u00e9tica, sobre la posibilidad de coexistir pac\u00edficamente entre diferentes sistemas econ\u00f3micos y sociales, aunque para \u00e9l <strong>\u201cla coexistencia pac\u00edfica entre naciones no engloba la coexistencia entre explotadores y explotados, entre opresores y oprimidos.\u201d<\/strong> En dicha Asamblea el Che Guevara aprovech\u00f3 para denunciar la opresi\u00f3n colonial en pa\u00edses como Angola, Mozambique, as\u00ed como las agresiones imperialistas a Camboya, Vietnam, Panam\u00e1, y el asesinato a Patricio Lumumba.<\/p>\n<p style=\"text-align: justify;\"><strong>Convencido de la necesidad de internacionalizar la revoluci\u00f3n, el Che decidi\u00f3 dejar en 1964 el gobierno cubano para promover las guerras de liberaci\u00f3n en otros pa\u00edses<\/strong>, primero en el Congo y posteriormente en Bolivia, pa\u00eds en el que vemos a un Guevara cada vez m\u00e1s distante de los postulados sovi\u00e9ticos e inmerso en un pensamiento radicalmente antiimperialista y de guerra abierta contra los Estados Unidos. El 8 de octubre de 1967, cae prisionero del ej\u00e9rcito boliviano y al d\u00eda siguiente es ejecutado, aunque la versi\u00f3n oficial del gobierno boliviano ser\u00eda en aqu\u00e9l momento que el Che cay\u00f3 abatido en combate.<\/p>\n<p style=\"text-align: justify;\">Para el Che Guevara, <strong>el revolucionario deb\u00eda estar guiado por fuertes sentimientos de amor hacia los pueblos, de humanidad, de sentido de la justicia. Su bandera de lucha era el internacionalismo proletario.<\/strong> Fue tambi\u00e9n un duro cr\u00edtico del dogmatismo, al que consideraba un peligro para el proyecto pol\u00edtico revolucionario. Guevara fue un ejemplo de entrega a la causa revolucionaria, de renuncia y de sacrificio.<\/p>\n<blockquote>\n<p style=\"text-align: justify;\">Como socialistas y revolucionarios rendimos tributo a este hombre que, lejos de ser perfecto, tuvo muchas contradicciones que no merman su estatura \u00e9tica. En tiempos en los que la pr\u00e1ctica pol\u00edtica est\u00e1 cada vez m\u00e1s contaminada por los intereses personales y la corrupci\u00f3n, el Che es sin lugar a dudas un referente moral para la izquierda latinoamericana.<\/p>\n<\/blockquote>\n","protected":false},"excerpt":{"rendered":"<p>Jos\u00e9 Molina Reyes \u201cNosotros, socialistas, somos m\u00e1s libres porque somos m\u00e1s plenos;\u00a0 somos m\u00e1s plenos por ser m\u00e1s libres\u201d. Ernesto \u201cChe\u201d Guevara, El socialismo y el hombre en Cuba, 1965 En 1967, tras dos a\u00f1os de combate en el Congo y en Bolivia, Ernesto Guevara De la Serna, el Che,<\/p>\n","protected":false},"author":11,"featured_media":2638,"comment_status":"open","ping_status":"open","sticky":false,"template":"","format":"standard","meta":[],"categories":[15],"tags":[],"yoast_head":"<!-- This site is optimized with the Yoast SEO plugin v14.3 - https:\/\/yoast.com\/wordpress\/plugins\/seo\/ -->\n<title>8 de octubre: D\u00eda del Guerrillero Heroico - Opci&oacute;n S<\/title>\n<meta name=\"robots\" content=\"index, follow\" \/>\n<meta name=\"googlebot\" content=\"index, follow, max-snippet:-1, max-image-preview:large, max-video-preview:-1\" \/>\n<meta name=\"bingbot\" content=\"index, follow, max-snippet:-1, max-image-preview:large, max-video-preview:-1\" \/>\n<link rel=\"canonical\" href=\"https:\/\/opcions.ec\/portal\/2018\/10\/08\/8-de-octubre-dia-del-guerrillero-heroico\/\" \/>\n<meta property=\"og:locale\" content=\"es_ES\" \/>\n<meta property=\"og:type\" content=\"article\" \/>\n<meta property=\"og:title\" content=\"8 de octubre: D\u00eda del Guerrillero Heroico - Opci&oacute;n S\" \/>\n<meta property=\"og:description\" content=\"Jos\u00e9 Molina Reyes \u201cNosotros, socialistas, somos m\u00e1s libres porque somos m\u00e1s plenos;\u00a0 somos m\u00e1s plenos por ser m\u00e1s libres\u201d. Ernesto \u201cChe\u201d Guevara, El socialismo y el hombre en Cuba, 1965 En 1967, tras dos a\u00f1os de combate en el Congo y en Bolivia, Ernesto Guevara De la Serna, el Che,\" \/>\n<meta property=\"og:url\" content=\"https:\/\/opcions.ec\/portal\/2018\/10\/08\/8-de-octubre-dia-del-guerrillero-heroico\/\" \/>\n<meta property=\"og:site_name\" content=\"Opci&oacute;n S\" \/>\n<meta property=\"article:published_time\" content=\"2018-10-08T18:23:04+00:00\" \/>\n<meta property=\"article:modified_time\" content=\"2018-10-08T19:31:32+00:00\" \/>\n<meta property=\"og:image\" content=\"https:\/\/opcions.ec\/portal\/wp-content\/uploads\/2018\/10\/che.jpg\" \/>\n\t<meta property=\"og:image:width\" content=\"820\" \/>\n\t<meta property=\"og:image:height\" content=\"500\" \/>\n<meta name=\"twitter:card\" content=\"summary_large_image\" \/>\n<script type=\"application\/ld+json\" class=\"yoast-schema-graph\">{\"@context\":\"https:\/\/schema.org\",\"@graph\":[{\"@type\":\"WebSite\",\"@id\":\"https:\/\/opcions.ec\/portal\/#website\",\"url\":\"https:\/\/opcions.ec\/portal\/\",\"name\":\"Opci&oacute;n S\",\"description\":\"\",\"potentialAction\":[{\"@type\":\"SearchAction\",\"target\":\"https:\/\/opcions.ec\/portal\/?s={search_term_string}\",\"query-input\":\"required name=search_term_string\"}],\"inLanguage\":\"es\"},{\"@type\":\"ImageObject\",\"@id\":\"https:\/\/opcions.ec\/portal\/2018\/10\/08\/8-de-octubre-dia-del-guerrillero-heroico\/#primaryimage\",\"inLanguage\":\"es\",\"url\":\"https:\/\/opcions.ec\/portal\/wp-content\/uploads\/2018\/10\/che.jpg\",\"width\":820,\"height\":500},{\"@type\":\"WebPage\",\"@id\":\"https:\/\/opcions.ec\/portal\/2018\/10\/08\/8-de-octubre-dia-del-guerrillero-heroico\/#webpage\",\"url\":\"https:\/\/opcions.ec\/portal\/2018\/10\/08\/8-de-octubre-dia-del-guerrillero-heroico\/\",\"name\":\"8 de octubre: D\\u00eda del Guerrillero Heroico - Opci&oacute;n S\",\"isPartOf\":{\"@id\":\"https:\/\/opcions.ec\/portal\/#website\"},\"primaryImageOfPage\":{\"@id\":\"https:\/\/opcions.ec\/portal\/2018\/10\/08\/8-de-octubre-dia-del-guerrillero-heroico\/#primaryimage\"},\"datePublished\":\"2018-10-08T18:23:04+00:00\",\"dateModified\":\"2018-10-08T19:31:32+00:00\",\"author\":{\"@id\":\"https:\/\/opcions.ec\/portal\/#\/schema\/person\/36b193604512a0d447bec612c69bf86c\"},\"breadcrumb\":{\"@id\":\"https:\/\/opcions.ec\/portal\/2018\/10\/08\/8-de-octubre-dia-del-guerrillero-heroico\/#breadcrumb\"},\"inLanguage\":\"es\",\"potentialAction\":[{\"@type\":\"ReadAction\",\"target\":[\"https:\/\/opcions.ec\/portal\/2018\/10\/08\/8-de-octubre-dia-del-guerrillero-heroico\/\"]}]},{\"@type\":\"BreadcrumbList\",\"@id\":\"https:\/\/opcions.ec\/portal\/2018\/10\/08\/8-de-octubre-dia-del-guerrillero-heroico\/#breadcrumb\",\"itemListElement\":[{\"@type\":\"ListItem\",\"position\":1,\"item\":{\"@type\":\"WebPage\",\"@id\":\"https:\/\/opcions.ec\/portal\/\",\"url\":\"https:\/\/opcions.ec\/portal\/\",\"name\":\"Portada\"}},{\"@type\":\"ListItem\",\"position\":2,\"item\":{\"@type\":\"WebPage\",\"@id\":\"https:\/\/opcions.ec\/portal\/2018\/10\/08\/8-de-octubre-dia-del-guerrillero-heroico\/\",\"url\":\"https:\/\/opcions.ec\/portal\/2018\/10\/08\/8-de-octubre-dia-del-guerrillero-heroico\/\",\"name\":\"8 de octubre: D\\u00eda del Guerrillero Heroico\"}}]},{\"@type\":[\"Person\"],\"@id\":\"https:\/\/opcions.ec\/portal\/#\/schema\/person\/36b193604512a0d447bec612c69bf86c\",\"name\":\"Jos\\u00e9 Molina Reyes\",\"image\":{\"@type\":\"ImageObject\",\"@id\":\"https:\/\/opcions.ec\/portal\/#personlogo\",\"inLanguage\":\"es\",\"url\":\"https:\/\/secure.gravatar.com\/avatar\/9373c0ab7611c8a853014b52b66187ae?s=96&d=mm&r=g\",\"caption\":\"Jos\\u00e9 Molina Reyes\"},\"description\":\"Jos\\u00e9 Molina Reyes fue Coordinador Editorial de Opci\\u00f3n S y Secretario Ejecutivo de Renovaci\\u00f3n Socialista. Ha trabajado para varias instituciones privadas y p\\u00fablicas en el \\u00e1rea editorial y en proyectos y consultor\\u00edas relacionados con pol\\u00edticas p\\u00fablicas, discapacidades, Derechos Humanos, entre otros. Fue articulista y miembro del equipo editorial de la revista Novedades Jur\\u00eddicas. En la actualidad se desempe\\u00f1a como t\\u00e9cnico de Promoci\\u00f3n de la Participaci\\u00f3n en el Consejo de Participaci\\u00f3n Ciudadana y Control Social (CPCCS) y como instructor en la Escuela de Formaci\\u00f3n Pol\\u00edtica de la CEOSL.\"}]}<\/script>\n<!-- \/ Yoast SEO plugin. -->","_links":{"self":[{"href":"https:\/\/opcions.ec\/portal\/wp-json\/wp\/v2\/posts\/2637"}],"collection":[{"href":"https:\/\/opcions.ec\/portal\/wp-json\/wp\/v2\/posts"}],"about":[{"href":"https:\/\/opcions.ec\/portal\/wp-json\/wp\/v2\/types\/post"}],"author":[{"embeddable":true,"href":"https:\/\/opcions.ec\/portal\/wp-json\/wp\/v2\/users\/11"}],"replies":[{"embeddable":true,"href":"https:\/\/opcions.ec\/portal\/wp-json\/wp\/v2\/comments?post=2637"}],"version-history":[{"count":8,"href":"https:\/\/opcions.ec\/portal\/wp-json\/wp\/v2\/posts\/2637\/revisions"}],"predecessor-version":[{"id":2646,"href":"https:\/\/opcions.ec\/portal\/wp-json\/wp\/v2\/posts\/2637\/revisions\/2646"}],"wp:featuredmedia":[{"embeddable":true,"href":"https:\/\/opcions.ec\/portal\/wp-json\/wp\/v2\/media\/2638"}],"wp:attachment":[{"href":"https:\/\/opcions.ec\/portal\/wp-json\/wp\/v2\/media?parent=2637"}],"wp:term":[{"taxonomy":"category","embeddable":true,"href":"https:\/\/opcions.ec\/portal\/wp-json\/wp\/v2\/categories?post=2637"},{"taxonomy":"post_tag","embeddable":true,"href":"https:\/\/opcions.ec\/portal\/wp-json\/wp\/v2\/tags?post=2637"}],"curies":[{"name":"wp","href":"https:\/\/api.w.org\/{rel}","templated":true}]}}