{"id":2627,"date":"2018-10-06T23:06:32","date_gmt":"2018-10-06T23:06:32","guid":{"rendered":"https:\/\/opcions.ec\/portal\/?p=2627"},"modified":"2018-10-14T01:14:02","modified_gmt":"2018-10-14T01:14:02","slug":"favores-politicos-al-correismo-y-acumulacion-de-medios-de-comunicacion","status":"publish","type":"post","link":"https:\/\/opcions.ec\/portal\/2018\/10\/06\/favores-politicos-al-correismo-y-acumulacion-de-medios-de-comunicacion\/","title":{"rendered":"Favores pol\u00edticos al correismo y acumulaci\u00f3n de medios de comunicaci\u00f3n"},"content":{"rendered":"<p style=\"text-align: justify;\">El Asamble\u00edsta por Alianza Pa\u00eds, Jorge Yunda, uno de los cercanos al correismo y \u201cmagnate\u201d de la comunicaci\u00f3n en Ecuador, vuelve a ser el centro de atenci\u00f3n; esta vez, por las resoluciones tomadas por la Agencia de Regulaci\u00f3n y Control de Telecomunicaciones (Arcotel), en las que termina la concesi\u00f3n de Canela TV, Canela Radio Corp. en Quito (106.5 FM), y sus repetidoras en Esmeraldas (99.5 FM), as\u00ed como la de Santo Domingo (106.5 FM).<\/p>\n<p style=\"text-align: justify;\">La decisi\u00f3n de la Arcotel est\u00e1 basada en el Art. 44 de la Ley Org\u00e1nica de Comunicaci\u00f3n, que proh\u00edbe expresamente enajenar, ceder, arrendar o gravarse por ning\u00fan medio las concesiones de frecuencias sin autorizaci\u00f3n.<\/p>\n<blockquote>\n<p style=\"text-align: justify;\">Sin duda el cierre de la concesi\u00f3n a estos medios, de los 50 que tiene bajo su mando, le resta terreno al imperio comunicacional y pol\u00edtico que acumul\u00f3 el ex cantante y m\u00e9dico, desde que fue una pieza importante de las campa\u00f1as comunicacionales de Correa en el 2006.<\/p>\n<\/blockquote>\n<p style=\"text-align: justify;\">A pesar de la gran actividad que muestra en sus cuentas de redes sociales, el \u201cLoro Homero\u201d, quien ahora es precandidato a la alcald\u00eda de Quito, no se ha pronunciado oficialmente sobre dicha resoluci\u00f3n; sin embargo previamente, asegur\u00f3 que los medios no le pertenecen pero est\u00e1n a nombre de sus familiares cercanos, y que solamente es due\u00f1o de la marca y generador de contenidos.<\/p>\n<p style=\"text-align: justify;\">Las acciones que est\u00e1 ejecutando la Arcotel, evidencian su clara intenci\u00f3n de desarmar el monopolio en los medios de comunicaci\u00f3n, que ha servido \u00fanicamente para incrementar sus cuentas bancarias y su influencia pol\u00edtica.<\/p>\n<p style=\"text-align: justify;\">Es importante recordar que la Contralor\u00eda General del Estado (CGE), tiene un rol protag\u00f3nico en este tema. El 28 de mayo de 2018, esta entidad confirm\u00f3 en la lectura de su informe, que el correismo permiti\u00f3 que grupos de empresarios, entre ellos el de Jorge Yunda, y el del perteneciente al mexicano \u00c1ngel \u201cFantasma\u201d Gonzales, se adue\u00f1en de cientos de frecuencias a trav\u00e9s de un concurso que pretend\u00eda, seg\u00fan rezaban los hombres de la \u201cd\u00e9cada ganada\u201d, una supuesta democratizaci\u00f3n de los medios.<\/p>\n<blockquote>\n<p style=\"text-align: justify;\">Considero que ya es hora de hacer una repartici\u00f3n equitativa de las frecuencias para que la opini\u00f3n p\u00fablica no sea conducida h\u00e1bilmente por quienes usan los medios para cumplir sus favores pol\u00edticos al correismo.<\/p>\n<\/blockquote>\n<p style=\"text-align: justify;\">Mientras tanto seguiremos a la espera de la resoluci\u00f3n definitiva de la Agencia de Regulaci\u00f3n y Control de Telecomunicaciones, toda vez que los \u00a0empresarios involucrados en estos posibles delitos, tienen 15 d\u00edas h\u00e1biles, desde el 3 de octubre, para contestar los cargos que pesan en su contra.<\/p>\n","protected":false},"excerpt":{"rendered":"<p>El Asamble\u00edsta por Alianza Pa\u00eds, Jorge Yunda, uno de los cercanos al correismo y \u201cmagnate\u201d de la comunicaci\u00f3n en Ecuador, vuelve a ser el centro de atenci\u00f3n; esta vez, por las resoluciones tomadas por la Agencia de Regulaci\u00f3n y Control de Telecomunicaciones (Arcotel), en las que termina la concesi\u00f3n de<\/p>\n","protected":false},"author":8,"featured_media":2628,"comment_status":"open","ping_status":"open","sticky":false,"template":"","format":"standard","meta":[],"categories":[15],"tags":[32,28,31,30,29,26,27],"yoast_head":"<!-- This site is optimized with the Yoast SEO plugin v14.3 - https:\/\/yoast.com\/wordpress\/plugins\/seo\/ -->\n<title>Favores pol\u00edticos al correismo y acumulaci\u00f3n de medios de comunicaci\u00f3n - Opci&oacute;n S<\/title>\n<meta name=\"robots\" content=\"index, follow\" \/>\n<meta name=\"googlebot\" content=\"index, follow, max-snippet:-1, max-image-preview:large, max-video-preview:-1\" \/>\n<meta name=\"bingbot\" content=\"index, follow, max-snippet:-1, max-image-preview:large, max-video-preview:-1\" \/>\n<link rel=\"canonical\" href=\"https:\/\/opcions.ec\/portal\/2018\/10\/06\/favores-politicos-al-correismo-y-acumulacion-de-medios-de-comunicacion\/\" \/>\n<meta property=\"og:locale\" content=\"es_ES\" \/>\n<meta property=\"og:type\" content=\"article\" \/>\n<meta property=\"og:title\" content=\"Favores pol\u00edticos al correismo y acumulaci\u00f3n de medios de comunicaci\u00f3n - Opci&oacute;n S\" \/>\n<meta property=\"og:description\" content=\"El Asamble\u00edsta por Alianza Pa\u00eds, Jorge Yunda, uno de los cercanos al correismo y \u201cmagnate\u201d de la comunicaci\u00f3n en Ecuador, vuelve a ser el centro de atenci\u00f3n; esta vez, por las resoluciones tomadas por la Agencia de Regulaci\u00f3n y Control de Telecomunicaciones (Arcotel), en las que termina la concesi\u00f3n de\" \/>\n<meta property=\"og:url\" content=\"https:\/\/opcions.ec\/portal\/2018\/10\/06\/favores-politicos-al-correismo-y-acumulacion-de-medios-de-comunicacion\/\" \/>\n<meta property=\"og:site_name\" content=\"Opci&oacute;n S\" \/>\n<meta property=\"article:published_time\" content=\"2018-10-06T23:06:32+00:00\" \/>\n<meta property=\"article:modified_time\" content=\"2018-10-14T01:14:02+00:00\" \/>\n<meta property=\"og:image\" content=\"https:\/\/opcions.ec\/portal\/wp-content\/uploads\/2018\/10\/583073f97ec1b.jpeg\" \/>\n\t<meta property=\"og:image:width\" content=\"612\" \/>\n\t<meta property=\"og:image:height\" content=\"340\" \/>\n<meta name=\"twitter:card\" content=\"summary_large_image\" \/>\n<script type=\"application\/ld+json\" class=\"yoast-schema-graph\">{\"@context\":\"https:\/\/schema.org\",\"@graph\":[{\"@type\":\"WebSite\",\"@id\":\"https:\/\/opcions.ec\/portal\/#website\",\"url\":\"https:\/\/opcions.ec\/portal\/\",\"name\":\"Opci&oacute;n S\",\"description\":\"\",\"potentialAction\":[{\"@type\":\"SearchAction\",\"target\":\"https:\/\/opcions.ec\/portal\/?s={search_term_string}\",\"query-input\":\"required name=search_term_string\"}],\"inLanguage\":\"es\"},{\"@type\":\"ImageObject\",\"@id\":\"https:\/\/opcions.ec\/portal\/2018\/10\/06\/favores-politicos-al-correismo-y-acumulacion-de-medios-de-comunicacion\/#primaryimage\",\"inLanguage\":\"es\",\"url\":\"https:\/\/opcions.ec\/portal\/wp-content\/uploads\/2018\/10\/583073f97ec1b.jpeg\",\"width\":612,\"height\":340},{\"@type\":\"WebPage\",\"@id\":\"https:\/\/opcions.ec\/portal\/2018\/10\/06\/favores-politicos-al-correismo-y-acumulacion-de-medios-de-comunicacion\/#webpage\",\"url\":\"https:\/\/opcions.ec\/portal\/2018\/10\/06\/favores-politicos-al-correismo-y-acumulacion-de-medios-de-comunicacion\/\",\"name\":\"Favores pol\\u00edticos al correismo y acumulaci\\u00f3n de medios de comunicaci\\u00f3n - Opci&oacute;n S\",\"isPartOf\":{\"@id\":\"https:\/\/opcions.ec\/portal\/#website\"},\"primaryImageOfPage\":{\"@id\":\"https:\/\/opcions.ec\/portal\/2018\/10\/06\/favores-politicos-al-correismo-y-acumulacion-de-medios-de-comunicacion\/#primaryimage\"},\"datePublished\":\"2018-10-06T23:06:32+00:00\",\"dateModified\":\"2018-10-14T01:14:02+00:00\",\"author\":{\"@id\":\"https:\/\/opcions.ec\/portal\/#\/schema\/person\/bef0776a07b5913093e10f04f6db4814\"},\"breadcrumb\":{\"@id\":\"https:\/\/opcions.ec\/portal\/2018\/10\/06\/favores-politicos-al-correismo-y-acumulacion-de-medios-de-comunicacion\/#breadcrumb\"},\"inLanguage\":\"es\",\"potentialAction\":[{\"@type\":\"ReadAction\",\"target\":[\"https:\/\/opcions.ec\/portal\/2018\/10\/06\/favores-politicos-al-correismo-y-acumulacion-de-medios-de-comunicacion\/\"]}]},{\"@type\":\"BreadcrumbList\",\"@id\":\"https:\/\/opcions.ec\/portal\/2018\/10\/06\/favores-politicos-al-correismo-y-acumulacion-de-medios-de-comunicacion\/#breadcrumb\",\"itemListElement\":[{\"@type\":\"ListItem\",\"position\":1,\"item\":{\"@type\":\"WebPage\",\"@id\":\"https:\/\/opcions.ec\/portal\/\",\"url\":\"https:\/\/opcions.ec\/portal\/\",\"name\":\"Portada\"}},{\"@type\":\"ListItem\",\"position\":2,\"item\":{\"@type\":\"WebPage\",\"@id\":\"https:\/\/opcions.ec\/portal\/2018\/10\/06\/favores-politicos-al-correismo-y-acumulacion-de-medios-de-comunicacion\/\",\"url\":\"https:\/\/opcions.ec\/portal\/2018\/10\/06\/favores-politicos-al-correismo-y-acumulacion-de-medios-de-comunicacion\/\",\"name\":\"Favores pol\\u00edticos al correismo y acumulaci\\u00f3n de medios de comunicaci\\u00f3n\"}}]},{\"@type\":[\"Person\"],\"@id\":\"https:\/\/opcions.ec\/portal\/#\/schema\/person\/bef0776a07b5913093e10f04f6db4814\",\"name\":\"Opci\\u00f3n S\",\"image\":{\"@type\":\"ImageObject\",\"@id\":\"https:\/\/opcions.ec\/portal\/#personlogo\",\"inLanguage\":\"es\",\"url\":\"https:\/\/secure.gravatar.com\/avatar\/5533594912fe46df7193ef652e3f5069?s=96&d=mm&r=g\",\"caption\":\"Opci\\u00f3n S\"}}]}<\/script>\n<!-- \/ Yoast SEO plugin. -->","_links":{"self":[{"href":"https:\/\/opcions.ec\/portal\/wp-json\/wp\/v2\/posts\/2627"}],"collection":[{"href":"https:\/\/opcions.ec\/portal\/wp-json\/wp\/v2\/posts"}],"about":[{"href":"https:\/\/opcions.ec\/portal\/wp-json\/wp\/v2\/types\/post"}],"author":[{"embeddable":true,"href":"https:\/\/opcions.ec\/portal\/wp-json\/wp\/v2\/users\/8"}],"replies":[{"embeddable":true,"href":"https:\/\/opcions.ec\/portal\/wp-json\/wp\/v2\/comments?post=2627"}],"version-history":[{"count":5,"href":"https:\/\/opcions.ec\/portal\/wp-json\/wp\/v2\/posts\/2627\/revisions"}],"predecessor-version":[{"id":2635,"href":"https:\/\/opcions.ec\/portal\/wp-json\/wp\/v2\/posts\/2627\/revisions\/2635"}],"wp:featuredmedia":[{"embeddable":true,"href":"https:\/\/opcions.ec\/portal\/wp-json\/wp\/v2\/media\/2628"}],"wp:attachment":[{"href":"https:\/\/opcions.ec\/portal\/wp-json\/wp\/v2\/media?parent=2627"}],"wp:term":[{"taxonomy":"category","embeddable":true,"href":"https:\/\/opcions.ec\/portal\/wp-json\/wp\/v2\/categories?post=2627"},{"taxonomy":"post_tag","embeddable":true,"href":"https:\/\/opcions.ec\/portal\/wp-json\/wp\/v2\/tags?post=2627"}],"curies":[{"name":"wp","href":"https:\/\/api.w.org\/{rel}","templated":true}]}}